{"id":204838,"date":"2025-06-26T03:46:27","date_gmt":"2025-06-26T03:46:27","guid":{"rendered":"https:\/\/www.europesays.com\/fr\/204838\/"},"modified":"2025-06-26T03:46:27","modified_gmt":"2025-06-26T03:46:27","slug":"600-metres-de-cables-voles-pagaille-sur-les-rails-a-lille-journal-de-20-heures","status":"publish","type":"post","link":"https:\/\/www.europesays.com\/fr\/204838\/","title":{"rendered":"600 m\u00e8tres de c\u00e2bles vol\u00e9s : pagaille sur les rails \u00e0 Lille &#8211; Journal de 20 heures"},"content":{"rendered":"<p id=\"descriptionPanel\" aria-labelledby=\"descriptionArrow\" aria-expanded=\"false\" class=\"mr-2 line-clamp-2 pr-2.5 text-secondary overflow-visible\">La circulation des trains, au d\u00e9part et \u00e0 l&rsquo;arriv\u00e9e des gares de Lille, a \u00e9t\u00e9 tr\u00e8s perturb\u00e9e une grande partie de la journ\u00e9e apr\u00e8s le vol de 600 m\u00e8tres de c\u00e2bles qui contenaient du cuivre. Aucune image de vid\u00e9osurveillance n&rsquo;a pu filmer le vol. Impossible pour la SNCF d&rsquo;installer des cam\u00e9ras le long des 28 000 kilom\u00e8tres du r\u00e9seau ferr\u00e9. Le vol de cuivre en bande organis\u00e9e est passible de quinze ans de r\u00e9clusion criminelle et 150 000 euros d&rsquo;amende. <\/p>\n<p>TF1 | Reportage Z. AJILI, C. YZERMAN<\/p>\n<p><a class=\"shrink-0\" href=\"https:\/\/www.tf1.fr\/tf1\/jt-20h\" target=\"_blank\" rel=\"noopener\"><img decoding=\"async\" src=\"https:\/\/www.europesays.com\/fr\/wp-content\/uploads\/2025\/04\/program-card-portrait-1-jt20h-btcb-f6f521-4e55c9-0@1x.jpg\" width=\"138\" height=\"184\" alt=\"\" loading=\"eager\" fetchpriority=\"auto\" class=\"aspect-[3\/4] h-24 w-auto rounded-3px\" aria-hidden=\"true\"\/><\/a><\/p>\n","protected":false},"excerpt":{"rendered":"La circulation des trains, au d\u00e9part et \u00e0 l&rsquo;arriv\u00e9e des gares de Lille, a \u00e9t\u00e9 tr\u00e8s perturb\u00e9e une&hellip;\n","protected":false},"author":2,"featured_media":204839,"comment_status":"","ping_status":"","sticky":false,"template":"","format":"standard","meta":{"footnotes":""},"categories":[2815],"tags":[1111,11,1777,674,3483,3697,1011,27,811,3699,3698,1307,12,25,3701,3702,3700],"class_list":{"0":"post-204838","1":"post","2":"type-post","3":"status-publish","4":"format-standard","5":"has-post-thumbnail","7":"category-lille","8":"tag-actu","9":"tag-actualites","10":"tag-eu","11":"tag-europe","12":"tag-extrait","13":"tag-extrait-journal-de-20-heures","14":"tag-fr","15":"tag-france","16":"tag-hauts-de-france","17":"tag-journal-de-20-heures","18":"tag-journal-de-20-heures-extrait","19":"tag-lille","20":"tag-news","21":"tag-republique-francaise","22":"tag-streaming-journal-de-20-heures","23":"tag-video-en-streaming-journal-de-20-heures","24":"tag-video-journal-de-20-heures"},"share_on_mastodon":{"url":"https:\/\/pubeurope.com\/@fr\/114747617064069506","error":""},"_links":{"self":[{"href":"https:\/\/www.europesays.com\/fr\/wp-json\/wp\/v2\/posts\/204838","targetHints":{"allow":["GET"]}}],"collection":[{"href":"https:\/\/www.europesays.com\/fr\/wp-json\/wp\/v2\/posts"}],"about":[{"href":"https:\/\/www.europesays.com\/fr\/wp-json\/wp\/v2\/types\/post"}],"author":[{"embeddable":true,"href":"https:\/\/www.europesays.com\/fr\/wp-json\/wp\/v2\/users\/2"}],"replies":[{"embeddable":true,"href":"https:\/\/www.europesays.com\/fr\/wp-json\/wp\/v2\/comments?post=204838"}],"version-history":[{"count":0,"href":"https:\/\/www.europesays.com\/fr\/wp-json\/wp\/v2\/posts\/204838\/revisions"}],"wp:featuredmedia":[{"embeddable":true,"href":"https:\/\/www.europesays.com\/fr\/wp-json\/wp\/v2\/media\/204839"}],"wp:attachment":[{"href":"https:\/\/www.europesays.com\/fr\/wp-json\/wp\/v2\/media?parent=204838"}],"wp:term":[{"taxonomy":"category","embeddable":true,"href":"https:\/\/www.europesays.com\/fr\/wp-json\/wp\/v2\/categories?post=204838"},{"taxonomy":"post_tag","embeddable":true,"href":"https:\/\/www.europesays.com\/fr\/wp-json\/wp\/v2\/tags?post=204838"}],"curies":[{"name":"wp","href":"https:\/\/api.w.org\/{rel}","templated":true}]}}