{"id":204845,"date":"2025-06-26T03:50:20","date_gmt":"2025-06-26T03:50:20","guid":{"rendered":"https:\/\/www.europesays.com\/fr\/204845\/"},"modified":"2025-06-26T03:50:20","modified_gmt":"2025-06-26T03:50:20","slug":"a-lyon-le-bilan-en-demi-teinte-des-ecologistes-sur-la-vegetalisation","status":"publish","type":"post","link":"https:\/\/www.europesays.com\/fr\/204845\/","title":{"rendered":"\u00e0 Lyon, le bilan en demi-teinte des \u00e9cologistes sur la v\u00e9g\u00e9talisation"},"content":{"rendered":"<p>            Par<br \/>\n        <strong><br \/>\n            <a href=\"https:\/\/actu.fr\/auteur\/nicolas-zaugra\" title=\"Consulter tous les articles de Nicolas Zaugra\" target=\"_blank\" rel=\"noopener\">Nicolas Zaugra<\/a><br \/>\n        <\/strong><\/p>\n<p>        Publi\u00e9 le<\/p>\n<p>            25 juin 2025 \u00e0 16h16<br \/>\n        ; mis \u00e0 jour le 25 juin 2025 \u00e0 16h20    <\/p>\n<p>En juillet 2020, \u00e0 peine \u00e9lu, le maire \u00e9cologiste de Lyon <a href=\"https:\/\/actu.fr\/auvergne-rhone-alpes\/lyon_69123\/lyon-gregory-doucet-defend-la-nouvelle-ztl-elle-est-tres-bonne-pour-le-commerce_62807217.html\" target=\"_blank\" rel=\"noopener\">Gr\u00e9gory Doucet<\/a> qui a remplac\u00e9 <a href=\"https:\/\/actu.fr\/auvergne-rhone-alpes\/lyon_69123\/lyon-cette-place-de-la-part-dieu-renommee-en-hommage-a-gerard-collomb_62804755.html\" target=\"_blank\" rel=\"noopener\">G\u00e9rard Collomb<\/a>, baron local ind\u00e9tr\u00f4nable, acte \u00ab\u00a0l\u2019\u00e9tat d\u2019urgence climatique\u00a0\u00bb dans la troisi\u00e8me ville de France. \u00c0 partir de ce constat alarmant, la politique municipale doit suivre une boussole prioritaire : adapter la capitale des Gaules, peu conforme aux attentes du 21\u00e8me si\u00e8cle.<br \/>Parmi les sujets phares qui ont motiv\u00e9 les Lyonnais \u00e0 sauter dans l\u2019aventure \u00e9cologiste : la <strong>promesse de verdir la ville<\/strong> de 520 000 habitants, plus dense (10 879 hab.\/km2) que New-York, Londres ou Madrid et r\u00e9volutionner l\u2019am\u00e9nagement urbain. Lyon compte alors trop de quartiers d\u00e9pourvus d\u2019arbres et d\u2019espaces verts.<\/p>\n<p>\ud83d\uddf3 \u00c9lections municipales 2026 : un dossier sp\u00e9cial des r\u00e9dactions d&rsquo;actu.fr<\/p>\n<p>Cet article fait partie du quatri\u00e8me \u00e9pisode de notre dossier sp\u00e9cial consacr\u00e9 aux maires de France qui font bouger les lignes, \u00e0 l&rsquo;occasion des \u00e9lections municipales de mars 2026.<\/p>\n<p>Dans ce dossier, \u00ab\u00a0\u00c9cologie locale : le chantier de l&rsquo;impossible ?\u00a0\u00bb, les r\u00e9dactions d&rsquo;actu.fr explorent les initiatives port\u00e9es par les \u00e9lus municipaux pour contribuer, \u00e0 leur \u00e9chelle, \u00e0 la transition \u00e9cologique. <\/p>\n<p>\u00c0 noter, les questions li\u00e9es \u00e0 l&rsquo;alimentation et aux transports seront davantage d\u00e9velopp\u00e9es dans de prochains \u00e9pisodes. <\/p>\n<p>\ud83d\udd0e <b><a href=\"https:\/\/actu.fr\/dossier\/ecologie-locale-le-chantier-de-l-impossible_62780590.html\" target=\"_blank\" rel=\"noopener\">D\u00e9couvrez ici tous les articles de cet \u00e9pisode<\/a><\/b><br \/>\ud83d\udd0e <b><a href=\"https:\/\/actu.fr\/dossier\/municipales-2026-maires-en-action_62354945.html\" target=\"_blank\" rel=\"noopener\">Ainsi que tous les \u00e9pisodes de notre s\u00e9rie \u00ab\u00a0Ces maires en action\u00a0\u00bb<\/a><\/b><\/p>\n<p>\u00ab\u00a0On ne v\u00e9g\u00e9talise pas uniquement pour faire beau\u00a0\u00bb<\/p>\n<p class=\" wall-content\">Cinq ans apr\u00e8s leur arriv\u00e9e au pouvoir, \u00e0 la t\u00eate de la Ville et de la M\u00e9tropole (ce qui facilite l\u2019avanc\u00e9e de nombreux grands projets), les \u00e9lus \u00e9cologistes se targuent d\u2019un bilan positif.<\/p>\n<p class=\" wall-content\">\u00ab\u00a0Notre action de v\u00e9g\u00e9taliser prend d\u00e9sormais en compte les enjeux de sant\u00e9, on ne le fait pas uniquement pour des raisons esth\u00e9tiques ou juste pour rafraichir, comme c\u2019\u00e9tait le cas avant\u00a0\u00bb, affirme Gautier Chapuis, adjoint au maire \u00e9cologiste de <a href=\"https:\/\/actu.fr\/auvergne-rhone-alpes\/lyon_69123\" target=\"_blank\" rel=\"noopener\">Lyon<\/a>, d\u00e9l\u00e9gu\u00e9 \u00e0 la V\u00e9g\u00e9talisation.<\/p>\n<blockquote class=\"ac-article-quote wall-content\">\n<p>Nous avons beaucoup de comp\u00e9tences \u00e0 la Ville sur l&rsquo;horticulture, c&rsquo;est historique. On a chang\u00e9 de dimension en termes de quantit\u00e9 et de qualit\u00e9 de v\u00e9g\u00e9talisation. Nous ne faisons pas que du beau, on r\u00e9fl\u00e9chit \u00e0 l&rsquo;utilit\u00e9 pour la sant\u00e9. Cette vision globale a chang\u00e9 par rapport aux mandats de G\u00e9rard Collomb. <\/p>\n<p>    <strong>Gautier Chapuis, adjoint au maire \u00e9cologiste de Lyon, d\u00e9l\u00e9gu\u00e9 \u00e0 la V\u00e9g\u00e9talisation<\/strong>\n            <\/p><\/blockquote>\n<p>    <img decoding=\"async\" loading=\"lazy\" src=\"https:\/\/www.europesays.com\/fr\/wp-content\/uploads\/2025\/06\/gautier-chapuis-lyon-960x640.jpg\" alt=\"L'adjoint au maire en charge de la v\u00e9g\u00e9talisation Gautier Chapuis dans une rue pi\u00e9tonne v\u00e9g\u00e9talis\u00e9e durant le mandat.\" width=\"960\" height=\"640\"\/><br \/>\n    L\u2019adjoint au maire en charge de la v\u00e9g\u00e9talisation Gautier Chapuis dans une rue pi\u00e9tonne v\u00e9g\u00e9talis\u00e9e durant le mandat. (\u00a9Nicolas Zaugra\/ actu Lyon)\u00ab\u00a028 hectares gagn\u00e9s sur le bitume\u00a0\u00bb d\u2019ici 2026<\/p>\n<p class=\" wall-content\">L\u2019\u00e9lu rappelle que la v\u00e9g\u00e9talisation est \u00ab\u00a0le deuxi\u00e8me budget municipal\u00a0\u00bb, port\u00e9 de 140 millions d\u2019euros d\u2019investissement en 2020 \u00e0 plus de 150 millions aujourd\u2019hui.\u00a0<\/p>\n<p class=\" wall-content\">Gauthier Chapuis encha\u00eene les chiffres flatteurs : 14 hectares gagn\u00e9s sur le bitume depuis 2020 et <strong>28 ha d\u2019ici la fin du mandat en 2026<\/strong> gr\u00e2ce \u00e0 la livraison de certains chantiers. Soit quatre fois la superficie de la place Bellecour sur une ville de 4 800 hectares. \u00ab\u00a0Cela peut para\u00eetre peu, mais c\u2019est le parc Blandan et le parc de Gerland additionn\u00e9s en un seul mandat\u00a0\u00bb, se f\u00e9licite l\u2019\u00e9lu.<\/p>\n<p class=\" wall-content\">L\u2019objectif de 10 000 arbres suppl\u00e9mentaires plant\u00e9s dans la ville sera aussi atteint, jure-t-il. \u00ab\u00a0Nous sommes entre 7 000 et 7 500 arbres plant\u00e9s depuis 2020. Nous plantons deux fois plus qu\u2019au mandat pr\u00e9c\u00e9dent, entre 1 300 et 1 700 arbres par saison\u00a0\u00bb, selon lui.\u00a0<\/p>\n<p class=\" wall-content\">Les \u00e9cologistes ont surtout chang\u00e9 de dimension en <a href=\"https:\/\/actu.fr\/auvergne-rhone-alpes\/lyon_69123\/lyon-le-chantier-de-la-grande-foret-urbaine-de-part-dieu-lance-voici-ce-qui-est-prevu_62357933.html\" target=\"_blank\" rel=\"noopener\">v\u00e9g\u00e9talisant plus massivement le quartier de la Part-Dieu<\/a> autour de la gare, ainsi que celui de la Presqu\u2019\u00eele. Ces derniers ont aussi revu les dimensions du projet Confluence en renon\u00e7ant \u00e0 des immeubles au profit d\u2019une <a href=\"https:\/\/actu.fr\/auvergne-rhone-alpes\/lyon_69123\/lyon-un-changement-radical-annonce-a-confluence-les-nouvelles-images-devoilees_62466708.html\" target=\"_blank\" rel=\"noopener\">\u00ab\u00a0for\u00eat urbaine\u00a0\u00bb plus vaste de 4 500 arbres<\/a>.<\/p>\n<p>    <img decoding=\"async\" loading=\"lazy\" src=\"https:\/\/www.europesays.com\/fr\/wp-content\/uploads\/2025\/06\/lyon-bois-de-la-part-dieu-lyon-960x640.jpg\" alt=\"Pendant les travaux, la circulation pi\u00e9tons et cyclistes est d\u00e9vi\u00e9e le long du b\u00e2timent de France 3 entre le centre commercial et la gare Part-Dieu.\" width=\"960\" height=\"640\"\/><br \/>\n    Cet espace du quartier de la Part-Dieu va devenir une for\u00eat urbaine. Les \u00e9cologistes veulent que ce quartier d\u2019affaires tr\u00e8s min\u00e9ral soit plus v\u00e9g\u00e9tal. (\u00a9Nicolas Zaugra\/ actu Lyon)Des obstacles \u00e0 la cha\u00eene freinent des projets<\/p>\n<p class=\" wall-content\">Face \u00e0 l\u2019objectif de v\u00e9g\u00e9taliser plus massivement Lyon, les \u00e9cologistes ont aussi d\u00fb lever des obstacles et composer avec des difficult\u00e9s.<\/p>\n<p class=\" wall-content\">Dans le 6\u1d49 arrondissement, le plus riche de la ville et le moins v\u00e9g\u00e9talis\u00e9 en proportion depuis 2020, la mairie d\u2019arrondissement Les R\u00e9publicains a frein\u00e9 la suppression de places de parkings au profit d\u2019espaces verts.<\/p>\n<p class=\" wall-content\">Dans le <strong>quartier historique du Vieux-Lyon<\/strong>, c\u2019est seulement en 2026 que deux placettes seront v\u00e9g\u00e9talis\u00e9es, sans toucher \u00e0 la grande place devant la c\u00e9l\u00e8bre cath\u00e9drale Saint-Jean. Les contraintes patrimoniales et les critiques d\u2019associations doivent \u00eatre prises en compte.<\/p>\n<p class=\" wall-content\">Un projet de parc embl\u00e9matique promis par Gr\u00e9gory Doucet sur les hauteurs au niveau de l\u2019iconique <strong>basilique de Fourvi\u00e8re<\/strong> (5\u1d49) prend aussi du retard. Une premi\u00e8re phase sera livr\u00e9e apr\u00e8s 2026. La facture s\u2019est envol\u00e9e pour ce <a href=\"https:\/\/actu.fr\/auvergne-rhone-alpes\/lyon_69123\/photos-lyon-ce-projet-de-grand-parc-avec-vue-sur-la-ville-se-devoile-voici-les-details_62768192.html\" target=\"_blank\" rel=\"noopener\">\u00ab\u00a0parc des Balmes\u00a0\u00bb<\/a> passant de 4,3 millions d\u2019euros \u00e0 8,5 millions d\u2019euros.<\/p>\n<p class=\" wall-content\">\u00ab\u00a0L\u2019\u00e9cart s\u2019explique par la topographie, les acc\u00e8s restreints, les contraintes li\u00e9es \u00e0 la vuln\u00e9rabilit\u00e9 en balme, la pr\u00e9sence d\u2019une faune et d\u2019une flore \u00e0 pr\u00e9server\u2026 tout \u00e7a limite beaucoup et entra\u00eene des co\u00fbts\u00a0\u00bb, selon Nicolas Husson, conseiller municipal \u00e0 l\u2019origine du projet.<\/p>\n<p class=\" wall-content\">De quoi provoquer des critiques de Thomas Rudigoz, \u00e9lu d\u2019opposition Renaissance.<\/p>\n<blockquote class=\"ac-article-quote wall-content\">\n<p>C&rsquo;est le principal projet v\u00e9g\u00e9tal du mandat et le maire n&rsquo;est pas capable d&rsquo;en livrer une partie avant 2026. Je n&rsquo;en reviens pas, ce projet \u00e9tait d\u00e9j\u00e0 dans les promesses de G\u00e9rard Collomb.<\/p>\n<p>    <strong>Thomas Rudigoz<\/strong><br \/>\n        \u00e9lu d&rsquo;opposition Renaissance    <\/p><\/blockquote>\n<p>\u00ab\u00a0Ils sont beaucoup dans la procrastination\u00a0\u00bb<\/p>\n<p class=\" wall-content\">L\u2019ancien d\u00e9put\u00e9, qui veut soutenir <a href=\"https:\/\/actu.fr\/auvergne-rhone-alpes\/lyon_69123\/lyon-municipales-jean-michel-aulas-se-decidera-d-ici-la-fin-du-mois-nicolas-sarkozy-le-soutient_62800144.html\" target=\"_blank\" rel=\"noopener\">Jean-Michel Aulas<\/a> en 2026, est d\u2019ailleurs critique sur les ambitions de v\u00e9g\u00e9talisation des \u00e9cologistes.<\/p>\n<p class=\" wall-content\">\u00ab\u00a0Leur bilan sur ce sujet n\u2019est pas \u00e0 la hauteur. <strong>Ils sont beaucoup dans la procrastination.<\/strong> Ils auraient pu faire mieux\u00a0\u00bb, dit-il. \u00ab\u00a0Ils n\u2019ont pas fait tant que \u00e7a, ils se targuent de chiffres de plantations d\u2019arbres, mais finalement, c\u2019est surtout la M\u00e9tropole qui plante.\u00a0\u00bb<\/p>\n<p class=\" wall-content\">Seul l\u2019am\u00e9nagement de \u00ab\u00a0rues aux \u00e9coles\u00a0\u00bb et de cours v\u00e9g\u00e9talis\u00e9es trouve gr\u00e2ce aux yeux de l\u2019\u00e9lu d\u2019opposition. \u00ab\u00a0J\u2019y suis favorable et c\u2019est une bonne chose\u00a0\u00bb, assure l\u2019ancien maire du 5\u1d49.<\/p>\n<p class=\" wall-content\">La Ville revendique des cours v\u00e9g\u00e9tales r\u00e9alis\u00e9es dans 39 cr\u00e8ches et 40 \u00e9coles en cinq ans.<\/p>\n<p>    <img decoding=\"async\" loading=\"lazy\" src=\"https:\/\/www.europesays.com\/fr\/wp-content\/uploads\/2025\/06\/cour-decole-vegetalisee-lyon-960x640.jpg\" alt=\"Une cour d'\u00e9cole v\u00e9g\u00e9talis\u00e9e dans le 6e arrondissement de Lyon.\" width=\"960\" height=\"640\"\/><br \/>\n    Une cour d\u2019\u00e9cole v\u00e9g\u00e9talis\u00e9e dans le 6\u1d49 arrondissement de Lyon. (\u00a9Nicolas Zaugra\/ actu Lyon)<\/p>\n<p class=\" wall-content\">Mais l\u2019un des symboles d\u2019un bilan tr\u00e8s mitig\u00e9 selon lui est le dossier de la place <a href=\"https:\/\/actu.fr\/auvergne-rhone-alpes\/lyon_69123\/lyon-les-createurs-de-l-oeuvre-geante-de-bellecour-s-expliquent-et-repondent-aux-critiques_62790438.html\" target=\"_blank\" rel=\"noopener\">Bellecour<\/a>, l\u2019une des plus grandes places d\u2019Europe.\u00a0<\/p>\n<p>La place Bellecour, le rendez-vous manqu\u00e9 du mandat<\/p>\n<p class=\" wall-content\">La v\u00e9g\u00e9talisation de la place est un serpent de mer mandat apr\u00e8s mandat. G\u00e9rard Collomb a pu r\u00e9am\u00e9nager une partie avec la plantation de plus d\u2019arbres et la cr\u00e9ation de jardins, de fontaines et d\u2019une aire de jeux.<\/p>\n<p class=\" wall-content\">Fin 2022, Gr\u00e9gory Doucet annonce en fanfare : \u00ab\u00a0Vous en avez r\u00eav\u00e9 : <strong>la place Bellecour sera v\u00e9g\u00e9talis\u00e9e<\/strong> ! (\u2026).\u00a0\u00bb<\/p>\n<p class=\" wall-content\">Mais deux ans plus tard, c\u2019est la douche froide : une immense \u0153uvre \u00ab\u00a0transitoire\u00a0\u00bb m\u00ealant toiles g\u00e9antes pour faire de l\u2019ombre et brumisateurs est d\u00e9voil\u00e9e. Le maire de Lyon <a href=\"https:\/\/actu.fr\/auvergne-rhone-alpes\/lyon_69123\/lyon-place-bellecour-pourquoi-le-maire-gregory-doucet-decoit-les-attentes_61857321.html\" target=\"_blank\" rel=\"noopener\">d\u00e9\u00e7oit les attentes<\/a> et les critiques s\u2019accumulent. Elles se font de plus en plus intenses depuis l\u2019installation progressive de \u00ab\u00a0Tissage urbain\u00a0\u00bb au printemps 2025.\u00a0<\/p>\n<p>    <img decoding=\"async\" loading=\"lazy\" src=\"https:\/\/www.europesays.com\/fr\/wp-content\/uploads\/2025\/06\/bellecour-tissages-urbains-lyon-960x640.jpg\" alt=\"L'\u0153uvre de la place Bellecour est issue de la premi\u00e8re \u00e9dition du budget participatif de la Ville de Lyon.\" width=\"960\" height=\"640\"\/><br \/>\n    L\u2019\u0153uvre de la place Bellecour doit faire de l\u2019ombre. Le maire Gr\u00e9gory Doucet avait promis une v\u00e9g\u00e9talisation. (\u00a9Nicolas Zaugra \/ actu Lyon)<\/p>\n<p class=\" wall-content\">Gautier Chapuis entend la d\u00e9ception, mais explique que les contraintes sont trop nombreuses avec la pr\u00e9sence d\u2019un parking sous-terrain et du m\u00e9tro.\u00a0<\/p>\n<p class=\" wall-content\">Mais le mal est fait pour l\u2019opposition qui d\u00e9nonce une <strong>\u00ab arnaque \u00bb, un \u00ab mensonge \u00bb<\/strong>, une \u00ab\u00a0gabegie d\u2019argent public\u00a0\u00bb.<\/p>\n<p class=\" wall-content\">\u00ab\u00a0Le grand \u00e9chec du mandat, c\u2019est Bellecour\u00a0\u00bb, tape Thomas Rudigoz. \u00ab\u00a0Les Lyonnais attendaient de la v\u00e9g\u00e9talisation, il n\u2019y a pas eu un m2 d\u2019espace vert. C\u2019est compl\u00e8tement rat\u00e9.\u00a0\u00bb<\/p>\n<p class=\" wall-content\"><a href=\"https:\/\/actu.fr\/auvergne-rhone-alpes\/lyon_69123\/lyon-plainte-intimidations-pierre-oliver-denonce-les-methodes-des-equipes-aulas_62640869.html\" target=\"_blank\" rel=\"noopener\">Pierre Oliver<\/a>, maire LR du 2\u1d49 arrondissement et candidat aux municipales, estime que le maire a trahi les Lyonnais. \u00ab\u00a0C\u2019est un passage en force \u00e0 1,6 million d\u2019euros (\u2026). Cet argent part en fum\u00e9e.\u00a0\u00bb En cas d\u2019\u00e9lection, Jean-Michel Aulas sugg\u00e8re de se d\u00e9barrasser de l\u2019\u0153uvre rapidement. <a href=\"https:\/\/actu.fr\/auvergne-rhone-alpes\/lyon_69123\/lyon-tcl-ztl-stationnement-nathalie-perrin-gilbert-devoile-son-programme-pour-2026_62728476.html\" target=\"_blank\" rel=\"noopener\">Nathalie Perrin-Gilbert<\/a> (gauche), candidate en 2026, estime aussi que le projet \u00ab\u00a0n\u2019est pas \u00e0 la hauteur\u00a0\u00bb et que ce budget pour une \u0153uvre provisoire est un probl\u00e8me.<\/p>\n<p>L\u2019entretien des espaces verts point\u00e9 du doigt<\/p>\n<p class=\" wall-content\">Dernier revers de la m\u00e9daille d\u2019une v\u00e9g\u00e9talisation plus massive : <strong>l\u2019entretien des espaces verts<\/strong>.<\/p>\n<p class=\" wall-content\">Le c\u00f4t\u00e9 \u00ab\u00a0anarchique\u00a0\u00bb, le manque de taille, les d\u00e9chets qui s\u2019accumulent sont point\u00e9s du doigt par des habitants. Lors de sa tourn\u00e9e de fin de mandat des neuf arrondissements de ce printemps, le maire Gr\u00e9gory Doucet s\u2019est heurt\u00e9 \u00e0 de nombreuses remarques.<\/p>\n<p class=\" wall-content\">Suivez toute l\u2019actualit\u00e9 de vos villes et m\u00e9dias favoris en vous inscrivant \u00e0 <a href=\"https:\/\/moncompte.actu.fr\" title=\"D\u00e9couvez Mon Actu\" rel=\"nofollow noopener\" data-trk=\"{&quot;cta&quot;:{&quot;action&quot;:&quot;https:\\\/\\\/moncompte.actu.fr&quot;,&quot;category&quot;:&quot;mon compte&quot;,&quot;from&quot;:&quot;article footer&quot;,&quot;name&quot;:&quot;Mon actu&quot;,&quot;type&quot;:&quot;cta&quot;}}\" target=\"_blank\">Mon Actu<\/a>.<\/p>\n","protected":false},"excerpt":{"rendered":"Par Nicolas Zaugra Publi\u00e9 le 25 juin 2025 \u00e0 16h16 ; mis \u00e0 jour le 25 juin 2025&hellip;\n","protected":false},"author":2,"featured_media":204846,"comment_status":"","ping_status":"","sticky":false,"template":"","format":"standard","meta":{"footnotes":""},"categories":[1889],"tags":[1111,11,2430,1777,674,7430,1011,27,5226,2428,3434,12,316,25],"class_list":{"0":"post-204845","1":"post","2":"type-post","3":"status-publish","4":"format-standard","5":"has-post-thumbnail","7":"category-lyon","8":"tag-actu","9":"tag-actualites","10":"tag-auvergne-rhone-alpes","11":"tag-eu","12":"tag-europe","13":"tag-europe-ecologie-les-verts-eelv","14":"tag-fr","15":"tag-france","16":"tag-gregory-doucet","17":"tag-lyon","18":"tag-municipales-2026","19":"tag-news","20":"tag-politique","21":"tag-republique-francaise"},"share_on_mastodon":{"url":"https:\/\/pubeurope.com\/@fr\/114747632865061448","error":""},"_links":{"self":[{"href":"https:\/\/www.europesays.com\/fr\/wp-json\/wp\/v2\/posts\/204845","targetHints":{"allow":["GET"]}}],"collection":[{"href":"https:\/\/www.europesays.com\/fr\/wp-json\/wp\/v2\/posts"}],"about":[{"href":"https:\/\/www.europesays.com\/fr\/wp-json\/wp\/v2\/types\/post"}],"author":[{"embeddable":true,"href":"https:\/\/www.europesays.com\/fr\/wp-json\/wp\/v2\/users\/2"}],"replies":[{"embeddable":true,"href":"https:\/\/www.europesays.com\/fr\/wp-json\/wp\/v2\/comments?post=204845"}],"version-history":[{"count":0,"href":"https:\/\/www.europesays.com\/fr\/wp-json\/wp\/v2\/posts\/204845\/revisions"}],"wp:featuredmedia":[{"embeddable":true,"href":"https:\/\/www.europesays.com\/fr\/wp-json\/wp\/v2\/media\/204846"}],"wp:attachment":[{"href":"https:\/\/www.europesays.com\/fr\/wp-json\/wp\/v2\/media?parent=204845"}],"wp:term":[{"taxonomy":"category","embeddable":true,"href":"https:\/\/www.europesays.com\/fr\/wp-json\/wp\/v2\/categories?post=204845"},{"taxonomy":"post_tag","embeddable":true,"href":"https:\/\/www.europesays.com\/fr\/wp-json\/wp\/v2\/tags?post=204845"}],"curies":[{"name":"wp","href":"https:\/\/api.w.org\/{rel}","templated":true}]}}