{"id":204849,"date":"2025-06-26T03:52:12","date_gmt":"2025-06-26T03:52:12","guid":{"rendered":"https:\/\/www.europesays.com\/fr\/204849\/"},"modified":"2025-06-26T03:52:12","modified_gmt":"2025-06-26T03:52:12","slug":"orages-arbres-deracines-transports-perturbes-et-violentes-rafales-de-vent-a-paris-intense-perturbation-sur-une-partie-de-la-france","status":"publish","type":"post","link":"https:\/\/www.europesays.com\/fr\/204849\/","title":{"rendered":"Orages : arbres d\u00e9racin\u00e9s, transports perturb\u00e9s et violentes rafales de vent \u00e0 Paris, intense perturbation sur une partie de la France"},"content":{"rendered":"<p>23:58<\/p>\n<p>C&rsquo;est la fin de ce direct !\u00a0<\/p>\n<p>Merci \u00e0 toutes et \u00e0 tous de l&rsquo;avoir suivi. On se retrouve demain sur leparisien.fr ! Bonne nuit.<\/p>\n<p>23:49<\/p>\n<p>39.000 \u00e9clairs d\u00e9tect\u00e9s en France\u00a0<\/p>\n<p>Selon le site sp\u00e9cialis\u00e9 <a href=\"https:\/\/www.lightningmaps.org\/\" target=\"_blank\" rel=\"nofollow noopener\">Lightning Maps<\/a>, plus de 39.000 \u00e9clairs ont \u00e9t\u00e9 d\u00e9tect\u00e9s en France ce mercredi soir, preuve de l&rsquo;intensit\u00e9 \u00e9lectrique \u00e9norme ressentie dans une grande partie de l&rsquo;Hexagone.\u00a0<\/p>\n<p>23:45<\/p>\n<p>Le point sur la situation \u00e0 23h45<\/p>\n<ul>\n<li>Un adolescent de 12 ans a \u00e9t\u00e9 tu\u00e9 par la chute d&rsquo;un arbre pr\u00e8s de Montauban ce mercredi soir en raison d&rsquo;une violente rafale de vent. Un homme de 59 ans est \u00e9galement d\u00e9c\u00e9d\u00e9 en Mayenne, pour le m\u00eame motif.<\/li>\n<li>Selon le dernier bulletin de M\u00e9t\u00e9o France, le ph\u00e9nom\u00e8ne orageux va se poursuivre dans la \u00ab nuit de mercredi \u00e0 jeudi \u00bb, avec une \u00abbaisse notable des temp\u00e9ratures jeudi \u00bb et des fortes chaleurs qui \u00ab ne concerneront plus alors que le pourtour m\u00e9diterran\u00e9en \u00bb.<\/li>\n<li>Les orages qui ont frapp\u00e9 le sud-ouest et le centre-est en d\u00e9but d&rsquo;apr\u00e8s-midi \u00ab se d\u00e9calent vers le nord-est \u00bb et \u00ab concernent actuellement le bassin parisien puis le nord et le nord-est du pays \u00bb, indique Met\u00e9o France. Ils \u00ab s&rsquo;att\u00e9nuent en cours de nuit de mercredi \u00e0 jeudi en s&rsquo;\u00e9vacuant par les fronti\u00e8res du nord et du nord-est \u00bb, ajoute l&rsquo;agence.<\/li>\n<li>\u00c0 Paris et dans les Hauts-de-Seine, les pompiers sont intervenus une quarantaine de fois pour d\u00e9gager des arbres tomb\u00e9s sur les routes, a d\u00e9clar\u00e9 la Brigade des Sapeurs-Pompiers de Paris (BSPP) \u00e0 l&rsquo;AFP, pr\u00e9cisant que l&rsquo;\u00e9pisode n&rsquo;a fait \u00ab ni victimes ni bless\u00e9s pour l&rsquo;instant \u00bb.<\/li>\n<li>Le trafic a aussi \u00e9t\u00e9 perturb\u00e9 sur les RER B et D et les acc\u00e8s \u00e0 quelques stations de m\u00e9tro ont \u00e9t\u00e9 ferm\u00e9s en raison d&rsquo;inondations, selon la SNCF et la RATP.<\/li>\n<\/ul>\n<p>23:36<\/p>\n<p>Les images impressionnantes des impacts de foudres \u00e0 Paris<\/p>\n<p>23:29<\/p>\n<p>100 000 foyers priv\u00e9s d&rsquo;\u00e9lectricit\u00e9\u00a0<\/p>\n<p>Selon une information de la s\u00e9curit\u00e9 civile, interrog\u00e9e par BFM TV, environ 100 000 foyers sont actuellement priv\u00e9s d&rsquo;\u00e9lectricit\u00e9 en France, \u00e0 la suite des violents orages.\u00a0<\/p>\n<p>23:25<\/p>\n<p>Un enfant de 12 ans perd la vie, 2e mort de la soir\u00e9e en France<\/p>\n<p>Apr\u00e8s le quinquag\u00e9naire tu\u00e9 alors qu&rsquo;il conduisait un quad en Mayenne (53), un jeune gar\u00e7on de 12 ans est d\u00e9c\u00e9d\u00e9 ce mercredi soir dans le Tarn-et-Garonne (82). En famille au nord de Montauban, \u00e0 proximit\u00e9 d&rsquo;un cours d&rsquo;eau, l&rsquo;adolescent a perdu la vie en raison de la chute d&rsquo;un arbre provoqu\u00e9e par l&rsquo;intensit\u00e9 des orages. <a href=\"https:\/\/www.leparisien.fr\/faits-divers\/orages-au-moins-deux-morts-en-france-dont-un-enfant-de-12-ans-25-06-2025-N2M7DJ3E3BGOPGOXLOHQJJQHYI.php\" target=\"_blank\" rel=\"nofollow noopener\">Une information confirm\u00e9e au Parisien<\/a> par<strong> <\/strong>le colonel Alexandre Joussard, adjoint au centre op\u00e9rationnel de gestion de la S\u00e9curit\u00e9 civile.<\/p>\n<p>23:06<\/p>\n<p>Des rafales de vent tr\u00e8s puissantes recens\u00e9es<\/p>\n<p>Les diff\u00e9rents services m\u00e9t\u00e9orologiques ont enregistr\u00e9 des pointes de vent particuli\u00e8rement \u00e9lev\u00e9es, comme en Seine-et-Marne (77), avec un pic \u00e0 119 km\/h \u00e0 la Brosse-Montceaux. M\u00e9t\u00e9o-France a \u00e9galement relev\u00e9 une rafale \u00e0 126 km\/h dans l&rsquo;Eure (27), o\u00f9 \u00ab une super-cellule est pass\u00e9e \u00bb, notamment sur la commune de Bernay. 114 km\/h \u00e0 Montauban (82), 109 km\/h au Bourget (93)\u2026 de nombreuses villes ont subi la violence des vents ce mercredi soir.<\/p>\n<blockquote class=\"twitter-tweet\" align=\"center\">\n<p lang=\"fr\" dir=\"ltr\">Voici le bilan du violent <a href=\"https:\/\/twitter.com\/hashtag\/orage?src=hash&amp;ref_src=twsrc%5Etfw\" rel=\"nofollow noopener\" target=\"_blank\">#orage<\/a> qui a balay\u00e9 la r\u00e9gion parisienne ce soir. Des rafales \u00e0 plus de 100 km\/h ont \u00e9t\u00e9 mesur\u00e9es. De nombreux arbres sont \u00e0 terre, des inondations ont \u00e9t\u00e9 observ\u00e9es. A Paris, une rafale a atteint pr\u00e8s de 90 km\/h. <a href=\"https:\/\/t.co\/AXEPVSUZ4Y\" rel=\"nofollow\">pic.twitter.com\/AXEPVSUZ4Y<\/a><\/p>\n<p>\u2014 La Cha\u00eene M\u00e9t\u00e9o (@lachainemeteo) <a href=\"https:\/\/twitter.com\/lachainemeteo\/status\/1937971019878207986?ref_src=twsrc%5Etfw\" rel=\"nofollow noopener\" target=\"_blank\">June 25, 2025<\/a><\/p><\/blockquote>\n<p>22:50<\/p>\n<p>Chaos dans certaines zones de Paris\u00a0<\/p>\n<p>Dans le XVe arrondissement de la capitale, rue Saint-Charles, plusieurs arbres ont chut\u00e9, entra\u00eenant avec eux des fils \u00e9lectriques qui pendent vers le sol. Plusieurs v\u00e9hicules ont \u00e9t\u00e9 abim\u00e9s, causant de grosses frayeurs aux riverains.<\/p>\n<blockquote class=\"twitter-tweet\" align=\"center\">\n<p lang=\"fr\" dir=\"ltr\">Gros d\u00e9g\u00e2ts rue Saint-Charles (XVe) \u00e0 <a href=\"https:\/\/twitter.com\/hashtag\/Paris?src=hash&amp;ref_src=twsrc%5Etfw\" rel=\"nofollow noopener\" target=\"_blank\">#Paris<\/a> apr\u00e8s le passage de l\u2019orage ! Des arbres sont tomb\u00e9s, des files \u00e9lectriques pendent dans la rue. Plusieurs v\u00e9hicules ab\u00eem\u00e9s et de grosses frayeurs chez les riverains. <a href=\"https:\/\/twitter.com\/le_Parisien?ref_src=twsrc%5Etfw\" rel=\"nofollow noopener\" target=\"_blank\">@le_Parisien<\/a> <a href=\"https:\/\/t.co\/qWSMPz6Q7Z\" rel=\"nofollow\">pic.twitter.com\/qWSMPz6Q7Z<\/a><\/p>\n<p>\u2014 Paul Abran (@abran_paul) <a href=\"https:\/\/twitter.com\/abran_paul\/status\/1937968175053738351?ref_src=twsrc%5Etfw\" rel=\"nofollow noopener\" target=\"_blank\">June 25, 2025<\/a><\/p><\/blockquote>\n<p>22:46<\/p>\n<p>Une quarantaine d&rsquo;arbres tomb\u00e9s mais ni bless\u00e9s ni victimes \u00e0 Paris, qui \u00ab s&rsquo;oriente vers un retour \u00e0 la normale \u00bb<\/p>\n<p>\u00ab Par rapport \u00e0 la violence de la temp\u00eate qui vient de traverser l\u2019ouest parisien, on peut dire que les choses se sont plut\u00f4t bien pass\u00e9es \u00bb, vient de r\u00e9agir la brigade des Sapeurs-pompiers de Paris peu apr\u00e8s 22 heures<a href=\"https:\/\/www.leparisien.fr\/paris-75\/paris-rafales-a-112-kmh-sur-la-tour-eiffel-stations-de-metro-fermees-un-violent-orage-frappe-la-capitale-25-06-2025-ACIPRPL34FBT7JSJLUW2MMOVNA.php\" target=\"_blank\" rel=\"nofollow noopener\"> aupr\u00e8s du Parisien<\/a>.\u00a0<\/p>\n<p>\u00ab Aucune remont\u00e9e de victimes ni de bless\u00e9s ne nous a \u00e9t\u00e9 faite. Nos \u00e9quipes ont \u00e9t\u00e9 appel\u00e9es pour une quarantaine d\u2019arbres tomb\u00e9s et huit pompages \u00bb, poursuivent les pompiers, selon lesquels Paris \u00ab s\u2019oriente vers un retour \u00e0 la normale \u00bb.<\/p>\n<p>22:42<\/p>\n<p>D&rsquo;autres arbres d\u00e9racin\u00e9s \u00e0 Clamart<\/p>\n<p>On ne compte plus les arbres d\u00e9racin\u00e9s \u00e0 Paris et dans sa banlieue depuis le pic d&rsquo;intensit\u00e9 de la perturbation, aux alentours de 21h. \u00c0 Clamart, dans les Hauts-de-Seine, des agents en tron\u00e7onnent certains qui bloquent les routes.<\/p>\n<blockquote class=\"twitter-tweet\" align=\"center\">\n<p lang=\"fr\" dir=\"ltr\">\u00c0 Clamart, dans les Hauts-de-Seine, des agents sont \u00e0 pied d&rsquo;\u0153uvre pour tron\u00e7onner les nombreux arbres d\u00e9racin\u00e9s qui bloquent certains axes. <a href=\"https:\/\/t.co\/YtcgllG5Zp\" rel=\"nofollow\">pic.twitter.com\/YtcgllG5Zp<\/a><\/p>\n<p>\u2014 Mehdi P. (@IVI_e_h_d_i) <a href=\"https:\/\/twitter.com\/IVI_e_h_d_i\/status\/1937971633160945970?ref_src=twsrc%5Etfw\" rel=\"nofollow noopener\" target=\"_blank\">June 25, 2025<\/a><\/p><\/blockquote>\n<p>22:39<\/p>\n<p>Trafic suspendu sur la ligne 14<\/p>\n<p>Au tour de la ligne de m\u00e9tro 14 d&rsquo;\u00eatre s\u00e9v\u00e8rement perturb\u00e9e par les orages ce mercredi soir. \u00ab Le trafic est interrompu entre Saint-Lazare et Saint-Denis &#8211; Pleyel jusqu&rsquo;\u00e0 fin de service \u00bb en raison \u00ab des intemp\u00e9ries \u00bb, explique le compte X.\u00a0<\/p>\n<blockquote class=\"twitter-tweet\" align=\"center\" data-theme=\"dark\">\n<p lang=\"fr\" dir=\"ltr\">\u274cLe trafic est interrompu entre Saint-Lazare et Saint-Denis &#8211; Pleyel jusqu&rsquo;\u00e0 fin de service. Cela fait suite \u00e0 des intemp\u00e9ries <a href=\"https:\/\/twitter.com\/hashtag\/Ligne14?src=hash&amp;ref_src=twsrc%5Etfw\" rel=\"nofollow noopener\" target=\"_blank\">#Ligne14<\/a> <a href=\"https:\/\/twitter.com\/hashtag\/RATP?src=hash&amp;ref_src=twsrc%5Etfw\" rel=\"nofollow noopener\" target=\"_blank\">#RATP<\/a><\/p>\n<p>\u2014 Ligne 14 (@Ligne14_RATP) <a href=\"https:\/\/twitter.com\/Ligne14_RATP\/status\/1937969414961320074?ref_src=twsrc%5Etfw\" rel=\"nofollow noopener\" target=\"_blank\">June 25, 2025<\/a><\/p><\/blockquote>\n<p>22:37<\/p>\n<p>La vid\u00e9o de la suspension de s\u00e9ance \u00e0 l&rsquo;Assembl\u00e9e<\/p>\n<p>C&rsquo;est lors du discours de Fran\u00e7ois Bayrou que les d\u00e9put\u00e9s pr\u00e9sents dans l&rsquo;h\u00e9micycle ont constat\u00e9 la fuite d&rsquo;eau au niveau du toit de l&rsquo;Assembl\u00e9e. \u00ab Vous vous \u00eates aper\u00e7us qu&rsquo;il pleuvait ? \u00bb, s&rsquo;est exprim\u00e9 le Premier ministre apr\u00e8s avoir re\u00e7u quelques gouttes de pluie.\u00a0<\/p>\n<blockquote class=\"twitter-tweet\" align=\"center\">\n<p lang=\"fr\" dir=\"ltr\">Une fuite d&rsquo;eau dans l&rsquo;h\u00e9micycle de l&rsquo;Assembl\u00e9e nationale pendant le d\u00e9bat sur la situation au Proche et Moyen-Orient : \u00ab\u00a0Vous vous \u00eates aper\u00e7us qu&rsquo;il pleuvait ?\u00a0\u00bb, demande Fran\u00e7ois <a href=\"https:\/\/twitter.com\/bayrou?ref_src=twsrc%5Etfw\" rel=\"nofollow noopener\" target=\"_blank\">@Bayrou<\/a>.<br \/>La s\u00e9ance est suspendue.<a href=\"https:\/\/twitter.com\/hashtag\/DirectAN?src=hash&amp;ref_src=twsrc%5Etfw\" rel=\"nofollow noopener\" target=\"_blank\">#DirectAN<\/a> <a href=\"https:\/\/t.co\/vY9zK6ZwQJ\" rel=\"nofollow\">pic.twitter.com\/vY9zK6ZwQJ<\/a><\/p>\n<p>\u2014 LCP (@LCP) <a href=\"https:\/\/twitter.com\/LCP\/status\/1937969057887592613?ref_src=twsrc%5Etfw\" rel=\"nofollow noopener\" target=\"_blank\">June 25, 2025<\/a><\/p><\/blockquote>\n<p>22:28<\/p>\n<p>44 d\u00e9partements en vigilance orange<\/p>\n<p>Selon le dernier bilan effectu\u00e9 par M\u00e9t\u00e9o-France \u00e0 22h, 44 d\u00e9partements, dont l&rsquo;Ile-de-France, sont toujours en vigilance orange aux orages.<\/p>\n<p>22:26<\/p>\n<p>Une activit\u00e9 \u00e9lectrique tr\u00e8s intense\u00a0<\/p>\n<p>Selon <a href=\"https:\/\/x.com\/lachainemeteo\" target=\"_blank\" rel=\"nofollow\">La Cha\u00eene M\u00e9t\u00e9o<\/a>, l&rsquo;intensit\u00e9 des orages et surtout des \u00e9clairs visibles dans l&rsquo;Ouest et le Centre de la France ce mercredi soir s&rsquo;explique par la remont\u00e9e de la d\u00e9pression portugaise, entr\u00e9e en contact avec de l&rsquo;air tr\u00e8s chaud sur tout l&rsquo;Hexagone.\u00a0<\/p>\n<p>22:22<\/p>\n<p>Inondation \u00e0 l&rsquo;Assembl\u00e9e, s\u00e9ance suspendue\u00a0<\/p>\n<p>Du c\u00f4t\u00e9 de l&rsquo;Assembl\u00e9e nationale, la s\u00e9ance devant voir les d\u00e9put\u00e9s \u00e9changer \u00e0 propos de la situation au Proche-Orient a \u00e9t\u00e9 suspendue en raison d&rsquo;infiltrations d&rsquo;eau dans l&rsquo;h\u00e9micycle, sur la tribune des orateurs plus pr\u00e9cis\u00e9ment, en raison des violents orages. Les pompiers devraient arriver dans les prochaines minutes.<\/p>\n<p>22:20<\/p>\n<p>\u00ab Tout est parterre dans ma cuisine\u2026 \u00bb<\/p>\n<p>Rue Saint-Charles, dans le XVe arrondissement de Paris. \u00ab Mes fen\u00eatres \u00e9taient ouvertes je venais d\u2019entrer. Le temps de rentrer la rafale est arriv\u00e9e. Mes vieilles fen\u00eatres des ann\u00e9es 70\u2026 je n\u2019arrivais pas \u00e0 les fermer. Tout est parterre dans ma cuisine, mes pots de fleurs. J\u2019ai recul\u00e9 dans le couloir j\u2019ai attendu 20 minutes le temps que \u00e7a passe. Plusieurs arbres du quartier sont tomb\u00e9s. Les fils \u00e9lectriques pendent, les pompiers ne sont pas encore arriv\u00e9s. Ce bruit que \u00e7a a fait, \u00e7a fait longtemps que je n\u2019ai pas eu peur comme \u00e7a. Si les fen\u00eatres avait cass\u00e9\u2026 \u00bb<\/p>\n<p><img decoding=\"async\" src=\"https:\/\/www.europesays.com\/fr\/wp-content\/uploads\/2025\/06\/5FOOIKVW4RBU3HBL27EL2BIJYY.jpg\"\/>Un arbre est tomb\u00e9 dans le XVe arrondissement de Paris, lors des orages ce mercredi soir.<\/p>\n<p>22:17<\/p>\n<p>Des stations de m\u00e9tro ferm\u00e9es\u00a0<\/p>\n<p>22:14<\/p>\n<p>Un homme d\u00e9c\u00e9d\u00e9 en Mayenne<\/p>\n<p>Selon les informations <a href=\"https:\/\/www.francebleu.fr\/infos\/faits-divers-justice\/orages-en-mayenne-un-homme-de-59-ans-decede-a-saint-cyr-en-pail-apres-avoir-percute-un-arbre-tombe-sur-la-route-7862608\" target=\"_blank\" rel=\"nofollow noopener\">d&rsquo;Ici Mayenne<\/a>, un homme de 59 ans aurait perdu la vie ce mercredi soir en raison des orages \u00e0 Saint-Cyr-en-Pail. Conduisant un quad, ce dernier aurait percut\u00e9 un arbre tomb\u00e9 sur la route \u00e0 cause des rafales de vent. Le quinquag\u00e9naire n&rsquo;a pu \u00eatre r\u00e9anim\u00e9 par les pompiers.<\/p>\n<p>22:08<\/p>\n<p>Trafic interrompu sur le RER D<\/p>\n<p>Apr\u00e8s la ligne de tram T3A, c&rsquo;est d\u00e9sormais sur le RER D que le trafic est interrompu ce mercredi soir, entre Paris Gare de Lyon et Goussainville, dans les deux sens de circulation. En cause ? \u00ab Une panne d&rsquo;alimentation \u00e9lectrique pr\u00e8s de Paris Nord \u00bb, selon le compte X du RER D. L&rsquo;heure de reprise est estim\u00e9e \u00e0 00h.<\/p>\n<blockquote class=\"twitter-tweet\" align=\"center\" data-theme=\"dark\">\n<p lang=\"fr\" dir=\"ltr\">\u274c<a href=\"https:\/\/twitter.com\/hashtag\/RERD?src=hash&amp;ref_src=twsrc%5Etfw\" rel=\"nofollow noopener\" target=\"_blank\">#RERD<\/a> <\/p>\n<p>Le trafic est interrompu entre Paris Gare de Lyon et Goussainville, dans les deux sens, en r\u00e9percussion d&rsquo;une panne d&rsquo;alimentation \u00e9lectrique pr\u00e8s de Paris Nord.<\/p>\n<p>\ud83d\udd55Heure de reprise estim\u00e9e : 0h00.<\/p>\n<p>\u2014 RER D (@RERD_SNCF) <a href=\"https:\/\/twitter.com\/RERD_SNCF\/status\/1937954244708962762?ref_src=twsrc%5Etfw\" rel=\"nofollow noopener\" target=\"_blank\">June 25, 2025<\/a><\/p><\/blockquote>\n<p>22:04<\/p>\n<p>Des arbres arrach\u00e9s<\/p>\n<p>Cons\u00e9quence des orages et des intenses bourrasques de vent les accompagnant, de nombreux arbres ont \u00e9t\u00e9 arrach\u00e9s et jonchent le sol de la capitale.<\/p>\n<p>22:02<\/p>\n<p>Les quais de Grenelle inond\u00e9s\u00a0<\/p>\n<p>En raison des fortes pluies, certains secteurs parisiens sont totalement inond\u00e9s ce mercredi soir.<\/p>\n<p>21:57<\/p>\n<p>La Tour Eiffel n&rsquo;appara\u00eet plus !<\/p>\n<p>La pluie s&rsquo;abat avec une telle intensit\u00e9 sur la capitale que la Tour Eiffel n&rsquo;appara\u00eet m\u00eame pas sur cette vid\u00e9o capt\u00e9e par un Parisien au plus fort de la perturbation.<\/p>\n<p>21:51<\/p>\n<p>Les Pompiers de Paris invitent \u00e0 \u00ab lib\u00e9rer \u00bb la ligne de secours si \u00ab votre appel ne rel\u00e8ve pas d&rsquo;une urgence av\u00e9r\u00e9e \u00bb<\/p>\n<p>De leur c\u00f4t\u00e9, les Pompiers de Paris expliquent avoir re\u00e7u \u00ab un tr\u00e8s grand nombre d&rsquo;appels \u00bb suite \u00ab au ph\u00e9nom\u00e8ne m\u00e9t\u00e9orologique de ce soir \u00bb. \u00ab Si votre appel ne rel\u00e8ve pas d&rsquo;une urgence av\u00e9r\u00e9e, nous vous invitons \u00e0 lib\u00e9rer imm\u00e9diatement la ligne de secours \u00bb, peut-on lire sur leur compte X.<\/p>\n<blockquote class=\"twitter-tweet\" align=\"center\">\n<p lang=\"fr\" dir=\"ltr\">[\ud83d\udea8<a href=\"https:\/\/twitter.com\/hashtag\/AlerteM%C3%A9t%C3%A9o?src=hash&amp;ref_src=twsrc%5Etfw\" rel=\"nofollow noopener\" target=\"_blank\">#AlerteM\u00e9t\u00e9o<\/a>] Suite au ph\u00e9nom\u00e8ne m\u00e9t\u00e9orologique de ce soir, nous recevons un tr\u00e8s grand nombre d&rsquo;appels.<\/p>\n<p>\u260e\ufe0fSi votre appel ne rel\u00e8ve pas d&rsquo;une urgence av\u00e9r\u00e9e, nous vous invitons \u00e0 lib\u00e9rer imm\u00e9diatement la ligne de secours. <a href=\"https:\/\/t.co\/B8zaXkNH0T\" rel=\"nofollow\">pic.twitter.com\/B8zaXkNH0T<\/a><\/p>\n<p>\u2014 PompiersParis (@PompiersParis) <a href=\"https:\/\/twitter.com\/PompiersParis\/status\/1937957795174756547?ref_src=twsrc%5Etfw\" rel=\"nofollow noopener\" target=\"_blank\">June 25, 2025<\/a><\/p><\/blockquote>\n<p>21:48<\/p>\n<p>Fran\u00e7ois Bayrou appelle \u00a0\u00e0 \u00ab la plus grande prudence \u00bb<\/p>\n<p>Via son compte X, le Premier ministre vient de s&rsquo;exprimer au sujet \u00ab des \u00e9pisodes orageux intenses \u00bb touchant le pays ce mercredi soir. \u00abJ\u2019appelle \u00e0 la plus grande prudence dans les d\u00e9placements de chacun et remercie les forces de secours mobilis\u00e9es sur le terrain en ce moment-m\u00eame et dans les prochaines heures\u00bb, \u00e9crit le chef du gouvernement.\u00a0<\/p>\n<blockquote class=\"twitter-tweet\" align=\"center\" data-theme=\"dark\">\n<p lang=\"fr\" dir=\"ltr\">Ce soir, 57 d\u00e9partements sont expos\u00e9s \u00e0 des \u00e9pisodes orageux intenses. J\u2019appelle \u00e0 la plus grande prudence dans les d\u00e9placements de chacun et remercie les forces de secours mobilis\u00e9es sur le terrain en ce moment-m\u00eame et dans les prochaines heures.<\/p>\n<p>\u2014 Fran\u00e7ois Bayrou (@bayrou) <a href=\"https:\/\/twitter.com\/bayrou\/status\/1937955364953329974?ref_src=twsrc%5Etfw\" rel=\"nofollow noopener\" target=\"_blank\">June 25, 2025<\/a><\/p><\/blockquote>\n<p>21:37<\/p>\n<p>La ligne T3A perturb\u00e9e<\/p>\n<p>La ligne de tramway T3A, \u00e0 Paris, est perturb\u00e9e. \u00ab Des trams stationnent sur toute la ligne, en raison d&rsquo;intemp\u00e9ries \u00bb, indique l&rsquo;op\u00e9rateur dans un post publi\u00e9 sur X.\u00a0<\/p>\n<blockquote class=\"twitter-tweet\" align=\"center\" data-theme=\"dark\">\n<p lang=\"fr\" dir=\"ltr\">\u26a0\ufe0fDes trams stationnent sur toute la ligne, en raison d&rsquo;intemp\u00e9ries <a href=\"https:\/\/twitter.com\/hashtag\/T3a?src=hash&amp;ref_src=twsrc%5Etfw\" rel=\"nofollow noopener\" target=\"_blank\">#T3a<\/a> <a href=\"https:\/\/twitter.com\/hashtag\/RATP?src=hash&amp;ref_src=twsrc%5Etfw\" rel=\"nofollow noopener\" target=\"_blank\">#RATP<\/a><\/p>\n<p>\u2014 T3a (@T3a_RATP) <a href=\"https:\/\/twitter.com\/T3a_RATP\/status\/1937952119417446434?ref_src=twsrc%5Etfw\" rel=\"nofollow noopener\" target=\"_blank\">June 25, 2025<\/a><\/p><\/blockquote>\n<p>21:36<\/p>\n<p>Aucun arrondissement de la capitale ne semble \u00e9pargn\u00e9.<\/p>\n<p>21:35<\/p>\n<p>Les Parisiens \u00e0 l&rsquo;abri\u2026 sous les terrasses, dans le XIe arrondissement.<\/p>\n<p>21:30<\/p>\n<p>Des images impressionnantes du vent et de la pluie qui s&rsquo;engouffrent dans les rues de la capitale<\/p>\n<p>21:25<\/p>\n<p>Des coupures de courant \u00e0 Boulogne<\/p>\n<p>Plusieurs coupures de courant sont signal\u00e9es \u00e0 Boulogne-Billancourt (Hauts-de-Seine), notamment dans le quartier Rives de Seine.<\/p>\n<p>21:19<\/p>\n<p>Paris sous l&rsquo;eau et balay\u00e9 par le vent<\/p>\n<p>21:10<\/p>\n<p>Le site de M\u00e9t\u00e9o France inaccessible<\/p>\n<p>Impossible d&rsquo;acc\u00e9der au portail de M\u00e9t\u00e9o France. Un grand nombre de connexions pourrait \u00eatre \u00e0 l&rsquo;origine du dysfonctionnement.\u00a0<\/p>\n<blockquote class=\"twitter-tweet\" align=\"center\">\n<p lang=\"fr\" dir=\"ltr\">Le site MeteoFrance est Down en raison d&rsquo;une trop forte demande li\u00e9e aux orages. Si vous souhaitez conna\u00eetre l&rsquo;\u00e9volution pr\u00e8s de chez vous, il reste meteo&amp;radar ainsi que windy. <a href=\"https:\/\/t.co\/vYAroeIif7\" rel=\"nofollow\">pic.twitter.com\/vYAroeIif7<\/a><\/p>\n<p>\u2014 Les vid\u00e9os de Chris\uea00 (@Christ_off_vin) <a href=\"https:\/\/twitter.com\/Christ_off_vin\/status\/1937950177756582049?ref_src=twsrc%5Etfw\" rel=\"nofollow noopener\" target=\"_blank\">June 25, 2025<\/a><\/p><\/blockquote>\n<p>21:06<\/p>\n<p>La temp\u00eate frappe la r\u00e9gion parisienne<\/p>\n<p>Des bourrasques de vent, des fortes pluies et le tonnerre passent sur l&rsquo;\u00cele-de-France en ce moment.\u00a0<\/p>\n<p>20:42<\/p>\n<p>Les orages vont atteindre Paris vers 21h<\/p>\n<p>Selon les derni\u00e8res informations de La Cha\u00eene M\u00e9t\u00e9o, les orages s\u00e9vissant depuis plusieurs heures dans le Centre-Val de Loire vont atteindre la capitale et l&rsquo;Ile-de-France \u00e0 partir de 21h.\u00a0<\/p>\n<p>20:24<\/p>\n<p>\u00c0 quoi s&rsquo;attendre dans les prochaines heures ?\u00a0<\/p>\n<p>Toujours <a href=\"https:\/\/vigilance.meteofrance.fr\/fr\" target=\"_blank\" rel=\"nofollow noopener\">selon M\u00e9t\u00e9o-France<\/a>, les orages, partis du Sud-Ouest, se d\u00e9calent progressivement vers l&rsquo;Est. Pour le reste de la soir\u00e9e, ils concerneront le Bassin parisien, puis le Nord et le Nord-Est de l&rsquo;Hexagone.\u00a0<\/p>\n<p>Les orages vont ensuite s&rsquo;att\u00e9nuer \u00ab en cours de nuit de mercredi \u00e0 jeudi en s&rsquo;\u00e9vacuant par les fronti\u00e8res du nord et du nord-est \u00bb, explique le service m\u00e9t\u00e9orologique. Si la vigilance orange sera lev\u00e9e \u00e0 00h pour 50 d\u00e9partements, elle s&rsquo;\u00e9tirera jusqu&rsquo;\u00e0 3h pour les Ardennes, la Meurthe-et-Moselle, la Meuse, la Moselle, le Nord, le Pas-de-Calais et les Vosges.<\/p>\n<p>20:15<\/p>\n<p>7 d\u00e9partements entrent en vigilance orange<\/p>\n<p>Selon le dernier bilan effectu\u00e9 par M\u00e9t\u00e9o-France, trois d\u00e9partements plac\u00e9s en vigilance orange aux orages en d\u00e9but d&rsquo;apr\u00e8s-midi ont vu cette derni\u00e8re \u00eatre lev\u00e9e : les Pyr\u00e9n\u00e9es-Atlantique (64), les Landes (40) et le Gers (32).\u00a0<\/p>\n<p>En revanche, la Seine-Maritime (76), la Somme (70), l&rsquo;Oise (60), l&rsquo;Aisne (02), la Marne (51), l&rsquo;Aube (10) et la Haute-Marne (52) sont d\u00e9sormais concern\u00e9s depuis 20h, la perturbation gagnant la Picardie, la Normandie et le bassin parisien. En tout, 56 d\u00e9partements sont plac\u00e9s en \u00ab orange \u00bb depuis 20h.<\/p>\n<p>19:50<\/p>\n<p>Les orages ont grond\u00e9 fort dans le Gers<\/p>\n<p>Les orages de gr\u00eale ont \u00e9t\u00e9 particuli\u00e8rement violents dans le Gers (32), \u00e0 l&rsquo;image de cette vid\u00e9o transmise par une habitante de la commune de Saint-Antonin.<\/p>\n<blockquote class=\"twitter-tweet\" align=\"center\">\n<p lang=\"fr\" dir=\"ltr\">\u26c8\ufe0f Images impressionnantes des gr\u00ealons &amp; vents violents \u00e0 Saint-Antonin dans le Gers. Cet orage balaye d\u00e9sormais le Tarn-et-Garonne. \ud83d\udca8 (\u00a9 Nany Verhulst) <a href=\"https:\/\/t.co\/GNdBdb35zi\" rel=\"nofollow\">pic.twitter.com\/GNdBdb35zi<\/a><\/p>\n<p>\u2014 M\u00e9t\u00e9o Express (@MeteoExpress) <a href=\"https:\/\/twitter.com\/MeteoExpress\/status\/1937929028049993848?ref_src=twsrc%5Etfw\" rel=\"nofollow noopener\" target=\"_blank\">June 25, 2025<\/a><\/p><\/blockquote>\n<p>19:45<\/p>\n<p>Violentes chutes de temp\u00e9rature dans le Lot-et-Garonne<\/p>\n<p>Selon des informations de <a href=\"https:\/\/x.com\/lachainemeteo\/status\/1937926515259236592\" target=\"_blank\" rel=\"nofollow\">La Cha\u00eene M\u00e9t\u00e9o<\/a>, une rafale de vent a \u00e9t\u00e9 enregistr\u00e9e \u00e0 pr\u00e8s de 100 km\/h \u00e0 Lacapelle-Biron, dans le Lot-et-Garonne (47), o\u00f9 un violent orage de gr\u00eale a fait chuter la temp\u00e9rature de 34 \u00e0 19\u00b0C en l&rsquo;espace de quelques minutes !<\/p>\n<p>19:24<\/p>\n<p>Des gr\u00ealons massifs<\/p>\n<p>Un autre exemple de la taille des gr\u00ealons, allant parfois jusqu&rsquo;\u00e0 6 cm, tomb\u00e9s cette apr\u00e8s-midi \u00e0 Tarbes, dans les Hautes-Pyr\u00e9n\u00e9es (65).<\/p>\n<p>19:11<\/p>\n<p>Le r\u00e9seau TER perturb\u00e9 en Nouvelle-Aquitaine<\/p>\n<p>Premi\u00e8re r\u00e9gion touch\u00e9e par les orages ce mercredi apr\u00e8s-midi, la Nouvelle-Aquitaine conna\u00eet \u00e0 son tour des perturbations sur son r\u00e9seau ferroviaire. Des ralentissements ont \u00e9t\u00e9 annonc\u00e9s d\u00e8s 17h sur les lignes de TER, alors que plusieurs interruptions sont attendues \u00e0 partir de 19h.<\/p>\n<p>19:02<\/p>\n<p>Les orages s&rsquo;intensifient dans le Cher<\/p>\n<p>Un autre exemple des violents orages de gr\u00eale touchant actuellement le Cher, ici \u00e0 Sancoins.\u00a0<\/p>\n<blockquote class=\"twitter-tweet\" align=\"center\">\n<p lang=\"fr\" dir=\"ltr\">\u26c8\ufe0f Un violent orage de gr\u00eale a touch\u00e9 le sud-est du Cher, ici \u00e0 Sancoins. Cette supercellule a ensuite frapp\u00e9 Nevers. (\u00a9 Earl Duchezeau) <a href=\"https:\/\/t.co\/JdAD0ta0LU\" rel=\"nofollow\">pic.twitter.com\/JdAD0ta0LU<\/a><\/p>\n<p>\u2014 M\u00e9t\u00e9o Express (@MeteoExpress) <a href=\"https:\/\/twitter.com\/MeteoExpress\/status\/1937911555263283237?ref_src=twsrc%5Etfw\" rel=\"nofollow noopener\" target=\"_blank\">June 25, 2025<\/a><\/p><\/blockquote>\n<p>18:36<\/p>\n<p>Orages de gr\u00eale en Vend\u00e9e<\/p>\n<p>Un peu plus \u00e0 l&rsquo;ouest, dans les Pays de la Loire, les orages de gr\u00eale font \u00e9galement rage, comme ici en Vend\u00e9e, dans la commune de Saint-Hilaire-de-Loulay.<\/p>\n<blockquote class=\"twitter-tweet\" align=\"center\">\n<p lang=\"fr\" dir=\"ltr\">\u26c8\ufe0f Des orages de gr\u00eale \u00e9clatent aussi dans les Pays de la Loire, ici \u00e0 Saint-Hilaire-de-Loulay dans le nord de la Vend\u00e9e. (\u00a9 Joachim Danais) <a href=\"https:\/\/t.co\/uOb0rTQOsi\" rel=\"nofollow\">pic.twitter.com\/uOb0rTQOsi<\/a><\/p>\n<p>\u2014 M\u00e9t\u00e9o Express (@MeteoExpress) <a href=\"https:\/\/twitter.com\/MeteoExpress\/status\/1937903216240288186?ref_src=twsrc%5Etfw\" rel=\"nofollow noopener\" target=\"_blank\">June 25, 2025<\/a><\/p><\/blockquote>\n<p>18:29<\/p>\n<p>Des gr\u00ealons de 2 \u00e0 5 cm dans le Cher<\/p>\n<p>Dans le Centre &#8211; Val de Loire, les orages grondent et sont accompagn\u00e9s de gr\u00ealons allant de 2 \u00e0 5 cm dans le Cher, comme vient de l&rsquo;illustrer l&rsquo;Association M\u00e9t\u00e9o de la r\u00e9gion sur son compte X.\u00a0<\/p>\n<blockquote class=\"twitter-tweet\" align=\"center\">\n<p lang=\"fr\" dir=\"ltr\">[Direct]<\/p>\n<p>Ce mercredi 25 juin 2025, fin d\u2019apr\u00e8s-midi\/debut de soir\u00e9e, de violents <a href=\"https:\/\/twitter.com\/hashtag\/orages?src=hash&amp;ref_src=twsrc%5Etfw\" rel=\"nofollow noopener\" target=\"_blank\">#orages<\/a> \u26c8\ufe0f se forment sur le Sud de notre <a href=\"https:\/\/twitter.com\/RCValdeLoire?ref_src=twsrc%5Etfw\" rel=\"nofollow noopener\" target=\"_blank\">@RCValdeLoire<\/a>. La <a href=\"https:\/\/twitter.com\/hashtag\/supercellule?src=hash&amp;ref_src=twsrc%5Etfw\" rel=\"nofollow noopener\" target=\"_blank\">#supercellule<\/a> qui a balay\u00e9 le Sud du Cher a donn\u00e9 de gros gr\u00ealons de 2 \u00e0 5 cm le plus souvent, comme \u00e0 Charenton-du-Cher. <\/p>\n<p>Soyez prudents\u2026 <a href=\"https:\/\/t.co\/iQMPg2HKEa\" rel=\"nofollow\">pic.twitter.com\/iQMPg2HKEa<\/a><\/p>\n<p>\u2014 Association M\u00e9t\u00e9o Centre &#8211; Val de Loire (@AssoMeteoCVDL) <a href=\"https:\/\/twitter.com\/AssoMeteoCVDL\/status\/1937908581375914161?ref_src=twsrc%5Etfw\" rel=\"nofollow noopener\" target=\"_blank\">June 25, 2025<\/a><\/p><\/blockquote>\n<p>18:20<\/p>\n<p>Circulation interdite pour les pi\u00e9tons et les deux-roues au Havre et aux alentours<\/p>\n<p>Du c\u00f4t\u00e9 de la Seine-Maritime (76), la pr\u00e9fecture vient d&rsquo;annoncer l&rsquo;interdiction de la circulation pour les pi\u00e9tons et les deux-roues \u00e0 partir de 21h et jusqu&rsquo;\u00e0 00h ce mercredi soir. Cela concerne certaines zones autour du Havre.<\/p>\n<blockquote class=\"twitter-tweet\" align=\"center\">\n<p lang=\"fr\" dir=\"ltr\">Vigilance orange\ud83d\udfe0orages <\/p>\n<p>\u26a0\ufe0f<a href=\"https:\/\/twitter.com\/hashtag\/Circulation?src=hash&amp;ref_src=twsrc%5Etfw\" rel=\"nofollow noopener\" target=\"_blank\">#Circulation<\/a> interdite pour les pi\u00e9tons et deux-roues, \u00e0 compter de ce mercredi 21h00 jusqu&rsquo;\u00e0 minuit:<br \/>\u2611\ufe0fsur le pont de <a href=\"https:\/\/twitter.com\/hashtag\/Normandie?src=hash&amp;ref_src=twsrc%5Etfw\" rel=\"nofollow noopener\" target=\"_blank\">#Normandie<\/a> et le viaduc du Grand Canal dans les deux sens. <a href=\"https:\/\/t.co\/BhorLzwXu4\" rel=\"nofollow\">pic.twitter.com\/BhorLzwXu4<\/a><\/p>\n<p>\u2014 Pr\u00e9fet de Normandie et de la Seine-Maritime (@Prefet76) <a href=\"https:\/\/twitter.com\/Prefet76\/status\/1937902223138189527?ref_src=twsrc%5Etfw\" rel=\"nofollow noopener\" target=\"_blank\">June 25, 2025<\/a><\/p><\/blockquote>\n<p>18:13<\/p>\n<p>De violents orages balaient l&rsquo;Aquitaine et se dirigent vers l&rsquo;Ile-de-France<\/p>\n<p>Comme anticip\u00e9 par les diff\u00e9rents services m\u00e9t\u00e9orologiques, la perturbation orageuse a d\u00e9marr\u00e9 par l&rsquo;Aquitaine en cette fin d&rsquo;apr\u00e8s-midi. Des orages, accompagn\u00e9s de gr\u00eale, s&rsquo;abattent \u00e9galement sur les Pays de la Loire, ainsi que sur le Centre, comme le montre La Cha\u00eene M\u00e9t\u00e9o via son compte X. Ils se dirigent vers le bassin parisien, qu&rsquo;ils devraient atteindre au cours de la soir\u00e9e.<\/p>\n<blockquote class=\"twitter-tweet\" align=\"center\">\n<p lang=\"fr\" dir=\"ltr\">De violents <a href=\"https:\/\/twitter.com\/hashtag\/orages?src=hash&amp;ref_src=twsrc%5Etfw\" rel=\"nofollow noopener\" target=\"_blank\">#orages<\/a> balaient l&rsquo;Aquitaine. D&rsquo;autres se forment sur les Pays de la Loire ainsi qu&rsquo;en r\u00e9gion Centre. Ils se multiplient tr\u00e8s rapidement en remontant vers le sud du bassin parisien, avec de la <a href=\"https:\/\/twitter.com\/hashtag\/gr%C3%AAle?src=hash&amp;ref_src=twsrc%5Etfw\" rel=\"nofollow noopener\" target=\"_blank\">#gr\u00eale<\/a>. <a href=\"https:\/\/t.co\/VppZ0tY5Ph\" rel=\"nofollow\">pic.twitter.com\/VppZ0tY5Ph<\/a><\/p>\n<p>\u2014 La Cha\u00eene M\u00e9t\u00e9o (@lachainemeteo) <a href=\"https:\/\/twitter.com\/lachainemeteo\/status\/1937904751636603103?ref_src=twsrc%5Etfw\" rel=\"nofollow noopener\" target=\"_blank\">June 25, 2025<\/a><\/p><\/blockquote>\n<p>18:06<\/p>\n<p>Des orages\u2026 mais aussi une canicule<\/p>\n<p>Selon <a href=\"https:\/\/www.meteociel.fr\/temps-reel\/obs_villes.php?code2=7460\" target=\"_blank\" rel=\"nofollow noopener\">Meteociel<\/a>, une temp\u00e9rature maximale de 39,8\u00b0C a \u00e9t\u00e9 enregistr\u00e9e ce mercredi \u00e0 Clermont-Ferrand, dans le Puy-de-D\u00f4me.\u00a0<br \/>\u00a0<\/p>\n<p>17:48<\/p>\n<p>La SNCF recommande aux Franciliens de se d\u00e9placer avant 19 heures<\/p>\n<p>Les orages risquent de perturber les transports en commun. La SNCF a indiqu\u00e9 \u00e0 ses usagers, sur tous ses comptes de lignes Transiliens et RER, qu&rsquo;il \u00e9tait probable que le trafic soit perturb\u00e9 ce soir au vu des intemp\u00e9ries attendues en \u00cele-de-France.\u00ab Nous vous invitons \u00e0 anticiper vos retours et \u00e0 emprunter nos lignes avant 19h00 \u00bb, \u00e9crit la compagnie dans ses diff\u00e9rents communiqu\u00e9s.\u00a0\u00a0<\/p>\n<blockquote class=\"twitter-tweet\" align=\"center\" data-theme=\"dark\">\n<p lang=\"fr\" dir=\"ltr\">\u26a0\ufe0fVigilance orange M\u00e9t\u00e9o France \u2013 orages violents le 25\/06- Le trafic risque d\u2019\u00eatre perturb\u00e9.<\/p>\n<p>Nous vous recommandons fortement d\u2019effectuer vos trajets avant 19h\u2b07\ufe0f <a href=\"https:\/\/t.co\/efYyDAIv5x\" rel=\"nofollow\">https:\/\/t.co\/efYyDAIv5x<\/a><\/p>\n<p>\u2014 RER D (@RERD_SNCF) <a href=\"https:\/\/twitter.com\/RERD_SNCF\/status\/1937884497988448497?ref_src=twsrc%5Etfw\" rel=\"nofollow noopener\" target=\"_blank\">June 25, 2025<\/a><\/p><\/blockquote>\n<p>17:38<\/p>\n<p>Les parcs ferm\u00e9s \u00e0 Orl\u00e9ans<\/p>\n<p>Les services de la ville d&rsquo;Orl\u00e9ans, qui craignent notamment de potentiels \u00e9pisodes de gr\u00eale et de fortes rafales de vent, ont d\u00e9cid\u00e9 de fermer l&rsquo;acc\u00e8s aux parcs, rapportent nos confr\u00e8res d&rsquo;<a href=\"https:\/\/www.francebleu.fr\/infos\/meteo\/meteo-le-loiret-en-vigilance-orange-aux-orages-ce-mercredi-en-fin-de-journee-8720182\" target=\"_blank\" rel=\"nofollow noopener\">Ici Orl\u00e9ans<\/a>. Le trafic ferroviaire de la r\u00e9gion est \u00e9galement interrompu depuis 16 heures.\u00a0<\/p>\n<p>17:27<\/p>\n<p>Les chutes de gr\u00eale continuent dans les Landes<\/p>\n<p>Une vid\u00e9o prise par un habitant, diffus\u00e9e sur les r\u00e9seaux sociaux, montre d&rsquo;impressions gr\u00ealons tomber un \u00e0 un pr\u00e8s de Dax.\u00a0\u00a0<\/p>\n<blockquote class=\"twitter-tweet\" align=\"center\">\n<p lang=\"fr\" dir=\"ltr\">\u26c8\ufe0f Images de l&rsquo;orage supercellulaire produit de fortes chutes de gr\u00eale dans les Landes, ici pr\u00e8s de Dax. Il gagne le sud-est de la Gironde. (\u00a9 Damien Thibault) <a href=\"https:\/\/t.co\/JclxoN1HQ0\" rel=\"nofollow\">pic.twitter.com\/JclxoN1HQ0<\/a><\/p>\n<p>\u2014 M\u00e9t\u00e9o Express (@MeteoExpress) <a href=\"https:\/\/twitter.com\/MeteoExpress\/status\/1937892809551331836?ref_src=twsrc%5Etfw\" rel=\"nofollow noopener\" target=\"_blank\">June 25, 2025<\/a><\/p><\/blockquote>\n<p>17:18<\/p>\n<p>La foudre approche de Bordeaux<\/p>\n<p>Selon nos confr\u00e8res de <a href=\"https:\/\/www.sudouest.fr\/environnement\/climat\/chaleur\/direct-chaleur-et-orages-violente-degradation-attendue-en-fin-d-apres-midi-52-departements-en-vigilance-suivez-l-evolution-ce-mercredi-25-juin-24988435.php\" target=\"_blank\" rel=\"nofollow noopener\">Sud Ouest<\/a>, les orages remontent et ont atteint la Gironde, o\u00f9 les premiers coups de tonnerre grondent dans la m\u00e9tropole de Bordeaux.\u00a0<\/p>\n<p>17:03<\/p>\n<p>D&rsquo;importants gr\u00ealons tombent \u00e0 Peyrehorade, dans les Landes<\/p>\n<p>Le Sud-ouest de la France est d\u00e9j\u00e0 touch\u00e9 par de premiers orages et des chutes de gr\u00ealons. \u00a0<\/p>\n<blockquote class=\"twitter-tweet\" align=\"center\">\n<p lang=\"fr\" dir=\"ltr\">\u26a1 Un orage supercellulaire provoque des gr\u00ealons atteignant 6 centim\u00e8tres de diam\u00e8tre dans le sud des Landes ! Photo prise au nord de Peyrehorade. (\u00a9 Olivia Abadia) <a href=\"https:\/\/t.co\/0hFfHtOCQp\" rel=\"nofollow\">pic.twitter.com\/0hFfHtOCQp<\/a><\/p>\n<p>\u2014 M\u00e9t\u00e9o Express (@MeteoExpress) <a href=\"https:\/\/twitter.com\/MeteoExpress\/status\/1937880233228538165?ref_src=twsrc%5Etfw\" rel=\"nofollow noopener\" target=\"_blank\">June 25, 2025<\/a><\/p><\/blockquote>\n<p>Contexte<\/p>\n<p>Apr\u00e8s les fortes chaleurs, les orages<\/p>\n<p>Dans les d\u00e9partements limitrophes de ceux plac\u00e9s en alerte, une \u00ab aggravation du niveau de vigilance est possible \u00bb lors des prochaines actualisations.<\/p>\n<p>Les orages se d\u00e9clencheront en deuxi\u00e8me partie d&rsquo;apr\u00e8s-midi, et plut\u00f4t en soir\u00e9e en allant vers l&rsquo;Ile-de-France, la Champagne et la Picardie.<\/p>\n<p>M\u00e9t\u00e9o-France pr\u00e9voit ainsi de fortes pluies, localement des chutes de gr\u00eale de taille moyenne \u00e0 grosse (jusqu&rsquo;\u00e0 deux \u00e0 cinq cm), et des rafales pouvant atteindre 100 km\/h.<\/p>\n<p><script async src=\"https:\/\/platform.twitter.com\/widgets.js\" charset=\"utf-8\"><\/script><\/p>\n","protected":false},"excerpt":{"rendered":"23:58 C&rsquo;est la fin de ce direct !\u00a0 Merci \u00e0 toutes et \u00e0 tous de l&rsquo;avoir suivi. On&hellip;\n","protected":false},"author":2,"featured_media":204850,"comment_status":"","ping_status":"","sticky":false,"template":"","format":"standard","meta":{"footnotes":""},"categories":[1592],"tags":[1111,11,8489,1777,674,1011,27,662,12,4594,626,25],"class_list":{"0":"post-204849","1":"post","2":"type-post","3":"status-publish","4":"format-standard","5":"has-post-thumbnail","7":"category-ile-de-france","8":"tag-actu","9":"tag-actualites","10":"tag-arbre","11":"tag-eu","12":"tag-europe","13":"tag-fr","14":"tag-france","15":"tag-ile-de-france","16":"tag-news","17":"tag-orages","18":"tag-paris","19":"tag-republique-francaise"},"share_on_mastodon":{"url":"https:\/\/pubeurope.com\/@fr\/114747640697310924","error":""},"_links":{"self":[{"href":"https:\/\/www.europesays.com\/fr\/wp-json\/wp\/v2\/posts\/204849","targetHints":{"allow":["GET"]}}],"collection":[{"href":"https:\/\/www.europesays.com\/fr\/wp-json\/wp\/v2\/posts"}],"about":[{"href":"https:\/\/www.europesays.com\/fr\/wp-json\/wp\/v2\/types\/post"}],"author":[{"embeddable":true,"href":"https:\/\/www.europesays.com\/fr\/wp-json\/wp\/v2\/users\/2"}],"replies":[{"embeddable":true,"href":"https:\/\/www.europesays.com\/fr\/wp-json\/wp\/v2\/comments?post=204849"}],"version-history":[{"count":0,"href":"https:\/\/www.europesays.com\/fr\/wp-json\/wp\/v2\/posts\/204849\/revisions"}],"wp:featuredmedia":[{"embeddable":true,"href":"https:\/\/www.europesays.com\/fr\/wp-json\/wp\/v2\/media\/204850"}],"wp:attachment":[{"href":"https:\/\/www.europesays.com\/fr\/wp-json\/wp\/v2\/media?parent=204849"}],"wp:term":[{"taxonomy":"category","embeddable":true,"href":"https:\/\/www.europesays.com\/fr\/wp-json\/wp\/v2\/categories?post=204849"},{"taxonomy":"post_tag","embeddable":true,"href":"https:\/\/www.europesays.com\/fr\/wp-json\/wp\/v2\/tags?post=204849"}],"curies":[{"name":"wp","href":"https:\/\/api.w.org\/{rel}","templated":true}]}}