{"id":204852,"date":"2025-06-26T03:54:32","date_gmt":"2025-06-26T03:54:32","guid":{"rendered":"https:\/\/www.europesays.com\/fr\/204852\/"},"modified":"2025-06-26T03:54:32","modified_gmt":"2025-06-26T03:54:32","slug":"vikash-dhorasoo-se-trouve-un-banc-parisien-france-paris-13-atletico","status":"publish","type":"post","link":"https:\/\/www.europesays.com\/fr\/204852\/","title":{"rendered":"Vikash Dhorasoo se trouve un banc parisien &#8211; France &#8211; Paris 13 Atletico"},"content":{"rendered":"<p data-start=\"232\" data-end=\"319\">Joueur de poker, consultant TV, homme politique, et maintenant\u2026 entra\u00eeneur adjoint.<\/p>\n<p data-start=\"321\" data-end=\"671\">L\u2019ancien milieu de terrain de l\u2019Olympique lyonnais, du Milan et du PSG <strong><a target=\"_blank\" href=\"https:\/\/www.sofoot.com\/breves\/carnet-de-voyage-sept-jours-en-inde-avec-vikash-dhorasoo\" rel=\"nofollow noopener\">Vikash Dhorasoo<\/a> d\u00e9marre un nouveau taf au sein du <a target=\"_blank\" href=\"https:\/\/www.sofoot.com\/breves\/le-stade-du-paris-13-atletico-homologue-grace-a-gianni-infantino\" rel=\"nofollow noopener\">Paris 13 Atletico<\/a><\/strong>, en tant qu\u2019entra\u00eeneur adjoint. L\u2019ex-international fran\u00e7ais a d\u00e9march\u00e9 de lui-m\u00eame les dirigeants du club de National, et rejoint donc <strong>le staff de <a target=\"_blank\" href=\"https:\/\/www.sofoot.com\/breves\/aubagne-se-separe-de-maxence-flachez-a-la-surprise-generale\" rel=\"nofollow noopener\">Maxence Flachez<\/a> pour la saison prochaine<\/strong>.<\/p>\n<p>\u00ab\u202fLe Paris 13 Atletico m\u2019intriguait\u202f\u00bb<\/p>\n<p data-start=\"716\" data-end=\"1359\">\u00c0 51 ans, <strong><a target=\"_blank\" href=\"https:\/\/www.sofoot.com\/breves\/retour-aux-sources-pour-vikash-dhorasoo\" rel=\"nofollow noopener\">le joueur form\u00e9 au Havre<\/a> avait envie d\u2019un nouveau d\u00e9fi, apr\u00e8s avoir entra\u00een\u00e9 les jeunes du Blanc-Mesnil cette saison<\/strong>. Il est \u00e9galement en passe d\u2019obtenir son DES. \u00ab\u202fJ\u2019habite dans le 10e arrondissement, j\u2019ai jou\u00e9 au PSG, <a target=\"_blank\" href=\"https:\/\/www.sofoot.com\/breves\/le-paris-13-atletico-lourdement-sanctionne-avant-de-recevoir-nancy\" rel=\"nofollow noopener\">le Paris 13 Atletico m\u2019intriguait<\/a> [\u2026] et m\u2019int\u00e9ressait vraiment. Je suis un jeune entra\u00eeneur et je vais pouvoir continuer \u00e0 apprendre aux c\u00f4t\u00e9s de Maxence Flachez, contre qui j\u2019ai jou\u00e9. On est au d\u00e9but d\u2019une jolie histoire. <strong>Je viens moi aussi d\u2019un quartier populaire, donc quand je vois le stade Pel\u00e9, je m\u2019y sens bien<\/strong>, m\u00eame si j\u2019ai connu Milanello\u202f\u00bb, a-t-il plaisant\u00e9 au <a target=\"_blank\" href=\"https:\/\/www.leparisien.fr\/sports\/football\/on-partage-des-valeurs-communes-pourquoi-vikash-dhorasoo-rejoint-le-staff-du-paris-13-atletico-en-national-24-06-2025-MTMDQUT6MBE5RPGPZJMUQOQ3O4.php\" rel=\"nofollow noopener\">Parisien<\/a>.<\/p>\n<\/p>\n<p data-start=\"1361\" data-end=\"1389\">Dhorasoo, l\u2019explorateur.<\/p>\n<p>\t\t\t\t\t\t\t\t\t\t<a class=\"lien-connexe\" href=\"https:\/\/www.sofoot.com\/breves\/en-national-le-mans-accompagne-nancy-en-ligue-1-chateauroux-officiellement-relegue-en-national-2\" rel=\"nofollow noopener\" target=\"_blank\">Le Mans monte en Ligue 2, Boulogne devra attendre, Ch\u00e2teauroux chute en National 2<\/a>\t\t\t\t\t<\/p>\n","protected":false},"excerpt":{"rendered":"Joueur de poker, consultant TV, homme politique, et maintenant\u2026 entra\u00eeneur adjoint. L\u2019ancien milieu de terrain de l\u2019Olympique lyonnais,&hellip;\n","protected":false},"author":2,"featured_media":204853,"comment_status":"","ping_status":"","sticky":false,"template":"","format":"standard","meta":{"footnotes":""},"categories":[1888],"tags":[1111,1928,47,11,1927,61,69,65,64,1777,674,63,1011,27,68,66,12,62,1926,626,1925,70,25,67],"class_list":{"0":"post-204852","1":"post","2":"type-post","3":"status-publish","4":"format-standard","5":"has-post-thumbnail","7":"category-paris","8":"tag-actu","9":"tag-actu-paris","10":"tag-actualite","11":"tag-actualites","12":"tag-actualites-paris","13":"tag-actus-football","14":"tag-bundesliga","15":"tag-championnats-europeens","16":"tag-equipe-de-france","17":"tag-eu","18":"tag-europe","19":"tag-football","20":"tag-fr","21":"tag-france","22":"tag-ligua","23":"tag-ligue-1","24":"tag-news","25":"tag-news-foot","26":"tag-news-paris","27":"tag-paris","28":"tag-paris-news","29":"tag-premier-league","30":"tag-republique-francaise","31":"tag-serie-a"},"share_on_mastodon":{"url":"https:\/\/pubeurope.com\/@fr\/114747648464398845","error":""},"_links":{"self":[{"href":"https:\/\/www.europesays.com\/fr\/wp-json\/wp\/v2\/posts\/204852","targetHints":{"allow":["GET"]}}],"collection":[{"href":"https:\/\/www.europesays.com\/fr\/wp-json\/wp\/v2\/posts"}],"about":[{"href":"https:\/\/www.europesays.com\/fr\/wp-json\/wp\/v2\/types\/post"}],"author":[{"embeddable":true,"href":"https:\/\/www.europesays.com\/fr\/wp-json\/wp\/v2\/users\/2"}],"replies":[{"embeddable":true,"href":"https:\/\/www.europesays.com\/fr\/wp-json\/wp\/v2\/comments?post=204852"}],"version-history":[{"count":0,"href":"https:\/\/www.europesays.com\/fr\/wp-json\/wp\/v2\/posts\/204852\/revisions"}],"wp:featuredmedia":[{"embeddable":true,"href":"https:\/\/www.europesays.com\/fr\/wp-json\/wp\/v2\/media\/204853"}],"wp:attachment":[{"href":"https:\/\/www.europesays.com\/fr\/wp-json\/wp\/v2\/media?parent=204852"}],"wp:term":[{"taxonomy":"category","embeddable":true,"href":"https:\/\/www.europesays.com\/fr\/wp-json\/wp\/v2\/categories?post=204852"},{"taxonomy":"post_tag","embeddable":true,"href":"https:\/\/www.europesays.com\/fr\/wp-json\/wp\/v2\/tags?post=204852"}],"curies":[{"name":"wp","href":"https:\/\/api.w.org\/{rel}","templated":true}]}}