{"id":204856,"date":"2025-06-26T03:56:10","date_gmt":"2025-06-26T03:56:10","guid":{"rendered":"https:\/\/www.europesays.com\/fr\/204856\/"},"modified":"2025-06-26T03:56:10","modified_gmt":"2025-06-26T03:56:10","slug":"a-paris-deux-entraineurs-du-complexe-de-tennis-pereire-deposent-plainte-ma-vue-sest-abimee-sur-ces-terrains","status":"publish","type":"post","link":"https:\/\/www.europesays.com\/fr\/204856\/","title":{"rendered":"\u00c0 Paris, deux entra\u00eeneurs du complexe de tennis Pereire d\u00e9posent plainte\u00a0: \u00ab\u00a0Ma vue s\u2019est ab\u00eem\u00e9e sur ces terrains\u00a0\u00bb"},"content":{"rendered":"<p class=\"paragraph text_align_left lp-f-body-02\">Il en est \u00e0 sa deuxi\u00e8me op\u00e9ration de l\u2019\u0153il et peine encore \u00e0 fixer son interlocuteur. Amani Jumatano, 72 ans, est un des professeurs de tennis embl\u00e9matiques du complexe sportif Pereire (XVIIe). Mais la \u00ab panth\u00e8re noire \u00bb, surnom d\u2019un temps o\u00f9 il caracolait aux alentours de la 380e place mondiale, en 1982, n\u2019est plus aussi alerte aujourd\u2019hui. \u00ab C\u2019est \u00e0 cause de l\u2019\u00e9clairage sur les terrains de Pereire \u00bb, soupire-t-il.<\/p>\n<p class=\"paragraph text_align_left lp-f-body-02\">Il a d\u00e9cid\u00e9 d\u2019engager une proc\u00e9dure contre le <a href=\"https:\/\/www.leparisien.fr\/paris-75\/paris-fermes-depuis-deux-ans-les-courts-de-tennis-du-jardin-du-luxembourg-rouvrent-enfin-mais-sans-ecole-25-04-2025-MK7VT64JTBFRTDDZP45ZQLRIR4.php\" target=\"_blank\" rel=\"noreferrer nofollow noopener\">Comit\u00e9 de Paris Tennis, gestionnaire du site<\/a>: \u00ab Je d\u00e9pose plainte parce que ma vue s\u2019est ab\u00eem\u00e9e \u00e0 force d\u2019\u00eatre sur ces courts mal \u00e9clair\u00e9s, je ne peux plus entra\u00eener le soir d\u00e9sormais. Cela engendre une perte de salaire, mais ce que je veux c\u2019est que les gens puissent jouer la nuit \u00e0 nouveau \u00bb, reprend celui qui a commenc\u00e9 le tennis sur le tard, \u00e0 17 ans, au Burundi, avant de fuir la guerre et de venir vivre en France o\u00f9 il a jou\u00e9 pour le Racing d\u00e8s le milieu des ann\u00e9es 1970. L\u00e0, il est devenu l\u2019ami de Jean-Paul Belmondo et de Claude Lelouch.<\/p>\n<p class=\"paragraph text_align_left lp-f-body-02\">Apr\u00e8s avoir coach\u00e9 Ronald Ag\u00e9nor \u2014 qui s\u2019\u00e9tait hiss\u00e9 sous sa houlette jusqu\u2019en quarts de finale \u00e0 <a href=\"https:\/\/www.leparisien.fr\/sports\/tennis\/roland-garros\/\" target=\"_blank\" rel=\"noreferrer nofollow noopener\">Roland-Garros<\/a> en 1989, s\u2019inclinant face au futur vainqueur Michael Chang \u2014, Amani Jumatano s\u2019est tourn\u00e9 vers l\u2019enseignement pour les enfants et le loisir. Depuis dix ans, il donne des cours \u00e0 Pereire.<\/p>\n<p class=\"paragraph text_align_left lp-f-body-02\">\u00ab Tout l\u2019hiver, on joue avec un c\u00f4t\u00e9 dans la p\u00e9nombre, et de l\u2019autre on est \u00e9bloui\u00bb, poursuit l\u2019entra\u00eeneur, qui compare ses cours \u00e0 l\u2019observation d\u2019une \u00ab \u00e9clipse solaire \u00bb lorsqu\u2019il repasse en coup droit face \u00e0 la lumi\u00e8re apr\u00e8s avoir dilat\u00e9 ses pupilles en frappant des revers du c\u00f4t\u00e9 sombre. Car les terrains sont \u00e9clair\u00e9s par une barre de lumi\u00e8re install\u00e9e sur une b\u00e2che, sur un bord de terrain seulement.<\/p>\n<p><img decoding=\"async\" class=\"image \" loading=\"lazy\" src=\"https:\/\/www.europesays.com\/fr\/wp-content\/uploads\/2025\/06\/TUJHVLXTTFGZDDVCLAORNNGTLI.jpg\" alt=\"Complexe sportif Pereire (XVIIe) jeudi 12 juin. Les courts sont \u00e9clair\u00e9s par une unique barre lat\u00e9rale compos\u00e9e de plusieurs spots. LP\/Arnaud Dumontier\" align=\"\" data-rubrique-principale=\"\" data-article-type=\"\" fetchpriority=\"auto\"\/>Complexe sportif Pereire (XVIIe) jeudi 12 juin. Les courts sont \u00e9clair\u00e9s par une unique barre lat\u00e9rale compos\u00e9e de plusieurs spots. LP\/Arnaud Dumontier <\/p>\n<p class=\"paragraph text_align_left lp-f-body-02\">Amani Jumatano d\u00e9pose plainte pour d\u00e9tournement de fonds publics et escroquerie car, selon lui, le Comit\u00e9 de Paris Tennis n\u2019a toujours pas am\u00e9liorer l\u2019\u00e9clairage, alors qu\u2019il a per\u00e7u une subvention pour r\u00e9aliser les travaux voici\u2026 six ans. Malgr\u00e9 une \u00ab faveur \u00bb sur les loyers en contrepartie de travaux \u00e0 r\u00e9aliser, le Comit\u00e9 a toutefois demand\u00e9 de l\u2019aide \u00e0 la Ville en 2018, lorsqu\u2019il a fallu r\u00e9nover les terrains et refaire l\u2019\u00e9clairage tant d\u00e9cri\u00e9 par les usagers. <a href=\"https:\/\/www.leparisien.fr\/paris-75\/paris-ou-est-passee-la-subvention-de-la-ville-pour-renover-le-complexe-de-tennis-pereire-26-06-2025-T7FDHQI7I5GO3IPQHZTR5YQ2LQ.php\" target=\"_blank\" rel=\"noreferrer nofollow noopener\">Le devis \u00e9tait estim\u00e9 \u00e0 230 000 euros en tout, et la Ville a donn\u00e9 50 000 euros de subvention. Si les terrains ont bien \u00e9t\u00e9 r\u00e9nov\u00e9s, l\u2019\u00e9clairage, lui, n\u2019est pas meilleur<\/a>.<\/p>\n<p class=\"paragraph text_align_left lp-f-body-02\">\u00ab La plupart de nos adh\u00e9rents refusent de venir au-del\u00e0 de 17 heures l\u2019hiver, ils ne voient rien \u00bb, admet un autre entra\u00eeneur. La plainte de l\u2019ancien double champion d\u2019Afrique a d\u00e9cid\u00e9 un autre coach \u00e0 d\u00e9poser plainte aussi. \u00ab Beaucoup craignent de perdre leur travail en r\u00e2lant ou d\u2019\u00eatre emb\u00eat\u00e9s par le Comit\u00e9 ensuite, mais l\u2019un de mes yeux a trop faibli. Ce n\u2019est pas la cataracte, j\u2019ai de vrais probl\u00e8mes \u00e0 force d\u2019\u00eatre vingt heures par semaine sur ces courts \u00bb, soupire Anatole, 56 ans.<\/p>\n","protected":false},"excerpt":{"rendered":"Il en est \u00e0 sa deuxi\u00e8me op\u00e9ration de l\u2019\u0153il et peine encore \u00e0 fixer son interlocuteur. Amani Jumatano,&hellip;\n","protected":false},"author":2,"featured_media":204857,"comment_status":"","ping_status":"","sticky":false,"template":"","format":"standard","meta":{"footnotes":""},"categories":[1888],"tags":[11,1777,674,118,1011,27,1944,12,626,25],"class_list":{"0":"post-204856","1":"post","2":"type-post","3":"status-publish","4":"format-standard","5":"has-post-thumbnail","7":"category-paris","8":"tag-actualites","9":"tag-eu","10":"tag-europe","11":"tag-faits-divers","12":"tag-fr","13":"tag-france","14":"tag-ma-ville","15":"tag-news","16":"tag-paris","17":"tag-republique-francaise"},"share_on_mastodon":{"url":"https:\/\/pubeurope.com\/@fr\/114747656383543154","error":""},"_links":{"self":[{"href":"https:\/\/www.europesays.com\/fr\/wp-json\/wp\/v2\/posts\/204856","targetHints":{"allow":["GET"]}}],"collection":[{"href":"https:\/\/www.europesays.com\/fr\/wp-json\/wp\/v2\/posts"}],"about":[{"href":"https:\/\/www.europesays.com\/fr\/wp-json\/wp\/v2\/types\/post"}],"author":[{"embeddable":true,"href":"https:\/\/www.europesays.com\/fr\/wp-json\/wp\/v2\/users\/2"}],"replies":[{"embeddable":true,"href":"https:\/\/www.europesays.com\/fr\/wp-json\/wp\/v2\/comments?post=204856"}],"version-history":[{"count":0,"href":"https:\/\/www.europesays.com\/fr\/wp-json\/wp\/v2\/posts\/204856\/revisions"}],"wp:featuredmedia":[{"embeddable":true,"href":"https:\/\/www.europesays.com\/fr\/wp-json\/wp\/v2\/media\/204857"}],"wp:attachment":[{"href":"https:\/\/www.europesays.com\/fr\/wp-json\/wp\/v2\/media?parent=204856"}],"wp:term":[{"taxonomy":"category","embeddable":true,"href":"https:\/\/www.europesays.com\/fr\/wp-json\/wp\/v2\/categories?post=204856"},{"taxonomy":"post_tag","embeddable":true,"href":"https:\/\/www.europesays.com\/fr\/wp-json\/wp\/v2\/tags?post=204856"}],"curies":[{"name":"wp","href":"https:\/\/api.w.org\/{rel}","templated":true}]}}