{"id":204860,"date":"2025-06-26T03:58:13","date_gmt":"2025-06-26T03:58:13","guid":{"rendered":"https:\/\/www.europesays.com\/fr\/204860\/"},"modified":"2025-06-26T03:58:13","modified_gmt":"2025-06-26T03:58:13","slug":"lukraine-et-le-conseil-de-leurope-signent-un-accord-pour-la-creation-dun-tribunal-special-26-06-2025-a-0534","status":"publish","type":"post","link":"https:\/\/www.europesays.com\/fr\/204860\/","title":{"rendered":"L&rsquo;Ukraine et le Conseil de l&rsquo;Europe signent un accord pour la cr\u00e9ation d&rsquo;un tribunal sp\u00e9cial &#8211; 26\/06\/2025 \u00e0 05:34"},"content":{"rendered":"<p>\n L&rsquo;Ukraine et le Conseil de l&rsquo;Europe<br \/>\nont sign\u00e9 mercredi un accord pour instituer un tribunal sp\u00e9cial<br \/>\ndestin\u00e9 \u00e0 traduire en justice de hauts responsables russes pour<br \/>\nle \u00ab\u00a0crime d&rsquo;agressions contre l&rsquo;Ukraine\u00a0\u00bb.\n<\/p>\n<p>\n Le pr\u00e9sident ukrainien, Volodimir Zelensky, et le secr\u00e9taire<br \/>\ng\u00e9n\u00e9ral du Conseil de l&rsquo;Europe, Alain Berset, ont sign\u00e9 l&rsquo;accord<br \/>\n\u00e0 Strasbourg.\n<\/p>\n<p>\n \u00ab\u00a0Il s&rsquo;agit vraiment d&rsquo;une \u00e9tape tr\u00e8s importante. Tout<br \/>\ncriminel de guerre doit savoir que justice sera faite, et cela<br \/>\ns&rsquo;applique aussi \u00e0 la Russie. Nous sommes en train de donner un<br \/>\ns\u00e9rieux coup d&rsquo;acc\u00e9l\u00e9rateur au travail juridique\u00a0\u00bb, a d\u00e9clar\u00e9<br \/>\nVolidimir Zelensky.\n<\/p>\n<p>\n \u00ab\u00a0Il reste encore un long chemin \u00e0 parcourir. L&rsquo;accord<br \/>\nd&rsquo;aujourd&rsquo;hui n&rsquo;est qu&rsquo;un d\u00e9but. Nous devons prendre des mesures<br \/>\nconcr\u00e8tes pour le mettre en oeuvre. Il faudra une coop\u00e9ration<br \/>\npolitique et juridique forte pour s&rsquo;assurer que tous les<br \/>\ncriminels de guerre russes, y compris (le pr\u00e9sident Vladimir)<br \/>\nPoutine, soient traduits en justice\u00a0\u00bb\n<\/p>\n<p>\n L&rsquo;Ukraine r\u00e9clame la cr\u00e9ation d&rsquo;un tel organe depuis le<br \/>\nd\u00e9but de son invasion \u00e0 grande \u00e9chelle du pays en f\u00e9vrier 2022,<br \/>\naccusant les troupes russes d&rsquo;avoir commis des milliers de<br \/>\ncrimes de guerre.\n<\/p>\n<p>\n Le Conseil de l&rsquo;Europe a approuv\u00e9 la cr\u00e9ation de ce tribunal<br \/>\nen mai, d\u00e9clarant qu&rsquo;il \u00e9tait destin\u00e9 \u00e0 travailler aux c\u00f4t\u00e9s la<br \/>\nCour p\u00e9nale internationale (CPI), qui a \u00e9mis en 2023 un mandat<br \/>\nd&rsquo;arr\u00eat contre le pr\u00e9sident russe Vladimir Poutine pour son r\u00f4le<br \/>\npr\u00e9sum\u00e9 dans le transfert en Russie d&rsquo;enfants ukrainiens.\n<\/p>\n<p>\n (Ron Popeski; version fran\u00e7aise Camille Raynaud)<\/p>\n","protected":false},"excerpt":{"rendered":"L&rsquo;Ukraine et le Conseil de l&rsquo;Europe ont sign\u00e9 mercredi un accord pour instituer un tribunal sp\u00e9cial destin\u00e9 \u00e0&hellip;\n","protected":false},"author":2,"featured_media":2486,"comment_status":"","ping_status":"","sticky":false,"template":"","format":"standard","meta":{"footnotes":""},"categories":[1590],"tags":[400,11,398,408,405,1777,674,403,402,399,404,12,401,406,220,407],"class_list":{"0":"post-204860","1":"post","2":"type-post","3":"status-publish","4":"format-standard","5":"has-post-thumbnail","7":"category-ukraine","8":"tag-action-cac-40","9":"tag-actualites","10":"tag-bourse-de-paris","11":"tag-boursorama","12":"tag-cotations","13":"tag-eu","14":"tag-europe","15":"tag-indices-devises","16":"tag-investir","17":"tag-investissement","18":"tag-marche-boursier","19":"tag-news","20":"tag-sicav","21":"tag-trackers","22":"tag-ukraine","23":"tag-warrants"},"share_on_mastodon":{"url":"https:\/\/pubeurope.com\/@fr\/114747664239294811","error":""},"_links":{"self":[{"href":"https:\/\/www.europesays.com\/fr\/wp-json\/wp\/v2\/posts\/204860","targetHints":{"allow":["GET"]}}],"collection":[{"href":"https:\/\/www.europesays.com\/fr\/wp-json\/wp\/v2\/posts"}],"about":[{"href":"https:\/\/www.europesays.com\/fr\/wp-json\/wp\/v2\/types\/post"}],"author":[{"embeddable":true,"href":"https:\/\/www.europesays.com\/fr\/wp-json\/wp\/v2\/users\/2"}],"replies":[{"embeddable":true,"href":"https:\/\/www.europesays.com\/fr\/wp-json\/wp\/v2\/comments?post=204860"}],"version-history":[{"count":0,"href":"https:\/\/www.europesays.com\/fr\/wp-json\/wp\/v2\/posts\/204860\/revisions"}],"wp:featuredmedia":[{"embeddable":true,"href":"https:\/\/www.europesays.com\/fr\/wp-json\/wp\/v2\/media\/2486"}],"wp:attachment":[{"href":"https:\/\/www.europesays.com\/fr\/wp-json\/wp\/v2\/media?parent=204860"}],"wp:term":[{"taxonomy":"category","embeddable":true,"href":"https:\/\/www.europesays.com\/fr\/wp-json\/wp\/v2\/categories?post=204860"},{"taxonomy":"post_tag","embeddable":true,"href":"https:\/\/www.europesays.com\/fr\/wp-json\/wp\/v2\/tags?post=204860"}],"curies":[{"name":"wp","href":"https:\/\/api.w.org\/{rel}","templated":true}]}}