{"id":204864,"date":"2025-06-26T04:01:19","date_gmt":"2025-06-26T04:01:19","guid":{"rendered":"https:\/\/www.europesays.com\/fr\/204864\/"},"modified":"2025-06-26T04:01:19","modified_gmt":"2025-06-26T04:01:19","slug":"le-comite-de-jumelage-en-visite-en-allemagne","status":"publish","type":"post","link":"https:\/\/www.europesays.com\/fr\/204864\/","title":{"rendered":"Le comit\u00e9 de jumelage en visite en Allemagne"},"content":{"rendered":"<p>Dans le cadre du jumelage existant entre la ville de Pont-Saint-Esprit et Egelbach (Allemagne), le comit\u00e9 de jumelage (Coju) a \u00e9t\u00e9 invit\u00e9 \u00e0 participer \u00e0 la comm\u00e9moration des 750 ans de la ville.<\/p>\n<p>Du 13 au 16 juin, une d\u00e9l\u00e9gation de quinze Spiripontains, dont le maire Val\u00e8re Segal et quelques autres \u00e9lus, auxquels se sont joints quatre jeunes du Conseil municipal des jeunes (CMJ) et sept adh\u00e9rents du Coju, a donc fait le d\u00e9placement vers la ville jumel\u00e9e d\u2019Egelsbach.<\/p>\n<p>Egelsbach est jumel\u00e9e \u00e9galement avec la ville polonaise de Chojnow.<\/p>\n<p>Accueil des d\u00e9l\u00e9gations fran\u00e7aise et polonaise, parade dans la ville avec d\u00e9fil\u00e9 des d\u00e9l\u00e9gations, animations dans la ville (concerts, expositions\u2026) ont anim\u00e9 ces trois jours de visite.<\/p>\n<p>Erick Mathevet, pr\u00e9sident du Coju, a en partie tenu le stand des cr\u00eapes, g\u00e9r\u00e9 par L\u2019AKPSE (Coju allemand).<\/p>\n<p>Ce stand n\u2019a pas cess\u00e9 de fonctionner, de midi \u00e0 17 heures.<\/p>\n<p>Martine Meunier a expos\u00e9 une photographie du \u00ab\u00a0pont\u00a0\u00bb, dans la maison des artistes locale.<\/p>\n<p>Le th\u00e8me pour l\u2019occasion a eu un lien avec les 750 ans de la ville. Martine a brillamment relev\u00e9 le d\u00e9fi.<\/p>\n<p>Ce s\u00e9jour a \u00e9t\u00e9 l\u2019occasion de nombreux \u00e9changes avec la population, les associations, les jeunes du CMJ ont pu retrouver leurs homologues du \u00ab\u00a0jugendparlament\u00a0\u00bb. Tous les participants sont revenus enchant\u00e9s de ce s\u00e9jour. Tout le monde a h\u00e2te de se retrouver l\u2019an prochain pour poursuivre cette relation entam\u00e9e en 1991.<\/p>\n<p>Correspondant Midi Libre : 07 67 90 31 13<\/p>\n","protected":false},"excerpt":{"rendered":"Dans le cadre du jumelage existant entre la ville de Pont-Saint-Esprit et Egelbach (Allemagne), le comit\u00e9 de jumelage&hellip;\n","protected":false},"author":2,"featured_media":204865,"comment_status":"","ping_status":"","sticky":false,"template":"","format":"standard","meta":{"footnotes":""},"categories":[1587],"tags":[11,672,1804,1805,1803,1777,674,1801,12,1802],"class_list":{"0":"post-204864","1":"post","2":"type-post","3":"status-publish","4":"format-standard","5":"has-post-thumbnail","7":"category-allemagne","8":"tag-actualites","9":"tag-allemagne","10":"tag-bundesrepublik-deutschland","11":"tag-de","12":"tag-deutschland","13":"tag-eu","14":"tag-europe","15":"tag-germany","16":"tag-news","17":"tag-republique-federale-dallemagne"},"share_on_mastodon":{"url":"https:\/\/pubeurope.com\/@fr\/114747675997560392","error":""},"_links":{"self":[{"href":"https:\/\/www.europesays.com\/fr\/wp-json\/wp\/v2\/posts\/204864","targetHints":{"allow":["GET"]}}],"collection":[{"href":"https:\/\/www.europesays.com\/fr\/wp-json\/wp\/v2\/posts"}],"about":[{"href":"https:\/\/www.europesays.com\/fr\/wp-json\/wp\/v2\/types\/post"}],"author":[{"embeddable":true,"href":"https:\/\/www.europesays.com\/fr\/wp-json\/wp\/v2\/users\/2"}],"replies":[{"embeddable":true,"href":"https:\/\/www.europesays.com\/fr\/wp-json\/wp\/v2\/comments?post=204864"}],"version-history":[{"count":0,"href":"https:\/\/www.europesays.com\/fr\/wp-json\/wp\/v2\/posts\/204864\/revisions"}],"wp:featuredmedia":[{"embeddable":true,"href":"https:\/\/www.europesays.com\/fr\/wp-json\/wp\/v2\/media\/204865"}],"wp:attachment":[{"href":"https:\/\/www.europesays.com\/fr\/wp-json\/wp\/v2\/media?parent=204864"}],"wp:term":[{"taxonomy":"category","embeddable":true,"href":"https:\/\/www.europesays.com\/fr\/wp-json\/wp\/v2\/categories?post=204864"},{"taxonomy":"post_tag","embeddable":true,"href":"https:\/\/www.europesays.com\/fr\/wp-json\/wp\/v2\/tags?post=204864"}],"curies":[{"name":"wp","href":"https:\/\/api.w.org\/{rel}","templated":true}]}}