{"id":204867,"date":"2025-06-26T04:03:09","date_gmt":"2025-06-26T04:03:09","guid":{"rendered":"https:\/\/www.europesays.com\/fr\/204867\/"},"modified":"2025-06-26T04:03:09","modified_gmt":"2025-06-26T04:03:09","slug":"lunion-europeenne-dispersee-facon-puzzle-sur-le-moyen-orient-liberation","status":"publish","type":"post","link":"https:\/\/www.europesays.com\/fr\/204867\/","title":{"rendered":"l\u2019Union europ\u00e9enne dispers\u00e9e fa\u00e7on puzzle sur le Moyen-Orient \u2013 Lib\u00e9ration"},"content":{"rendered":"<p class=\"sc-ksZaOG ehjQrN text-element\">S\u2019ils ont r\u00e9ussi, \u00e0 la surprise g\u00e9n\u00e9rale, \u00e0 rester unis depuis 2022 face \u00e0 la Russie, les Vingt-Sept se sont dispers\u00e9s fa\u00e7on puzzle sur le dossier moyen-oriental. En effet, les Etats membres sont \u00e0 peu pr\u00e8s en d\u00e9saccord sur tout, que ce soit <a href=\"https:\/\/www.liberation.fr\/international\/moyen-orient\/entre-liran-israel-et-les-etats-unis-une-guerre-de-douze-jours-et-des-questions-20250624_LGJ2JLOK5NHMXE3Y6OLKJ4K4KQ\/\" target=\"_blank\" rel=\"noreferrer nofollow noopener\" title=\"https:\/\/www.liberation.fr\/international\/moyen-orient\/entre-liran-israel-et-les-etats-unis-une-guerre-de-douze-jours-et-des-questions-20250624_LGJ2JLOK5NHMXE3Y6OLKJ4K4KQ\/\">sur la \u00abguerre des douze jours\u00bb<\/a> entre Isra\u00ebl et l\u2019Iran, sur le conflit \u00e0 Gaza, sur l\u2019avenir de la Palestine et m\u00eame sur la menace que repr\u00e9sente l\u2019islamisme politique. R\u00e9sultat, l\u2019UE en est r\u00e9duite \u00e0 regarder les missiles voler et les victimes s\u2019accumuler en invoquant, en vain, les m\u00e2nes d\u2019une \u00absolution diplomatique\u00bb, comme elle va le faire \u00e0 l\u2019issue du Conseil europ\u00e9en des chefs d\u2019Etat et de gouvernement qui se r\u00e9unit les jeudi 26 et vendredi 27 juin \u00e0 Bruxelles.<\/p>\n<p class=\"sc-ksZaOG ehjQrN text-element\">On se pince lorsqu\u2019on entend l\u2019Elys\u00e9e affirmer cr\u00e2nement que ce sommet va montrer que \u00abl\u2019Union europ\u00e9enne, qui avance sur son agenda de d\u00e9fense et de souverainet\u00e9, joue son r\u00f4le dans le monde et apporte des r\u00e9ponses aux crises\u00bb. Certes, l\u2019UE a d\u00e9cid\u00e9 <a href=\"https:\/\/www.liberation.fr\/international\/europe\/rearmement-europeen-ursula-von-der-leyen-accelere-la-cadence-20250318_47Q&lt;\/p&gt;&lt;\/div&gt;&lt;\/article&gt;&lt;\/div&gt;&lt;div data-fusion-lazy-id=\" f0f8vgvlad832fw=\"\" rel=\"nofollow noopener\" target=\"_blank\"><\/p>\n","protected":false},"excerpt":{"rendered":"S\u2019ils ont r\u00e9ussi, \u00e0 la surprise g\u00e9n\u00e9rale, \u00e0 rester unis depuis 2022 face \u00e0 la Russie, les Vingt-Sept&hellip;\n","protected":false},"author":2,"featured_media":204868,"comment_status":"","ping_status":"","sticky":false,"template":"","format":"standard","meta":{"footnotes":""},"categories":[1586],"tags":[11,75,1777,674,1779,1011,27,3522,12,25,1778,297,364],"class_list":{"0":"post-204867","1":"post","2":"type-post","3":"status-publish","4":"format-standard","5":"has-post-thumbnail","7":"category-europe","8":"tag-actualites","9":"tag-donald-trump","10":"tag-eu","11":"tag-europe","12":"tag-european-union","13":"tag-fr","14":"tag-france","15":"tag-guerre-hamas-israel","16":"tag-news","17":"tag-republique-francaise","18":"tag-ue","19":"tag-ukraine-la-crise","20":"tag-union-europeenne"},"share_on_mastodon":{"url":"https:\/\/pubeurope.com\/@fr\/114747683910816057","error":""},"_links":{"self":[{"href":"https:\/\/www.europesays.com\/fr\/wp-json\/wp\/v2\/posts\/204867","targetHints":{"allow":["GET"]}}],"collection":[{"href":"https:\/\/www.europesays.com\/fr\/wp-json\/wp\/v2\/posts"}],"about":[{"href":"https:\/\/www.europesays.com\/fr\/wp-json\/wp\/v2\/types\/post"}],"author":[{"embeddable":true,"href":"https:\/\/www.europesays.com\/fr\/wp-json\/wp\/v2\/users\/2"}],"replies":[{"embeddable":true,"href":"https:\/\/www.europesays.com\/fr\/wp-json\/wp\/v2\/comments?post=204867"}],"version-history":[{"count":0,"href":"https:\/\/www.europesays.com\/fr\/wp-json\/wp\/v2\/posts\/204867\/revisions"}],"wp:featuredmedia":[{"embeddable":true,"href":"https:\/\/www.europesays.com\/fr\/wp-json\/wp\/v2\/media\/204868"}],"wp:attachment":[{"href":"https:\/\/www.europesays.com\/fr\/wp-json\/wp\/v2\/media?parent=204867"}],"wp:term":[{"taxonomy":"category","embeddable":true,"href":"https:\/\/www.europesays.com\/fr\/wp-json\/wp\/v2\/categories?post=204867"},{"taxonomy":"post_tag","embeddable":true,"href":"https:\/\/www.europesays.com\/fr\/wp-json\/wp\/v2\/tags?post=204867"}],"curies":[{"name":"wp","href":"https:\/\/api.w.org\/{rel}","templated":true}]}}