{"id":204873,"date":"2025-06-26T04:06:17","date_gmt":"2025-06-26T04:06:17","guid":{"rendered":"https:\/\/www.europesays.com\/fr\/204873\/"},"modified":"2025-06-26T04:06:17","modified_gmt":"2025-06-26T04:06:17","slug":"championnats-de-france-du-contre-la-montre-pourquoi-thibault-guernalec-na-jamais-regarde-si-haut","status":"publish","type":"post","link":"https:\/\/www.europesays.com\/fr\/204873\/","title":{"rendered":"Championnats de France du contre-la-montre\u00a0: pourquoi Thibault Guernalec n\u2019a jamais regard\u00e9 si haut"},"content":{"rendered":"<p>Championnats de France aux Herbiers<\/p>\n<p>Une seconde, une petite seconde. C\u2019est l\u2019avance qui avait permis \u00e0 Thibault Guernalec d\u2019aller d\u00e9crocher son premier podium (aux d\u00e9pens de l\u2019ancien double champion de France de la sp\u00e9cialit\u00e9, R\u00e9mi Cavagna) sur un rendez-vous national, l\u2019an pass\u00e9, autour de Saint-Martin-de-Landelles. \u00ab Je courais apr\u00e8s depuis plusieurs ann\u00e9es (5e en 2020 et 2022, 7e en 2023), j\u2019\u00e9tais tr\u00e8s fier d\u2019\u00eatre parvenu \u00e0 ramener cette m\u00e9daille \u00bb, confie le Ch\u00e2teaulinois d\u2019origine. Plus lib\u00e9r\u00e9, d\u00e9livr\u00e9, l\u2019ancien champion de France espoirs (2019) de la discipline ambitionne bien davantage en Vend\u00e9e.<\/p>\n<p>Nouveau cap<\/p>\n<p>\u00ab Pour la premi\u00e8re fois, j\u2018y vais pour le titre. J\u2019ai un super v\u00e9lo, je joue avec un mat\u00e9riel \u00e9quivalent \u00e0 celui de mes adversaires, cela me permet d\u2019\u00eatre plus serein dans ma t\u00eate, cela me tire vers le haut, cela me booste \u00bb, confirme celui qui, cette saison, a pass\u00e9 un nouveau cap en chrono. Il a ainsi pris la 4e place du contre-la-montre de l\u2019\u00c9toile de Bess\u00e8ges, la 7e de celui du Tour de Romandie et la 12e de celui du r\u00e9cent Dauphin\u00e9 o\u00f9 l\u2019opposition \u00e9tait tr\u00e8s relev\u00e9e. Elle sera moindre aux Herbiers. \u00ab <a href=\"https:\/\/www.letelegramme.fr\/sports\/cyclisme\/cest-un-statut-que-jai-envie-dassumer-kevin-vauquelin-aborde-les-championnats-de-france-avec-ambition-dans-le-costume-de-favori-6842609.php\" title=\"www.letelegramme.fr\" target=\"_blank\" rel=\"noopener\">Kevin (Vauquelin, son co\u00e9quipier chez Ark\u00e9a) sera l\u2019archi favori<\/a>. Derri\u00e8re, \u00e7a pourrait se jouer dans un mouchoir de poche \u00bb, ajoute-t-il en citant Cavagna, Armirail (le champion sortant), Thomas, Brunel, Latour ou encore le prodige Seixas.<\/p>\n<p>\u00ab Sur un championnat de France, tout reste possible. C\u2019est la forme du moment, de l\u2019instant, qui compte \u00bb. \u00c7a tombe bien, celle du Breton, qui devrait d\u00e9couvrir le Tour de France d\u00e9but juillet, n\u2019a jamais \u00e9t\u00e9 aussi bonne.<\/p>\n","protected":false},"excerpt":{"rendered":"Championnats de France aux Herbiers Une seconde, une petite seconde. C\u2019est l\u2019avance qui avait permis \u00e0 Thibault Guernalec&hellip;\n","protected":false},"author":2,"featured_media":204874,"comment_status":"","ping_status":"","sticky":false,"template":"","format":"standard","meta":{"footnotes":""},"categories":[4],"tags":[11,34378,6206,207,3166,1011,27,12,2427,25,60],"class_list":{"0":"post-204873","1":"post","2":"type-post","3":"status-publish","4":"format-standard","5":"has-post-thumbnail","7":"category-france","8":"tag-actualites","9":"tag-arkea-bb-hotels","10":"tag-chateaulin","11":"tag-cyclisme","12":"tag-en-continu-sports","13":"tag-fr","14":"tag-france","15":"tag-news","16":"tag-professionnels","17":"tag-republique-francaise","18":"tag-sports"},"share_on_mastodon":{"url":"https:\/\/pubeurope.com\/@fr\/114747695636954944","error":""},"_links":{"self":[{"href":"https:\/\/www.europesays.com\/fr\/wp-json\/wp\/v2\/posts\/204873","targetHints":{"allow":["GET"]}}],"collection":[{"href":"https:\/\/www.europesays.com\/fr\/wp-json\/wp\/v2\/posts"}],"about":[{"href":"https:\/\/www.europesays.com\/fr\/wp-json\/wp\/v2\/types\/post"}],"author":[{"embeddable":true,"href":"https:\/\/www.europesays.com\/fr\/wp-json\/wp\/v2\/users\/2"}],"replies":[{"embeddable":true,"href":"https:\/\/www.europesays.com\/fr\/wp-json\/wp\/v2\/comments?post=204873"}],"version-history":[{"count":0,"href":"https:\/\/www.europesays.com\/fr\/wp-json\/wp\/v2\/posts\/204873\/revisions"}],"wp:featuredmedia":[{"embeddable":true,"href":"https:\/\/www.europesays.com\/fr\/wp-json\/wp\/v2\/media\/204874"}],"wp:attachment":[{"href":"https:\/\/www.europesays.com\/fr\/wp-json\/wp\/v2\/media?parent=204873"}],"wp:term":[{"taxonomy":"category","embeddable":true,"href":"https:\/\/www.europesays.com\/fr\/wp-json\/wp\/v2\/categories?post=204873"},{"taxonomy":"post_tag","embeddable":true,"href":"https:\/\/www.europesays.com\/fr\/wp-json\/wp\/v2\/tags?post=204873"}],"curies":[{"name":"wp","href":"https:\/\/api.w.org\/{rel}","templated":true}]}}