{"id":204877,"date":"2025-06-26T04:09:12","date_gmt":"2025-06-26T04:09:12","guid":{"rendered":"https:\/\/www.europesays.com\/fr\/204877\/"},"modified":"2025-06-26T04:09:12","modified_gmt":"2025-06-26T04:09:12","slug":"transfert-top-14-3-recrues-de-plus-au-rct-des-noms-circulent","status":"publish","type":"post","link":"https:\/\/www.europesays.com\/fr\/204877\/","title":{"rendered":"TRANSFERT. TOP 14. 3 recrues de plus au RCT ? Des noms circulent"},"content":{"rendered":"<p><strong>Le mercato du RCT n&rsquo;est finalement peut-\u00eatre pas termin\u00e9<\/strong>. C&rsquo;est du moins ce qu&rsquo;a affirm\u00e9 Bernard Lema\u00eetre, le pr\u00e9sident toulonnais, \u00e0 la Garden Party de fin de saison du club, relat\u00e9 par de nombreux supporters sur place.<\/p>\n<p>Dans un discours qu&rsquo;il a tenu face aux fid\u00e8les du RC <a href=\"https:\/\/www.lerugbynistere.fr\/clubs\/rugby-club-toulonnais.php\" ui-sref=\"app.team({teamId: 28})\" alt=\"Toulon\" data-route=\"app.team\" data-param=\"teamId\" data-id=\"28\" rel=\"nofollow noopener\" target=\"_blank\">Toulon<\/a>, <strong>il aurait en effet annonc\u00e9 que 3 joueurs suppl\u00e9mentaires allaient \u00eatre recrut\u00e9s par le club<\/strong>, en vue de la saison prochaine.<\/p>\n<blockquote class=\"twitter-tweet\"><p>&#13;<\/p>\n<p lang=\"fr\" dir=\"ltr\">3 joueurs suppl\u00e9mentaires vont \u00eatre recrut\u00e9s par le RCT a annonc\u00e9 Bernard Lema\u00eetre \u00e0 la Garden Party de fin de saison. On a une id\u00e9e des deux premiers , le troisi\u00e8me on esp\u00e8re un gros centre \ud83d\ude4f\ud83d\ude4f<\/p>\n<p>&#13;<br \/>\n\u2014 fanamy menoncello is back \ud83c\uddeb\ud83c\uddf7 (@Fanas83) <a href=\"https:\/\/twitter.com\/Fanas83\/status\/1937216584885358930?ref_src=twsrc%5Etfw\" rel=\"nofollow noopener\" target=\"_blank\">June 23, 2025<\/a><\/p><\/blockquote>\n<p>L&rsquo;\u00e9change Herv\u00e9-Carbonel officialis\u00e9 ?<\/p>\n<p>La premi\u00e8re arriv\u00e9e ne fait visiblement aucun doute. D\u00e9j\u00e0 dans les tuyaux depuis quelques semaines, l&rsquo;\u00e9change entre <a href=\"https:\/\/www.lerugbynistere.fr\/fiches-joueurs\/enzo-herve.php\" ui-sref=\"app.player({playerId: 5592})\" alt=\"Enzo Herv\u00e9\" data-route=\"app.player\" data-param=\"playerId\" data-id=\"5592\" rel=\"nofollow noopener\" target=\"_blank\">Enzo Herv\u00e9<\/a> et <a href=\"https:\/\/www.lerugbynistere.fr\/fiches-joueurs\/louis-carbonel.php\" ui-sref=\"app.player({playerId: 5563})\" alt=\"Louis Carbonel\" data-route=\"app.player\" data-param=\"playerId\" data-id=\"5563\" rel=\"nofollow noopener\" target=\"_blank\">Louis Carbonel<\/a> devrait avoir lieu. Cela permettrait <strong>au minot de la Rade de revenir dans son club de formation<\/strong>, en provenance de <a href=\"https:\/\/www.lerugbynistere.fr\/clubs\/stade-francais.php\" ui-sref=\"app.team({teamId: 40})\" alt=\"Paris\" data-route=\"app.team\" data-param=\"teamId\" data-id=\"40\" rel=\"nofollow noopener\" target=\"_blank\">Paris<\/a>, envoyant Herv\u00e9 dans la capitale fran\u00e7aise.<\/p>\n<p><strong>La deuxi\u00e8me recrue devrait \u00eatre un pilier droit<\/strong>. Le RCT perd <a href=\"https:\/\/www.lerugbynistere.fr\/fiches-joueurs\/emerick-setiano.php\" ui-sref=\"app.player({playerId: 4566})\" alt=\"Emerick Setiano\" data-route=\"app.player\" data-param=\"playerId\" data-id=\"4566\" rel=\"nofollow noopener\" target=\"_blank\">Emerick Setiano<\/a>, en partance pour <a href=\"https:\/\/www.lerugbynistere.fr\/clubs\/aviron-bayonnais.php\" ui-sref=\"app.team({teamId: 43})\" alt=\"Bayonne\" data-route=\"app.team\" data-param=\"teamId\" data-id=\"43\" rel=\"nofollow noopener\" target=\"_blank\">Bayonne<\/a>, et ne se retrouve plus qu&rsquo;avec 2 n\u00b03, sachant qu&rsquo;aucun jeune du centre de formation n&rsquo;a pris le maillot cette saison \u00e0 ce poste.<\/p>\n<p>D&rsquo;apr\u00e8s les derni\u00e8res rumeurs, <strong>Toulon aurait jet\u00e9 son d\u00e9volu sur le pilier aixois, actuellement avec le <a href=\"https:\/\/www.lerugbynistere.fr\/equipes-nationales\/xv-de-france.php\" ui-sref=\"app.team({teamId: 65})\" alt=\"XV de France\" data-route=\"app.team\" data-param=\"teamId\" data-id=\"65\" rel=\"nofollow noopener\" target=\"_blank\">XV de France<\/a>,<\/strong> <a href=\"https:\/\/www.lerugbynistere.fr\/fiches-joueurs\/paul-mallez.php\" ui-sref=\"app.player({playerId: 6766})\" alt=\"Paul Mallez\" data-route=\"app.player\" data-param=\"playerId\" data-id=\"6766\" rel=\"nofollow noopener\" target=\"_blank\">Paul Mallez<\/a>. Le toulousain, pr\u00eat\u00e9 \u00e0 <a href=\"https:\/\/www.lerugbynistere.fr\/amateur\/provence\/\" ui-sref=\"app.committee\" alt=\"Provence\" data-route=\"app.committee\" data-param=\"committeeId\" data-id=\"33\" rel=\"nofollow noopener\" target=\"_blank\">Provence<\/a> Rugby, a jou\u00e9 24 matchs de <a href=\"https:\/\/www.lerugbynistere.fr\/championnats\/pro-d2\" ui-sref=\"app.competition({competitionId: 2})\" alt=\"Pro D2\" data-route=\"app.competition\" data-param=\"competitionId\" data-id=\"2\" rel=\"nofollow noopener\" target=\"_blank\">Pro D2<\/a> cette saison, pour 17 titularisations.<\/p>\n<p>Le centre tant\u00a0esp\u00e9r\u00e9<\/p>\n<p>Et pour la troisi\u00e8me recrue,<strong> il est fort probable que le RCT attire un centre talentueux dans ses filets<\/strong>. Si le cas <a href=\"https:\/\/www.lerugbynistere.fr\/fiches-joueurs\/tommaso-menoncello.php\" ui-sref=\"app.player({playerId: 12311})\" alt=\"Tommaso Menoncello\" data-route=\"app.player\" data-param=\"playerId\" data-id=\"12311\" rel=\"nofollow noopener\" target=\"_blank\">Tommaso Menoncello<\/a> a longtemps aliment\u00e9 les rumeurs, aucune derni\u00e8re nouvelle \u00e0 propos de l&rsquo;Italien n&rsquo;est sortie.<\/p>\n<p>Toulon pourrait \u00e9galement tenter de recruter\u00a0le jeune Vannetais <a href=\"https:\/\/www.lerugbynistere.fr\/fiches-joueurs\/robin-taccola.php\" ui-sref=\"app.player({playerId: 15328})\" alt=\"Robin Taccola\" data-route=\"app.player\" data-param=\"playerId\" data-id=\"15328\" rel=\"nofollow noopener\" target=\"_blank\">Robin Taccola<\/a>. L&rsquo;international U20 a disput\u00e9 20 rencontres professionnelles cette saison avec les couleurs bretonnes. Il est d\u00e9sir\u00e9 par de nombreuses grosses \u00e9curies de <a href=\"https:\/\/www.lerugbynistere.fr\/championnats\/top-14\" ui-sref=\"app.competition({competitionId: 1})\" alt=\"Top 14\" data-route=\"app.competition\" data-param=\"competitionId\" data-id=\"1\" rel=\"nofollow noopener\" target=\"_blank\">Top 14<\/a>.<strong> Le RCT pourrait tenter le coup, malgr\u00e9 la r\u00e9ticence vannetaise qui souhaite garder sa p\u00e9pite<\/strong>, \u00e0 moins que la situation de Menoncello ne finisse par se d\u00e9canter.<\/p>\n<p>                            <script async src=\"https:\/\/platform.twitter.com\/widgets.js\" charset=\"utf-8\"><\/script><\/p>\n","protected":false},"excerpt":{"rendered":"Le mercato du RCT n&rsquo;est finalement peut-\u00eatre pas termin\u00e9. C&rsquo;est du moins ce qu&rsquo;a affirm\u00e9 Bernard Lema\u00eetre, le&hellip;\n","protected":false},"author":2,"featured_media":204878,"comment_status":"","ping_status":"","sticky":false,"template":"","format":"standard","meta":{"footnotes":""},"categories":[1416],"tags":[1011,27,479,1468,60],"class_list":{"0":"post-204877","1":"post","2":"type-post","3":"status-publish","4":"format-standard","5":"has-post-thumbnail","7":"category-rugby","8":"tag-fr","9":"tag-france","10":"tag-rugby","11":"tag-rugby-football","12":"tag-sports"},"share_on_mastodon":{"url":"https:\/\/pubeurope.com\/@fr\/114747707431063317","error":""},"_links":{"self":[{"href":"https:\/\/www.europesays.com\/fr\/wp-json\/wp\/v2\/posts\/204877","targetHints":{"allow":["GET"]}}],"collection":[{"href":"https:\/\/www.europesays.com\/fr\/wp-json\/wp\/v2\/posts"}],"about":[{"href":"https:\/\/www.europesays.com\/fr\/wp-json\/wp\/v2\/types\/post"}],"author":[{"embeddable":true,"href":"https:\/\/www.europesays.com\/fr\/wp-json\/wp\/v2\/users\/2"}],"replies":[{"embeddable":true,"href":"https:\/\/www.europesays.com\/fr\/wp-json\/wp\/v2\/comments?post=204877"}],"version-history":[{"count":0,"href":"https:\/\/www.europesays.com\/fr\/wp-json\/wp\/v2\/posts\/204877\/revisions"}],"wp:featuredmedia":[{"embeddable":true,"href":"https:\/\/www.europesays.com\/fr\/wp-json\/wp\/v2\/media\/204878"}],"wp:attachment":[{"href":"https:\/\/www.europesays.com\/fr\/wp-json\/wp\/v2\/media?parent=204877"}],"wp:term":[{"taxonomy":"category","embeddable":true,"href":"https:\/\/www.europesays.com\/fr\/wp-json\/wp\/v2\/categories?post=204877"},{"taxonomy":"post_tag","embeddable":true,"href":"https:\/\/www.europesays.com\/fr\/wp-json\/wp\/v2\/tags?post=204877"}],"curies":[{"name":"wp","href":"https:\/\/api.w.org\/{rel}","templated":true}]}}