{"id":204880,"date":"2025-06-26T04:11:11","date_gmt":"2025-06-26T04:11:11","guid":{"rendered":"https:\/\/www.europesays.com\/fr\/204880\/"},"modified":"2025-06-26T04:11:11","modified_gmt":"2025-06-26T04:11:11","slug":"basket-ball-la-ffbb-renouvelle-son-engagement-contre-les-violences","status":"publish","type":"post","link":"https:\/\/www.europesays.com\/fr\/204880\/","title":{"rendered":"Basket-ball. La FFBB renouvelle son engagement contre les violences"},"content":{"rendered":"<p class=\"mb-4\"><strong>Partenariat. <\/strong>La F\u00e9d\u00e9ration fran\u00e7aise de basketball (FFBB) a annonc\u00e9 le renouvellement de la convention de partenariat avec l\u2019association Colosse aux pieds d\u2019argile. \u00ab\u00a0Cette convention sign\u00e9e lors du s\u00e9minaire des dirigeants permet notamment de mettre en place : des s\u00e9quences d\u2019information\/sensibilisation et de formations, la conception et la mise \u00e0\u0300 disposition d\u2019outils interactifs, la participation \u00e0 des actions de terrain sur les risques de p\u00e9do-criminalit\u00e9, de bizutage, men\u00e9es en direction des acteurs concern\u00e9s au sein de la discipline du Basket-Ball (dirigeants, \u00e9ducateurs de clubs, entraineurs, parents, jeunes licenci\u00e9s, etc.), l\u2019accompagnement et l\u2019aide aux victimes et l\u2019accompagnement des structures dans le cadre de la gestion de la survenance d\u2019acte(s)\u00a0\u00bb, indique un communiqu\u00e9 publi\u00e9 samedi 27 juillet 2024. Partenaires depuis 2017, les deux parties se sont engag\u00e9es jusqu\u2019en 2028.<\/p>\n<p class=\"mb-4\">\u00a9 SportBusiness.Club ao\u00fbt 2024<\/p>\n","protected":false},"excerpt":{"rendered":"Partenariat. La F\u00e9d\u00e9ration fran\u00e7aise de basketball (FFBB) a annonc\u00e9 le renouvellement de la convention de partenariat avec l\u2019association&hellip;\n","protected":false},"author":2,"featured_media":180760,"comment_status":"","ping_status":"","sticky":false,"template":"","format":"standard","meta":{"footnotes":""},"categories":[1414],"tags":[1465,1464,1011,27,60],"class_list":{"0":"post-204880","1":"post","2":"type-post","3":"status-publish","4":"format-standard","5":"has-post-thumbnail","7":"category-basket","8":"tag-basket","9":"tag-basketball","10":"tag-fr","11":"tag-france","12":"tag-sports"},"share_on_mastodon":{"url":"https:\/\/pubeurope.com\/@fr\/114747715366497769","error":""},"_links":{"self":[{"href":"https:\/\/www.europesays.com\/fr\/wp-json\/wp\/v2\/posts\/204880","targetHints":{"allow":["GET"]}}],"collection":[{"href":"https:\/\/www.europesays.com\/fr\/wp-json\/wp\/v2\/posts"}],"about":[{"href":"https:\/\/www.europesays.com\/fr\/wp-json\/wp\/v2\/types\/post"}],"author":[{"embeddable":true,"href":"https:\/\/www.europesays.com\/fr\/wp-json\/wp\/v2\/users\/2"}],"replies":[{"embeddable":true,"href":"https:\/\/www.europesays.com\/fr\/wp-json\/wp\/v2\/comments?post=204880"}],"version-history":[{"count":0,"href":"https:\/\/www.europesays.com\/fr\/wp-json\/wp\/v2\/posts\/204880\/revisions"}],"wp:featuredmedia":[{"embeddable":true,"href":"https:\/\/www.europesays.com\/fr\/wp-json\/wp\/v2\/media\/180760"}],"wp:attachment":[{"href":"https:\/\/www.europesays.com\/fr\/wp-json\/wp\/v2\/media?parent=204880"}],"wp:term":[{"taxonomy":"category","embeddable":true,"href":"https:\/\/www.europesays.com\/fr\/wp-json\/wp\/v2\/categories?post=204880"},{"taxonomy":"post_tag","embeddable":true,"href":"https:\/\/www.europesays.com\/fr\/wp-json\/wp\/v2\/tags?post=204880"}],"curies":[{"name":"wp","href":"https:\/\/api.w.org\/{rel}","templated":true}]}}