{"id":204885,"date":"2025-06-26T04:14:16","date_gmt":"2025-06-26T04:14:16","guid":{"rendered":"https:\/\/www.europesays.com\/fr\/204885\/"},"modified":"2025-06-26T04:14:16","modified_gmt":"2025-06-26T04:14:16","slug":"arkea-et-bb-hotels-quittent-le-cyclisme-pro-une-solution-sur-la-table-pour-lutter-contre-les-deserts-medicaux-t-dans-lactu-fait-le-tour-de-linfo-en-video","status":"publish","type":"post","link":"https:\/\/www.europesays.com\/fr\/204885\/","title":{"rendered":"Ark\u00e9a et B&#038;B Hotels quittent le cyclisme pro, une solution sur la table pour lutter contre les d\u00e9serts m\u00e9dicaux\u00a0: T dans l\u2019actu fait le tour de l\u2019info en vid\u00e9o"},"content":{"rendered":"<p>C\u2019est donc pr\u00e8s de dix ans de partenariat qui prennent fin entre Ark\u00e9a et la formation cycliste qui compte aujourd\u2019hui dans ces rangs des coureurs comme K\u00e9vin Vauquelin, Arnaud D\u00e9mare ou Titia Ryo. La banque bretonne aussi engag\u00e9e en voile, dans le rugby et le foot a voulu faire \u00e9voluer ses partenariats. Ce mercredi, le directeur de la communication institutionnelle du groupe, C\u00e9dric Malengreau, a expliqu\u00e9 ce choix par t\u00e9l\u00e9phone pour T dans l\u2019actu.<\/p>\n<p>Dans le reste de l\u2019actualit\u00e9. Un conseiller municipal guingampais propose une solution pour lutter contre les d\u00e9serts m\u00e9dicaux. Il voudrait transf\u00e9rer la comp\u00e9tence sant\u00e9 de l\u2019\u00c9tat \u00e0 la r\u00e9gion Bretagne. Pour ce faire, il invite les \u00e9lus \u00e0 soutenir sa proposition de loi et a lanc\u00e9 une p\u00e9tition qui doit r\u00e9colter 100 000 signatures bretonnes.<\/p>\n<p>Un magasin o\u00f9 tout est gratuit \u00e0 Brest<\/p>\n<p>On vous parlait hier de la condamnation de l\u2018\u00a0\u00c9tat, par la cour administrative d\u2019appel de Nantes, suite \u00e0 la mort d\u2019un joggeur en 2016 dans une vasi\u00e8re envahie d\u2019algues vertes dans les C\u00f4tes d\u2019Armor. Depuis ce mercredi, les \u00e9lus du conseil r\u00e9gional de Bretagne sont r\u00e9unis en session pl\u00e9ni\u00e8re \u00e0 Rennes. L\u2019occasion de recueillir leur avis sur cette d\u00e9cision de justice.<\/p>\n<p>Les soldes ont commenc\u00e9 ce mercredi. Pour l\u2019occasion, le centre commercial \u00ab le Phare de l\u2019Europe \u00bb \u00e0 Brest accueille un nouveau magasin \u00e9ph\u00e9m\u00e8re. Une enseigne Geev Shop o\u00f9 tout est gratuit. Lanc\u00e9 par l\u2019application de dons entre particuliers du m\u00eame nom, c\u2019est le premier \u00e0 ouvrir en France sous cette forme.<\/p>\n<p>Le scandale du talc Baumol<\/p>\n<p>Et pour terminer ce JT nous vous proposons d\u2019entendre pour la premi\u00e8re fois les victimes de l\u2019affaire du Talc Baumol, du talc contamin\u00e9 \u00e0 l\u2019Arsenic. Au tout d\u00e9but des ann\u00e9es 50, 76 nourrissons ont \u00e9t\u00e9 tu\u00e9s en Bretagne. En tout 366 b\u00e9b\u00e9s ont \u00e9t\u00e9 touch\u00e9s dans la r\u00e9gion mais pour ceux qui ont surv\u00e9cu des traces subsistent.<\/p>\n","protected":false},"excerpt":{"rendered":"C\u2019est donc pr\u00e8s de dix ans de partenariat qui prennent fin entre Ark\u00e9a et la formation cycliste qui&hellip;\n","protected":false},"author":2,"featured_media":204886,"comment_status":"","ping_status":"","sticky":false,"template":"","format":"standard","meta":{"footnotes":""},"categories":[1411],"tags":[11,829,1154,207,1011,27,60,13336,2955],"class_list":{"0":"post-204885","1":"post","2":"type-post","3":"status-publish","4":"format-standard","5":"has-post-thumbnail","7":"category-cyclisme","8":"tag-actualites","9":"tag-bretagne","10":"tag-cycling","11":"tag-cyclisme","12":"tag-fr","13":"tag-france","14":"tag-sports","15":"tag-t-dans-lactu","16":"tag-videos"},"share_on_mastodon":{"url":"https:\/\/pubeurope.com\/@fr\/114747727211311917","error":""},"_links":{"self":[{"href":"https:\/\/www.europesays.com\/fr\/wp-json\/wp\/v2\/posts\/204885","targetHints":{"allow":["GET"]}}],"collection":[{"href":"https:\/\/www.europesays.com\/fr\/wp-json\/wp\/v2\/posts"}],"about":[{"href":"https:\/\/www.europesays.com\/fr\/wp-json\/wp\/v2\/types\/post"}],"author":[{"embeddable":true,"href":"https:\/\/www.europesays.com\/fr\/wp-json\/wp\/v2\/users\/2"}],"replies":[{"embeddable":true,"href":"https:\/\/www.europesays.com\/fr\/wp-json\/wp\/v2\/comments?post=204885"}],"version-history":[{"count":0,"href":"https:\/\/www.europesays.com\/fr\/wp-json\/wp\/v2\/posts\/204885\/revisions"}],"wp:featuredmedia":[{"embeddable":true,"href":"https:\/\/www.europesays.com\/fr\/wp-json\/wp\/v2\/media\/204886"}],"wp:attachment":[{"href":"https:\/\/www.europesays.com\/fr\/wp-json\/wp\/v2\/media?parent=204885"}],"wp:term":[{"taxonomy":"category","embeddable":true,"href":"https:\/\/www.europesays.com\/fr\/wp-json\/wp\/v2\/categories?post=204885"},{"taxonomy":"post_tag","embeddable":true,"href":"https:\/\/www.europesays.com\/fr\/wp-json\/wp\/v2\/tags?post=204885"}],"curies":[{"name":"wp","href":"https:\/\/api.w.org\/{rel}","templated":true}]}}