{"id":204891,"date":"2025-06-26T04:17:17","date_gmt":"2025-06-26T04:17:17","guid":{"rendered":"https:\/\/www.europesays.com\/fr\/204891\/"},"modified":"2025-06-26T04:17:17","modified_gmt":"2025-06-26T04:17:17","slug":"investir-dans-lart-contemporain-comment-est-determinee-la-valeur-dun-artiste","status":"publish","type":"post","link":"https:\/\/www.europesays.com\/fr\/204891\/","title":{"rendered":"Investir dans l\u2019art contemporain\u00a0: comment est d\u00e9termin\u00e9e la valeur d\u2019un artiste\u00a0?"},"content":{"rendered":"<p style=\"text-align:start\">Dans un monde o\u00f9 l\u2019art reste un\u00a0actif faiblement rentable et co\u00fbteux \u00e0 acqu\u00e9rir et \u00e0 d\u00e9tenir, comprendre ce qui fait (ou d\u00e9fait) la valeur d\u2019un artiste est crucial.<\/p>\n<p style=\"text-align:start\">Sociologues et \u00e9conomistes s\u2019accordent \u00e0 dire que <strong>la reconnaissance artistique ne se mesure pas objectivement.<\/strong> Elle repose sur une convention entre trois parties\u00a0: les instances artistiques (mus\u00e9es, galeries, institutions, collectifs d\u2019artistes), le march\u00e9 (ench\u00e8res, galeries) et les m\u00e9dias (presse sp\u00e9cialis\u00e9e ou g\u00e9n\u00e9raliste, r\u00e9seaux).<\/p>\n<p style=\"text-align:start\">Tous contribuent \u00e0 \u00e9tablir, \u00e0 maintenir ou \u00e0 contester la l\u00e9gitimit\u00e9 d\u2019un artiste. Les parties ne sont pas n\u00e9cessairement exclusives et partagent certains de leurs membres (galeries et experts des maisons d\u2019ench\u00e8res, par exemple). Reste qu\u2019un accord dans la convention, favorable ou d\u00e9favorable \u00e0 l\u2019artiste, d\u00e9finit la qualit\u00e9 et qu\u2019un d\u00e9saccord cr\u00e9e une incertitude. C\u2019est aussi dans cet espace ind\u00e9fini que la sp\u00e9culation peut prendre place.<\/p>\n<p style=\"text-align:start\">Notre \u00e9tude, s\u2019est int\u00e9ress\u00e9e \u00e0 l\u2019<strong>impact de la diversification artistique sur deux indicateurs cl\u00e9s\u00a0<\/strong>: la valeur marchande cumul\u00e9e (somme des valeurs de vente entre\u00a02000 et\u00a02020), mesur\u00e9e par Artprice, et la reconnaissance artistique, mesur\u00e9e par le classement ArtFacts.<\/p>\n<p style=\"text-align:start\">La diversification artistique est mesur\u00e9e gr\u00e2ce aux donn\u00e9es provenant d\u2019Artnet sur la r\u00e9partition des ventes de l\u2019artiste par discipline. Nous avons contr\u00f4l\u00e9 de nombreuses variables (\u00e2ge, genre, origine, volume de production, mouvement artistique,\u00a0etc.) et utilis\u00e9 les donn\u00e9es de Google Trends comme indicateur de notori\u00e9t\u00e9 m\u00e9diatique.<\/p>\n","protected":false},"excerpt":{"rendered":"Dans un monde o\u00f9 l\u2019art reste un\u00a0actif faiblement rentable et co\u00fbteux \u00e0 acqu\u00e9rir et \u00e0 d\u00e9tenir, comprendre ce&hellip;\n","protected":false},"author":2,"featured_media":204892,"comment_status":"","ping_status":"","sticky":false,"template":"","format":"standard","meta":{"footnotes":""},"categories":[1358],"tags":[1348,1384,1385,1386,58,59,1011,27],"class_list":{"0":"post-204891","1":"post","2":"type-post","3":"status-publish","4":"format-standard","5":"has-post-thumbnail","7":"category-arts-et-design","8":"tag-arts","9":"tag-arts-and-design","10":"tag-arts-et-design","11":"tag-design","12":"tag-divertissement","13":"tag-entertainment","14":"tag-fr","15":"tag-france"},"share_on_mastodon":{"url":"https:\/\/pubeurope.com\/@fr\/114747738993502877","error":""},"_links":{"self":[{"href":"https:\/\/www.europesays.com\/fr\/wp-json\/wp\/v2\/posts\/204891","targetHints":{"allow":["GET"]}}],"collection":[{"href":"https:\/\/www.europesays.com\/fr\/wp-json\/wp\/v2\/posts"}],"about":[{"href":"https:\/\/www.europesays.com\/fr\/wp-json\/wp\/v2\/types\/post"}],"author":[{"embeddable":true,"href":"https:\/\/www.europesays.com\/fr\/wp-json\/wp\/v2\/users\/2"}],"replies":[{"embeddable":true,"href":"https:\/\/www.europesays.com\/fr\/wp-json\/wp\/v2\/comments?post=204891"}],"version-history":[{"count":0,"href":"https:\/\/www.europesays.com\/fr\/wp-json\/wp\/v2\/posts\/204891\/revisions"}],"wp:featuredmedia":[{"embeddable":true,"href":"https:\/\/www.europesays.com\/fr\/wp-json\/wp\/v2\/media\/204892"}],"wp:attachment":[{"href":"https:\/\/www.europesays.com\/fr\/wp-json\/wp\/v2\/media?parent=204891"}],"wp:term":[{"taxonomy":"category","embeddable":true,"href":"https:\/\/www.europesays.com\/fr\/wp-json\/wp\/v2\/categories?post=204891"},{"taxonomy":"post_tag","embeddable":true,"href":"https:\/\/www.europesays.com\/fr\/wp-json\/wp\/v2\/tags?post=204891"}],"curies":[{"name":"wp","href":"https:\/\/api.w.org\/{rel}","templated":true}]}}