{"id":204895,"date":"2025-06-26T04:19:11","date_gmt":"2025-06-26T04:19:11","guid":{"rendered":"https:\/\/www.europesays.com\/fr\/204895\/"},"modified":"2025-06-26T04:19:11","modified_gmt":"2025-06-26T04:19:11","slug":"boris-porte-plainte-contre-eliott-alix-confie-son-secret-a-claudine-le-resume-de-lepisode-1677-du-jeudi-26-juin-2025","status":"publish","type":"post","link":"https:\/\/www.europesays.com\/fr\/204895\/","title":{"rendered":"Boris porte plainte contre Eliott, Alix confie son secret \u00e0 Claudine&#8230; Le r\u00e9sum\u00e9 de l&rsquo;\u00e9pisode 1677 du jeudi 26 juin 2025"},"content":{"rendered":"<p>Dans Un si grand soleil jeudi 26 juin 2025, Boris d\u00e9cide finalement de porter plainte contre Eliott, sur les conseils de Laurine. Alix se confie \u00e0 Claudine sur une histoire d\u2019amour bouleversante et un souvenir encore \u00e0 vif.<\/p>\n<p><b>Jeudi 26 juin 2025 dans<\/b> <b>Un si grand soleil<\/b>, dont deux anciennes <a href=\"https:\/\/www.programme-tv.net\/news\/people\/379196-un-si-grand-soleil-deux-acteurs-emblematiques-de-la-serie-officialisent-leur-couple\/\" data-api-deeplink=\"teleloisirs:\/\/news\/379196\" target=\"_blank\" rel=\"noopener\">stars ont officialis\u00e9 leur idylle<\/a> et <a href=\"https:\/\/www.programme-tv.net\/news\/series-tv\/380190-un-si-grand-soleil-un-personnage-principal-devoile-son-tout-nouveau-look-ce-soir-et-c-est-tres-reussi-photo\/\" data-api-deeplink=\"teleloisirs:\/\/news\/380190\" target=\"_blank\" rel=\"noopener\">un personnage principal a chang\u00e9 de look<\/a>&#8230; A l&rsquo;h\u00f4pital, Laurine recoud l&rsquo;arcade sourcili\u00e8re de Boris, et Muriel, inqui\u00e8te, est \u00e0 ses c\u00f4t\u00e9s. La m\u00e9decin insiste aupr\u00e8s de son fr\u00e8re pour qu\u2019il porte plainte contre Eliott. Muriel, inqui\u00e8te pour la s\u00e9curit\u00e9 de son fils, appuie cette d\u00e9cision.<\/p>\n<p>Un si grand soleil en avance : Boris porte plainte contre Eliott<\/p>\n<p>Alors qu&rsquo;il transporte Catherine dans son VTC, Eliott lui avoue avoir eu une altercation avec Boris. Le chauffeur reconna\u00eet avoir surr\u00e9agi mais souligne le fait que Boris l&rsquo;a provoqu\u00e9. Il re\u00e7oit ensuite un appel de Yann (<a href=\"https:\/\/www.programme-tv.net\/news\/series-tv\/274647-un-si-grand-soleil-france-2-qui-est-constantin-balsan-linterprete-du-lieutenant-yann-cross\/\" data-api-deeplink=\"teleloisirs:\/\/news\/274647\" target=\"_blank\" rel=\"noopener\">Constantin Balsan<\/a>) qui lui demande de venir au commissariat concernant une plainte d\u00e9pos\u00e9e contre lui. Sur place, Eliott finit par admettre avoir frapp\u00e9 Boris, justifiant son geste par la jalousie et la col\u00e8re. De son c\u00f4t\u00e9, Muriel prend un conseil juridique aupr\u00e8s de Johanna qui lui recommande d&rsquo;engager une proc\u00e9dure aupr\u00e8s du juge aux affaires familiales pour prot\u00e9ger Toma. A la maison, Laurine informe sa m\u00e8re de la r\u00e9alit\u00e9 de l\u2019altercation entre Eliott et Boris et lui montre la photo du visage tum\u00e9fi\u00e9 de Boris. Catherine, abasourdie, comprend l\u2019ampleur du geste de son futur associ\u00e9 et commence \u00e0 douter.<\/p>\n<p>                        Un si grand soleil en avance : Alix se confie \u00e0 Claudine \u00e0 propos de Guillaume<\/p>\n<p>\u00c0 la galerie, Alix (<a href=\"https:\/\/www.programme-tv.net\/news\/series-tv\/275940-un-si-grand-soleil-france-2-qui-est-nadia-fossier-alias-alix-dardel-lamie-de-laetitia-shirley-bousquet\/\" data-api-deeplink=\"teleloisirs:\/\/news\/275940\" target=\"_blank\" rel=\"noopener\">Nadia Fossier<\/a>) repense \u00e0 l&rsquo;accident pr\u00e8s de l&rsquo;\u00e9tang et, dans son souvenir, elle appelle Guillaume. Lucas la sort de ses pens\u00e9es et la remercie de lui donner sa chance avec un CDD. Victor, de son c\u00f4t\u00e9, n&rsquo;est pas content que Lucas les aient plant\u00e9s pour le service aux Sauvages. Bertrand retourne voir Alix \u00e0 la galerie pour s&rsquo;excuser de son attitude pr\u00e9c\u00e9dente, mais elle lui r\u00e9pond qu&rsquo;elle sait qu&rsquo;il a essay\u00e9 de l&rsquo;entuber avec la vente de leur terrain, puis elle le cong\u00e9die. Plus tard, Claudine arrive \u00e0 la galerie et Alix lui pr\u00e9sente Lucas avant qu&rsquo;il ne rentre chez lui. La gal\u00e9riste raconte ensuite \u00e0 son amie son histoire passionn\u00e9e avec Guillaume, un homme qu\u2019elle a follement aim\u00e9 il y a vingt ans et qui a myst\u00e9rieusement disparu. Elle confie aussi que cette blessure ancienne est raviv\u00e9e par la pr\u00e9sence troublante de Lucas, qui ressemble \u00e9norm\u00e9ment \u00e0 Guillaume.<\/p>\n","protected":false},"excerpt":{"rendered":"Dans Un si grand soleil jeudi 26 juin 2025, Boris d\u00e9cide finalement de porter plainte contre Eliott, sur&hellip;\n","protected":false},"author":2,"featured_media":204896,"comment_status":"","ping_status":"","sticky":false,"template":"","format":"standard","meta":{"footnotes":""},"categories":[1356],"tags":[244,58,59,1011,27,876,252,1364,9766,26118,26117],"class_list":{"0":"post-204895","1":"post","2":"type-post","3":"status-publish","4":"format-standard","5":"has-post-thumbnail","7":"category-television","8":"tag-commentaire","9":"tag-divertissement","10":"tag-entertainment","11":"tag-fr","12":"tag-france","13":"tag-france-3","14":"tag-television","15":"tag-tv","16":"tag-un-si-grand-soleil","17":"tag-un-si-grand-soleil-ru00e9sumu00e9","18":"tag-un-si-grand-soleil-ru00e9sumu00e9-en-avance"},"share_on_mastodon":{"url":"https:\/\/pubeurope.com\/@fr\/114747746788782718","error":""},"_links":{"self":[{"href":"https:\/\/www.europesays.com\/fr\/wp-json\/wp\/v2\/posts\/204895","targetHints":{"allow":["GET"]}}],"collection":[{"href":"https:\/\/www.europesays.com\/fr\/wp-json\/wp\/v2\/posts"}],"about":[{"href":"https:\/\/www.europesays.com\/fr\/wp-json\/wp\/v2\/types\/post"}],"author":[{"embeddable":true,"href":"https:\/\/www.europesays.com\/fr\/wp-json\/wp\/v2\/users\/2"}],"replies":[{"embeddable":true,"href":"https:\/\/www.europesays.com\/fr\/wp-json\/wp\/v2\/comments?post=204895"}],"version-history":[{"count":0,"href":"https:\/\/www.europesays.com\/fr\/wp-json\/wp\/v2\/posts\/204895\/revisions"}],"wp:featuredmedia":[{"embeddable":true,"href":"https:\/\/www.europesays.com\/fr\/wp-json\/wp\/v2\/media\/204896"}],"wp:attachment":[{"href":"https:\/\/www.europesays.com\/fr\/wp-json\/wp\/v2\/media?parent=204895"}],"wp:term":[{"taxonomy":"category","embeddable":true,"href":"https:\/\/www.europesays.com\/fr\/wp-json\/wp\/v2\/categories?post=204895"},{"taxonomy":"post_tag","embeddable":true,"href":"https:\/\/www.europesays.com\/fr\/wp-json\/wp\/v2\/tags?post=204895"}],"curies":[{"name":"wp","href":"https:\/\/api.w.org\/{rel}","templated":true}]}}