{"id":204899,"date":"2025-06-26T04:21:10","date_gmt":"2025-06-26T04:21:10","guid":{"rendered":"https:\/\/www.europesays.com\/fr\/204899\/"},"modified":"2025-06-26T04:21:10","modified_gmt":"2025-06-26T04:21:10","slug":"le-realisateur-du-prochain-james-bond-a-ete-choisi-et-cest-une-surprise","status":"publish","type":"post","link":"https:\/\/www.europesays.com\/fr\/204899\/","title":{"rendered":"Le r\u00e9alisateur du prochain James Bond a \u00e9t\u00e9 choisi, et c&rsquo;est une surprise"},"content":{"rendered":"<p>C\u2019est un secret qui \u00e9tait au moins aussi verrouill\u00e9 que celui de l\u2019acteur qui va incarner le futur James Bond (et on ignore toujours le nom de l\u2019heureux \u00e9lu\u00a0!) : celui du r\u00e9alisateur. Il aura la lourde t\u00e2che de remettre une pi\u00e8ce dans la machine d\u2019une licence dont une parenth\u00e8se s\u2019est ferm\u00e9e avec Mourir peut attendre en 2021.<\/p>\n<p> Un choix audacieux pour revigorer la licence <\/p>\n<p>Amazon MGM avait <a href=\"https:\/\/www.journaldugeek.com\/2025\/04\/03\/james-bond-26-frais-et-exotique-amazon-mgm-se-met-serieusement-au-travail\/\" target=\"_blank\" rel=\"noopener\">dress\u00e9<\/a> une short list qui contenait bon nombre de r\u00e9alisateurs de talent, \u00e0 l\u2019image d\u2019Edgar Wright, Jonathan Nolan ou encore Alfonso Cuar\u00f3n, proche collaborateur du producteur David Heyman qui s\u2019occupe d\u00e9sormais de la saga au cin\u00e9ma. Le choix s\u2019est finalement port\u00e9 sur Denis Villeneuve, un r\u00e9alisateur prestigieux aur\u00e9ol\u00e9 de plusieurs Oscar\u2026 et aussi tr\u00e8s occup\u00e9.<\/p>\n<p>Il pr\u00e9pare en effet le dernier volet du triptyque Dune pour Warner Bros, avec une date de sortie cal\u00e9e au 16 d\u00e9cembre 2026. Denis Villeneuve a compl\u00e8tement revigor\u00e9 l\u2019univers de Franck Herbert au cin\u00e9ma, pour le meilleur et aussi, parfois, pour le moins bien\u00a0! Il est \u00e9galement attach\u00e9 \u00e0 plusieurs projets d\u2019envergure, comme le remake de Cl\u00e9op\u00e2tre, l\u2019adaptation du roman SF d\u2019Arthur C. Clarke Rendez-vous avec Rama, ou encore celui de Guerre nucl\u00e9aire\u00a0: un sc\u00e9nario d\u2019Annie Jacobsen.<\/p>\n<p> <img loading=\"lazy\" decoding=\"async\" class=\"size-full wp-image-50556475\" src=\"https:\/\/www.europesays.com\/fr\/wp-content\/uploads\/2025\/06\/denis-villeneuve.jpg\" alt=\"Denis Villeneuve\" width=\"1920\" height=\"1080\"  \/>Denis Villeneuve et Tanya Lapointe, productrice ex\u00e9cutive. \u00a9 Amazon MGM <\/p>\n<p>Reste \u00e0 savoir si les producteurs d\u2019Amazon MGM, <a href=\"https:\/\/www.journaldugeek.com\/2025\/02\/20\/alerte-a-la-bond-007-perd-ses-producteurs-historiques\/\" target=\"_blank\" rel=\"noopener\">qui ont repris les r\u00eanes de la licence<\/a>, lui laisseront suffisamment de latitude pour r\u00e9inventer James Bond \u00e0 sa mani\u00e8re. Car si Denis Villeneuve a prouv\u00e9 son talent pour orchestrer des fresques spectaculaires et ambitieuses, il est parfois critiqu\u00e9 pour une mise en sc\u00e8ne jug\u00e9e froide ou distante, comme ont pu l\u2019\u00eatre les deux premiers Dune.<\/p>\n<p>Dans plusieurs de ses films, les protagonistes semblent parfois \u00e9cras\u00e9s par la mise en sc\u00e8ne ou le monde autour d\u2019eux\u00a0; or, dans un James Bond le h\u00e9ros est 007 qui a besoin de respirer et d\u2019imposer son charisme. Tout d\u00e9pendra de l\u2019acteur qui sera choisi\u2026<\/p>\n<p>Mais entre ses fulgurances visuelles et sa capacit\u00e9 \u00e0 r\u00e9interpr\u00e9ter des univers cultes sans les trahir (Dune, Blade Runner), le cin\u00e9aste canadien pourrait bien donner \u00e0 007 une nouvelle identit\u00e9, plus dense, plus adulte, plus c\u00e9r\u00e9brale \u2014 et surtout, inattendue.<\/p>\n<p>\u00ab\u00a0Certains de mes tout premiers souvenirs de cin\u00e9ma sont li\u00e9s \u00e0 007\u00a0\u00bb, explique Denis Villeneuve. \u00ab\u00a0J\u2019ai grandi en regardant les films de James Bond avec mon p\u00e8re, depuis \u201cJames Bond contre Dr No\u201d avec Sean Connery. Je suis un fan inconditionnel de Bond. Pour moi, c\u2019est un territoire sacr\u00e9.\u00a0\u00bb Son intention est de \u00ab\u00a0respecter la tradition\u00a0\u00bb tout en ouvrant la voie \u00e0 de \u00ab\u00a0nombreuses nouvelles missions\u00a0\u00bb. Une immense responsabilit\u00e9, mais aussi \u00ab\u00a0quelque chose de tr\u00e8s excitant pour moi, et un grand honneur.\u00a0\u00bb<\/p>\n<blockquote>\n<p class=\"text-base text-neutral-700 dark:text-neutral-300\">\ud83d\udfe3 Pour ne manquer aucune news sur le Journal du Geek, abonnez-vous sur <a href=\"https:\/\/news.google.com\/publications\/CAAqBwgKMNr_hAswwYyCAw?hl=fr&amp;gl=FR&amp;ceid=FR%3Afr\" target=\"_blank\" rel=\"noopener\">Google Actualit\u00e9s<\/a> et sur <a href=\"https:\/\/whatsapp.com\/channel\/0029VaClM5y4tRry12tb7D2h\" target=\"_blank\" rel=\"noopener\">notre WhatsApp<\/a>. Et si vous nous adorez, on a <a href=\"https:\/\/www.journaldugeek.com\/newsletter\/\" target=\"_blank\" rel=\"noopener\">une newsletter tous les matins<\/a>.<\/p>\n<\/blockquote>\n","protected":false},"excerpt":{"rendered":"C\u2019est un secret qui \u00e9tait au moins aussi verrouill\u00e9 que celui de l\u2019acteur qui va incarner le futur&hellip;\n","protected":false},"author":2,"featured_media":204900,"comment_status":"","ping_status":"","sticky":false,"template":"","format":"standard","meta":{"footnotes":""},"categories":[1354],"tags":[1676,33217,58,59,1346,1011,27,1677,1360],"class_list":{"0":"post-204899","1":"post","2":"type-post","3":"status-publish","4":"format-standard","5":"has-post-thumbnail","7":"category-films","8":"tag-amazon-mgm","9":"tag-denis-villeneuve","10":"tag-divertissement","11":"tag-entertainment","12":"tag-films","13":"tag-fr","14":"tag-france","15":"tag-james-bond","16":"tag-movies"},"share_on_mastodon":{"url":"https:\/\/pubeurope.com\/@fr\/114747754776338469","error":""},"_links":{"self":[{"href":"https:\/\/www.europesays.com\/fr\/wp-json\/wp\/v2\/posts\/204899","targetHints":{"allow":["GET"]}}],"collection":[{"href":"https:\/\/www.europesays.com\/fr\/wp-json\/wp\/v2\/posts"}],"about":[{"href":"https:\/\/www.europesays.com\/fr\/wp-json\/wp\/v2\/types\/post"}],"author":[{"embeddable":true,"href":"https:\/\/www.europesays.com\/fr\/wp-json\/wp\/v2\/users\/2"}],"replies":[{"embeddable":true,"href":"https:\/\/www.europesays.com\/fr\/wp-json\/wp\/v2\/comments?post=204899"}],"version-history":[{"count":0,"href":"https:\/\/www.europesays.com\/fr\/wp-json\/wp\/v2\/posts\/204899\/revisions"}],"wp:featuredmedia":[{"embeddable":true,"href":"https:\/\/www.europesays.com\/fr\/wp-json\/wp\/v2\/media\/204900"}],"wp:attachment":[{"href":"https:\/\/www.europesays.com\/fr\/wp-json\/wp\/v2\/media?parent=204899"}],"wp:term":[{"taxonomy":"category","embeddable":true,"href":"https:\/\/www.europesays.com\/fr\/wp-json\/wp\/v2\/categories?post=204899"},{"taxonomy":"post_tag","embeddable":true,"href":"https:\/\/www.europesays.com\/fr\/wp-json\/wp\/v2\/tags?post=204899"}],"curies":[{"name":"wp","href":"https:\/\/api.w.org\/{rel}","templated":true}]}}