{"id":204901,"date":"2025-06-26T04:22:13","date_gmt":"2025-06-26T04:22:13","guid":{"rendered":"https:\/\/www.europesays.com\/fr\/204901\/"},"modified":"2025-06-26T04:22:13","modified_gmt":"2025-06-26T04:22:13","slug":"big-pharma-et-une-innovation-vitale","status":"publish","type":"post","link":"https:\/\/www.europesays.com\/fr\/204901\/","title":{"rendered":"Big Pharma et une innovation vitale"},"content":{"rendered":"<p>Les bonnes nouvelles sont rares ces temps-ci. Raison de plus pour les mentionner d\u00e8s qu\u2019elles nous arrivent. Gr\u00e2ce au <a href=\"https:\/\/www.wsj.com\/opinion\/gileads-hiv-breakthrough-fda-shot-injection-breakthrough-lenacapavir-e9cea9cd?mod=opinion_lead_pos2\" target=\"_blank\" rel=\"noopener nofollow\">Wall Street Journal<\/a>, nous apprenons que les grands laboratoires pharmaceutiques (Big Pharma) viennent de r\u00e9aliser une avanc\u00e9e vitale\u00a0: ils ont mis au point un vaccin efficace \u00e0 pr\u00e8s de 100\u00a0% pour stopper la transmission du VIH (virus du Sida). C\u2019est le laboratoire Gilead Science, bas\u00e9 en Californie, qui l\u2019a con\u00e7u et il vient d\u2019\u00eatre approuv\u00e9 par la Food and Drug Administration (FDA) qui consid\u00e8re qu\u2019il pourrait venir \u00e0 bout de la pand\u00e9mie de VIH. Ce laboratoire est un pr\u00e9curseur dans la lutte contre la maladie car il a d\u00e9j\u00e0 lanc\u00e9, il y a plusieurs ann\u00e9es, des comprim\u00e9s antiviraux quotidiens capables dans une certaine mesure, de pr\u00e9venir la transmission du VIH et ralentir la progression de la maladie. Les progr\u00e8s ont \u00e9t\u00e9 impressionnants depuis l\u2019\u00e9poque, dans les ann\u00e9es 1980-1990, o\u00f9 les malades \u00e9taient pratiquement condamn\u00e9s.<\/p>\n<p>Gilead a donc d\u00e9couvert ce traitement pr\u00e9ventif injectable appel\u00e9 Yeztugo dans le cadre de deux essais cliniques comparant les effets de ses comprim\u00e9s prophylactiques quotidiens. Cette fois, il s\u2019est av\u00e9r\u00e9 efficace \u00e0 100 % dans un essai et \u00e0 96 % dans l\u2019autre. C\u2019est le r\u00e9sultat d\u2019ann\u00e9es de recherches et d\u2019investissements dans l\u2019innovation. Qui ont co\u00fbt\u00e9 tr\u00e8s cher et n\u2019auraient pas \u00e9t\u00e9 possibles sans les b\u00e9n\u00e9fices r\u00e9alis\u00e9s par les grands laboratoires. Ceux qui <a href=\"https:\/\/fr.irefeurope.org\/publications\/les-pendules-a-lheure\/article\/lettre-des-geants-de-la-pharma-a-lunion-europeenne-leurope-saborde-son-industrie\/\" target=\"_blank\" rel=\"noopener nofollow\">critiquent<\/a> les <a href=\"https:\/\/fr.irefeurope.org\/publications\/les-pendules-a-lheure\/article\/sanofi-ou-quand-un-big-pharma-privilegie-ses-concurrents-au-nom-de-la-sante\/\" target=\"_blank\" rel=\"noopener nofollow\">Big Pharma<\/a> ne devraient jamais l\u2019oublier. Par ailleurs, Gilead a sign\u00e9 des accords de licence libres de droits qui permettront \u00e0 six fabricants de g\u00e9n\u00e9riques de vendre le m\u00e9dicament dans plus de 120 pays pauvres. Le laboratoire fabriquera \u00e9galement suffisamment de vaccins pour deux millions de personnes vivant dans ces pays, sans aucun profit, jusqu\u2019\u00e0 ce que les g\u00e9n\u00e9riques soient disponibles.<\/p>\n<p> <a href=\"https:\/\/fr.irefeurope.org?print-my-blog=1&amp;post-type=post&amp;statuses%5B%5D=publish&amp;rendering_wait=0&amp;post_page_break=1&amp;columns=1&amp;font_size=normal&amp;image_size=medium&amp;links=parens&amp;show_site_title=1&amp;show_site_tagline=1&amp;show_site_url=1&amp;show_date_printed=1&amp;show_title=1&amp;show_date=1&amp;show_categories=1&amp;show_featured_image=1&amp;show_content=1&amp;pmb_f=print&amp;pmb-post=78198\" class=\"button button-secondary wp-block-button__link\" rel=\"nofollow noopener\" target=\"_blank\">Imprimer cet article \ud83d\udda8<\/a> <a href=\"https:\/\/fr.irefeurope.org?print-my-blog=1&amp;post-type=post&amp;statuses%5B%5D=publish&amp;rendering_wait=0&amp;post_page_break=1&amp;columns=1&amp;font_size=normal&amp;image_size=medium&amp;links=include&amp;show_site_title=1&amp;show_site_tagline=1&amp;show_site_url=1&amp;show_date_printed=1&amp;show_title=1&amp;show_date=1&amp;show_categories=1&amp;show_featured_image=1&amp;show_content=1&amp;pmb_f=pdf&amp;pmb-post=78198\" class=\"button button-secondary wp-block-button__link\" rel=\"nofollow noopener\" target=\"_blank\">Enregistrer en PDF cet article\ud83d\udcc4<\/a><\/p>\n","protected":false},"excerpt":{"rendered":"Les bonnes nouvelles sont rares ces temps-ci. Raison de plus pour les mentionner d\u00e8s qu\u2019elles nous arrivent. Gr\u00e2ce&hellip;\n","protected":false},"author":2,"featured_media":3196,"comment_status":"","ping_status":"","sticky":false,"template":"","format":"standard","meta":{"footnotes":""},"categories":[10],"tags":[1011,27,72,71],"class_list":{"0":"post-204901","1":"post","2":"type-post","3":"status-publish","4":"format-standard","5":"has-post-thumbnail","7":"category-sante","8":"tag-fr","9":"tag-france","10":"tag-health","11":"tag-sante"},"share_on_mastodon":{"url":"https:\/\/pubeurope.com\/@fr\/114747758632022244","error":""},"_links":{"self":[{"href":"https:\/\/www.europesays.com\/fr\/wp-json\/wp\/v2\/posts\/204901","targetHints":{"allow":["GET"]}}],"collection":[{"href":"https:\/\/www.europesays.com\/fr\/wp-json\/wp\/v2\/posts"}],"about":[{"href":"https:\/\/www.europesays.com\/fr\/wp-json\/wp\/v2\/types\/post"}],"author":[{"embeddable":true,"href":"https:\/\/www.europesays.com\/fr\/wp-json\/wp\/v2\/users\/2"}],"replies":[{"embeddable":true,"href":"https:\/\/www.europesays.com\/fr\/wp-json\/wp\/v2\/comments?post=204901"}],"version-history":[{"count":0,"href":"https:\/\/www.europesays.com\/fr\/wp-json\/wp\/v2\/posts\/204901\/revisions"}],"wp:featuredmedia":[{"embeddable":true,"href":"https:\/\/www.europesays.com\/fr\/wp-json\/wp\/v2\/media\/3196"}],"wp:attachment":[{"href":"https:\/\/www.europesays.com\/fr\/wp-json\/wp\/v2\/media?parent=204901"}],"wp:term":[{"taxonomy":"category","embeddable":true,"href":"https:\/\/www.europesays.com\/fr\/wp-json\/wp\/v2\/categories?post=204901"},{"taxonomy":"post_tag","embeddable":true,"href":"https:\/\/www.europesays.com\/fr\/wp-json\/wp\/v2\/tags?post=204901"}],"curies":[{"name":"wp","href":"https:\/\/api.w.org\/{rel}","templated":true}]}}