{"id":204904,"date":"2025-06-26T04:24:10","date_gmt":"2025-06-26T04:24:10","guid":{"rendered":"https:\/\/www.europesays.com\/fr\/204904\/"},"modified":"2025-06-26T04:24:10","modified_gmt":"2025-06-26T04:24:10","slug":"la-photo-de-famille-recomposee-dadriana-karembeu-marc-lavoine-et-leurs-enfants-a-disneyland","status":"publish","type":"post","link":"https:\/\/www.europesays.com\/fr\/204904\/","title":{"rendered":"la photo de famille (recompos\u00e9e) d\u2019Adriana Karembeu, Marc Lavoine et leurs enfants \u00e0 Disneyland"},"content":{"rendered":"<p>Le 24 juin, la mannequin slovaque a publi\u00e9 une photo d\u2019elle sur Instagram qui la montre avec sa fille, le chanteur des Yeux Revolvers et le fils de ce dernier. Une premi\u00e8re.<\/p>\n<p class=\"fig-paragraph\"><a href=\"https:\/\/madame.lefigaro.fr\/tag\/adriana-karembeu\" target=\"_blank\" rel=\"noopener\" data-gtm-custom-categorie=\"navigation\" data-gtm-custom-action=\"crossclick\" data-gtm-custom-label=\"Contextuel\" data-gtm-event=\"customEventSPE\">Adriana Karembeu<\/a>\u00a0et\u00a0<a href=\"https:\/\/madame.lefigaro.fr\/tag\/marc-lavoine\" target=\"_blank\" rel=\"noopener\" data-gtm-custom-categorie=\"navigation\" data-gtm-custom-action=\"crossclick\" data-gtm-custom-label=\"Contextuel\" data-gtm-event=\"customEventSPE\">Marc Lavoine<\/a>\u00a0semblent avoir franchi un nouveau cap. L\u2019histoire d\u2019amour entre la mannequin slovaque et le chanteur fran\u00e7ais avait \u00e9t\u00e9\u00a0<a href=\"http:\/\/madame.lefigaro.fr\/celebrites\/actu-people\/adriana-karembeu-et-marc-lavoine-le-couple-inattendu-de-l-ete-20240625\" data-fig-type=\"Article\" data-gtm-custom-categorie=\"navigation\" data-gtm-custom-action=\"crossclick\" data-gtm-custom-label=\"Contextuel\" data-gtm-event=\"customEventSPE\" data-fig-domain=\"MADAME\" target=\"_blank\" rel=\"noopener\">d\u00e9voil\u00e9e par Paris Match en juin 2024<\/a>. Quelques mois plus tard, en septembre, les tourtereaux officialisaient sur le tapis rouge et ont sign\u00e9, depuis, d\u2019autres appariations ensemble. Il ne manquait plus que la rencontre avec leurs enfants respectifs. Adriana Karembeu a en effet une fille, Nina, 7 ans,\u00a0<a href=\"https:\/\/madame.lefigaro.fr\/celebrites\/adriana-karembeu-accouchement-maman-pour-la-premiere-fois-petite-fille-nina-220818-150152\" target=\"_blank\" data-fig-type=\"Article\" rel=\"noopener\" data-gtm-custom-categorie=\"navigation\" data-gtm-custom-action=\"crossclick\" data-gtm-custom-label=\"Contextuel\" data-gtm-event=\"customEventSPE\" data-fig-domain=\"MADAME\">n\u00e9e de son mariage avec l\u2019homme d\u2019affaires Andr\u00e9 Ohanian\u00a0<\/a>dont elle a divorc\u00e9 en 2022. De son c\u00f4t\u00e9, Marc Lavoine a un fils, Simon, 39 ans, n\u00e9 de son mariage avec la d\u00e9funte mannequin am\u00e9ricaine Denise Pascale. Il est \u00e9galement le p\u00e8re de Yasmine (26 ans), Roman (18 ans) et Milo (15 ans), n\u00e9s de son mariage avec Sarah Poniatowski dont il a divorc\u00e9 en 2018.<\/p>\n<p>Un beau-p\u00e8re pour Nina<\/p>\n<p class=\"fig-paragraph\">On pensait la perspective de cette famille recompos\u00e9e encore loingtaine \u00e9tant donn\u00e9 les r\u00e9serves d\u2019Adriana. Au d\u00e9but du mois de mai dernier, interrog\u00e9e par Lou Media sur le fait qu\u2019elle attende de son nouveau compagnon qu\u2019il soit aussi un beau-p\u00e8re pour sa fille, elle avait r\u00e9pondu en mimant de freiner\u00a0:<a href=\"http:\/\/madame.lefigaro.fr\/celebrites\/actu-people\/vous-allez-trop-loin-adriana-karembeu-reagit-au-role-de-beau-pere-de-marc-lavoine-aupres-de-sa-fille-20250507\" data-fig-type=\"Article\" data-gtm-custom-categorie=\"navigation\" data-gtm-custom-action=\"crossclick\" data-gtm-custom-label=\"Contextuel\" data-gtm-event=\"customEventSPE\" data-fig-domain=\"MADAME\" target=\"_blank\" rel=\"noopener\">\u00a0\u00ab\u00e7a, on ne sait pas, vous allez trop loin, c\u2019est le d\u00e9but\u00a0!\u00bb<\/a>\u00a0Et pourtant, force est de constater que le couple ne d\u00e9c\u00e9l\u00e8re pas sur l\u2019autoroute de l\u2019amour.<\/p>\n<p>En famille \u00e0 Disneyland<\/p>\n<p class=\"fig-paragraph\">Le 24 juin, l\u2019\u00e9g\u00e9rie de La Croix Rouge a publi\u00e9 une photo sur son compte Instagram. Elle appara\u00eet devant l\u2019embl\u00e9matique ch\u00e2teau de Disneyland avec sa fille, Marc Lavoine et son fils Roman. \u00abCe r\u00eave bleu&#8230; Un moment magique en famille devant ce chateau o\u00f9 je retrouve mon ame d\u2019enfant, \u00e9crit Adriana en l\u00e9gende de sa publication. Des yeux qui brillent, des fous rires, de la magie dans l\u2019air\u2026 et des souvenirs qu\u2019on n\u2019est pas pr\u00e8s d\u2019oublier.\u00bb Une journ\u00e9e \u00e0 Disneyland et une photo sur les r\u00e9seaux sociaux pour l\u2019immortaliser, on ne fait rien de plus officiel.<\/p>\n","protected":false},"excerpt":{"rendered":"Le 24 juin, la mannequin slovaque a publi\u00e9 une photo d\u2019elle sur Instagram qui la montre avec sa&hellip;\n","protected":false},"author":2,"featured_media":204905,"comment_status":"","ping_status":"","sticky":false,"template":"","format":"standard","meta":{"footnotes":""},"categories":[8],"tags":[976,6382,972,1193,7791,58,59,638,1011,27,977,7593,973,975,974],"class_list":{"0":"post-204904","1":"post","2":"type-post","3":"status-publish","4":"format-standard","5":"has-post-thumbnail","7":"category-divertissement","8":"tag-actu-people","9":"tag-adriana-karembeu","10":"tag-celebrite","11":"tag-couple","12":"tag-disneyland","13":"tag-divertissement","14":"tag-entertainment","15":"tag-figaro","16":"tag-fr","17":"tag-france","18":"tag-madame","19":"tag-marc-lavoine","20":"tag-people","21":"tag-potain-de-stars","22":"tag-star"},"share_on_mastodon":{"url":"https:\/\/pubeurope.com\/@fr\/114747766487827604","error":""},"_links":{"self":[{"href":"https:\/\/www.europesays.com\/fr\/wp-json\/wp\/v2\/posts\/204904","targetHints":{"allow":["GET"]}}],"collection":[{"href":"https:\/\/www.europesays.com\/fr\/wp-json\/wp\/v2\/posts"}],"about":[{"href":"https:\/\/www.europesays.com\/fr\/wp-json\/wp\/v2\/types\/post"}],"author":[{"embeddable":true,"href":"https:\/\/www.europesays.com\/fr\/wp-json\/wp\/v2\/users\/2"}],"replies":[{"embeddable":true,"href":"https:\/\/www.europesays.com\/fr\/wp-json\/wp\/v2\/comments?post=204904"}],"version-history":[{"count":0,"href":"https:\/\/www.europesays.com\/fr\/wp-json\/wp\/v2\/posts\/204904\/revisions"}],"wp:featuredmedia":[{"embeddable":true,"href":"https:\/\/www.europesays.com\/fr\/wp-json\/wp\/v2\/media\/204905"}],"wp:attachment":[{"href":"https:\/\/www.europesays.com\/fr\/wp-json\/wp\/v2\/media?parent=204904"}],"wp:term":[{"taxonomy":"category","embeddable":true,"href":"https:\/\/www.europesays.com\/fr\/wp-json\/wp\/v2\/categories?post=204904"},{"taxonomy":"post_tag","embeddable":true,"href":"https:\/\/www.europesays.com\/fr\/wp-json\/wp\/v2\/tags?post=204904"}],"curies":[{"name":"wp","href":"https:\/\/api.w.org\/{rel}","templated":true}]}}