{"id":204912,"date":"2025-06-26T04:28:08","date_gmt":"2025-06-26T04:28:08","guid":{"rendered":"https:\/\/www.europesays.com\/fr\/204912\/"},"modified":"2025-06-26T04:28:08","modified_gmt":"2025-06-26T04:28:08","slug":"vigilance-jaune-canicule-prolongee-dans-les-pyrenees-orientales-et-les-temperatures-saffolent-encore-a-ceret-avec-415-lindependant","status":"publish","type":"post","link":"https:\/\/www.europesays.com\/fr\/204912\/","title":{"rendered":"Vigilance jaune canicule prolong\u00e9e dans les Pyr\u00e9n\u00e9es-Orientales : et les temp\u00e9ratures s\u2019affolent encore \u00e0 C\u00e9ret avec 41,5 &#8211; L&#039;Ind\u00e9pendant"},"content":{"rendered":"<ol>\n<li><a href=\"https:\/\/news.google.com\/rss\/articles\/CBMi_gFBVV95cUxQY3dPNjN5aDFpLTZxY1FZM0JhdGxKWVVjV3hQdHFkWXVOUk5NTHNfNzNtSVZhZmZTdEF2VnBqSTRWN0xuUFpwWTdkZWFsTXduc0s4b2VDUVJZZWY2ejZUWHJKSE5NdVQ0VXIwVzZ2WnhfaVJSMndxTHZaTkNySFRGSlQ1OVpVZUpCeTY2cU1zOXB2QjByUnNPQW5QTGtRYjVpbU5DNlJBYzdOV1AtamROOS1zUEtTMmNCdnhmRnNQZmRpSzl0ZDJmZ2RVTGlsRV85ZElmR3dWaFIwNzY2NU5pbzVOdjJTR1dmOEpwWEZNbjdueTVndEVPcFhzUG5qdw?oc=5\" target=\"_blank\" rel=\"noopener\">Vigilance jaune canicule prolong\u00e9e dans les Pyr\u00e9n\u00e9es-Orientales : et les temp\u00e9ratures s\u2019affolent encore \u00e0 C\u00e9ret avec 41,5<\/a>&nbsp;&nbsp;L&rsquo;Ind\u00e9pendant<\/li>\n<li><a href=\"https:\/\/news.google.com\/rss\/articles\/CBMimwFBVV95cUxNZjdNVnoyR1FGb2hTbWIzQ1BpWjRfaGdfNUxUN19UbHlpTzlWZ1ItZnl5M3JJWVhSSGJtaUpNNWp5NWpDRjAzdjlQZlNEcDg2cDdaa1VKLV81WVFSUDF4bkdPaGdtZzRPSHhwaVpBNk5KdXQ5VlZVdWlyLW9tem02ZEM1ZVA0Ry01elVsaXBnc00wT2dDMkRWV1pVSQ?oc=5\" target=\"_blank\" rel=\"noopener\">Vague de chaleur et orages : \u00e0 quoi s\u2019attendre ?<\/a>&nbsp;&nbsp;METEO France<\/li>\n<li><a href=\"https:\/\/news.google.com\/rss\/articles\/CBMi3wFBVV95cUxNbHN4SGxibjkzc3FlSXZLUzFOcmJaa1BUeWNTcTV6RU9JMXJEZERoWVpINTNPeEUxbjdxZG1SOEJaTERxdUZFMDJqRElBUzhEXzNoOFJGeHcxVDRCT25nWFdvYTJ5MTNvTGhVYThyZE5LR09BYXZPbGhyV2F1TklfR0VGZmhzdEQtMTVWcUM0Q1Z6QU51QkowX3lIZTlmUHJ4bXNpeTloNzdtUmVMclJkNlp5Tms0MTFfbkgyaVJ5UlliWVJqY2ZEWjN0NTlBdGZ1enptakhYSHdlMEtZUWFR?oc=5\" target=\"_blank\" rel=\"noopener\">Nouvelle canicule pour la fin juin : vers un \u00e9pisode potentiellement historique<\/a>&nbsp;&nbsp;La Cha\u00eene M\u00e9t\u00e9o<\/li>\n<li><a href=\"https:\/\/news.google.com\/rss\/articles\/CBMiqwJBVV95cUxQcVBkV0hFdlhRX0cxTk9mT1hoNXVkdlpVS2NaVUR2eGtSMWRLYUV0ak90Q29iT2ZqN01VeG02RDBBbk9PbkxoblhfUjFwUTdhM0Raal8xSTRqQ1VudTFvaWtDUTRPWHBpUHdPa0RGOTJYSTBYNE5FZENrVHVEdGpNa3BMZVNwWl9rdHp2WU9OT2FDcDVscXZuZDBkQjZlRThkVm5SeDJ4N2pQNFptTzN3b0tmRy1jaU1wcVZ3R3VSRXdSOW1YcHBVaU10NVZreERRRFpLbHh6bkwtME9maTdBN0d3SUVpOXdOSGcxa0tmQ1hNZXBPQVRkSW9sOTBRbk83cVlKUmxySUxYaFRVYzNEZzN3VThKSjJWRzgwdElnWVYybTlzc2FQY2c3OA?oc=5\" target=\"_blank\" rel=\"noopener\">METEO. Des temp\u00e9ratures jusqu&rsquo;\u00e0 40 degr\u00e9s, plusieurs jours de \u00ab\u00a0canicule\u00a0\u00bb&#8230; Comment le \u00ab\u00a0d\u00f4me de chaleur\u00a0\u00bb va s&rsquo;installer dans le Sud<\/a>&nbsp;&nbsp;France 3 R\u00e9gions<\/li>\n<li><a href=\"https:\/\/news.google.com\/rss\/articles\/CBMipgFBVV95cUxQX3Z3VkVVM2xvSHpmeHFOTk1zaWMxZVdqSEZ5TDc3T1RhaHBxTG5Nd3V5amQ0am1uNWp1UHlnWWU1VW93NEJlM3NZRHhRNHVmb3kwNFcxcW9mLUFFQkN0YjdDVUJxd013WkFTQWdrZ215d2JsNERKaDRyOEtMVm42WldlbG04SDZIQlp2UlB1TGtfckR0RzlZdnRKcHZHOVRNYVoyYS1n?oc=5\" target=\"_blank\" rel=\"noopener\">Ain. M\u00e9t\u00e9o : il fait plus chaud \u00e0 Bourg-en-Bresse qu\u2019\u00e0 Tunis<\/a>&nbsp;&nbsp;Le Progr\u00e8s<\/li>\n<\/ol>\n","protected":false},"excerpt":{"rendered":"Vigilance jaune canicule prolong\u00e9e dans les Pyr\u00e9n\u00e9es-Orientales : et les temp\u00e9ratures s\u2019affolent encore \u00e0 C\u00e9ret avec 41,5&nbsp;&nbsp;L&rsquo;Ind\u00e9pendant Vague&hellip;\n","protected":false},"author":2,"featured_media":1445,"comment_status":"","ping_status":"","sticky":false,"template":"","format":"standard","meta":{"footnotes":""},"categories":[4],"tags":[11,1011,27,12,25],"class_list":{"0":"post-204912","1":"post","2":"type-post","3":"status-publish","4":"format-standard","5":"has-post-thumbnail","7":"category-france","8":"tag-actualites","9":"tag-fr","10":"tag-france","11":"tag-news","12":"tag-republique-francaise"},"share_on_mastodon":{"url":"https:\/\/pubeurope.com\/@fr\/114747782174444857","error":""},"_links":{"self":[{"href":"https:\/\/www.europesays.com\/fr\/wp-json\/wp\/v2\/posts\/204912","targetHints":{"allow":["GET"]}}],"collection":[{"href":"https:\/\/www.europesays.com\/fr\/wp-json\/wp\/v2\/posts"}],"about":[{"href":"https:\/\/www.europesays.com\/fr\/wp-json\/wp\/v2\/types\/post"}],"author":[{"embeddable":true,"href":"https:\/\/www.europesays.com\/fr\/wp-json\/wp\/v2\/users\/2"}],"replies":[{"embeddable":true,"href":"https:\/\/www.europesays.com\/fr\/wp-json\/wp\/v2\/comments?post=204912"}],"version-history":[{"count":0,"href":"https:\/\/www.europesays.com\/fr\/wp-json\/wp\/v2\/posts\/204912\/revisions"}],"wp:featuredmedia":[{"embeddable":true,"href":"https:\/\/www.europesays.com\/fr\/wp-json\/wp\/v2\/media\/1445"}],"wp:attachment":[{"href":"https:\/\/www.europesays.com\/fr\/wp-json\/wp\/v2\/media?parent=204912"}],"wp:term":[{"taxonomy":"category","embeddable":true,"href":"https:\/\/www.europesays.com\/fr\/wp-json\/wp\/v2\/categories?post=204912"},{"taxonomy":"post_tag","embeddable":true,"href":"https:\/\/www.europesays.com\/fr\/wp-json\/wp\/v2\/tags?post=204912"}],"curies":[{"name":"wp","href":"https:\/\/api.w.org\/{rel}","templated":true}]}}