{"id":204917,"date":"2025-06-26T04:31:10","date_gmt":"2025-06-26T04:31:10","guid":{"rendered":"https:\/\/www.europesays.com\/fr\/204917\/"},"modified":"2025-06-26T04:31:10","modified_gmt":"2025-06-26T04:31:10","slug":"lalbum-concept-autour-de-lasse-sort-vendredi","status":"publish","type":"post","link":"https:\/\/www.europesays.com\/fr\/204917\/","title":{"rendered":"l\u2019album-concept autour de l\u2019ASSE sort vendredi"},"content":{"rendered":"<p>Allez les Verts (Monty, 1976), Supporter (Daniel Balavoine, 1983), Johnny Rep (Mickey 3D, 2004), Les Verts, c\u2019est les meilleurs (mis en musique par Wazoo, 2008), En Vers et contre tous (Full Faya, 2011)\u2026 Les chansons faisant r\u00e9f\u00e9rence \u00e0 l\u2019AS Saint-\u00c9tienne accompagnent l\u2019histoire du club depuis les seventies.<\/p>\n<p>Cet automne, Supersonic boy, un jeune artiste perpignanais, rendait m\u00eame hommage aux fans avec un titre dans la langue de Shakespeare : <a href=\"https:\/\/www.leprogres.fr\/culture-loisirs\/2024\/10\/24\/asse-il-rend-hommage-a-la-green-army-dans-une-chanson\" target=\"_blank\" rel=\"nofollow noopener\">The Green Army<\/a>.<\/p>\n<p>  \u00ab\u00a0Chaque titre a sa propre ambiance\u00a0\u00bb<\/p>\n<p>Vendredi 27 juin, le collectif Poto Carr\u00e9 va s\u2019offrir une premi\u00e8re en publiant Jour de match, un album-concept autour du club st\u00e9phanois (1). Au total : douze pistes sur le d\u00e9cuple champion de France !<\/p>\n<p>\u00ab <a href=\"https:\/\/www.leprogres.fr\/culture-loisirs\/2024\/12\/04\/musique-un-album-concept-autour-de-l-asse-sortira-en-juin\" target=\"_blank\" rel=\"nofollow noopener\">Il y a quelques mois, R\u00e9mi Peyrache m\u2019avait contact\u00e9 pour me dire qu\u2019il avait fait une chanson sur l\u2019ASSE<\/a> et j\u2019avais aussi en t\u00eate cette id\u00e9e, expliquait Yvan Marc, dans nos colonnes, en d\u00e9cembre dernier. Du coup, je lui avais propos\u00e9 qu\u2019on fasse tout un album autour du club. C\u2019est all\u00e9 assez vite. Certains morceaux sont latinos \u00e9lectros mais on reste sur de la pop musique. Il y a un m\u00e9lange de styles et chaque titre a sa propre ambiance.\u00a0\u00bb<\/p>\n<p>Les artistes st\u00e9phanois MC Pampille et Sarah Mikowski ont rejoint l\u2019aventure lanc\u00e9e par les deux Ponots.<\/p>\n<p>Pour faire patienter les supporters avant la sortie du disque enregistr\u00e9 au Studio E d\u2019\u00c9cotay-l\u2019Olme, le quatuor a publi\u00e9 quatre singles depuis cet hiver : Vert, <a href=\"https:\/\/www.leprogres.fr\/sport\/2025\/02\/05\/asse-c-est-jour-de-match-pour-yvan-marc-et-mc-pampille\" target=\"_blank\" rel=\"nofollow noopener\">Jour de match<\/a>, Roger, en hommage \u00e0 l\u2019embl\u00e9matique Roger Rocher (le club a \u00e9t\u00e9 neuf fois Champion de France et six fois vainqueur de la Coupe de France sous sa pr\u00e9sidence entre\u00a01961 et\u00a01982, NDLR) et Deuxi\u00e8me g\u00e9n\u00e9ration, titre accompagn\u00e9 d\u2019un clip tourn\u00e9 au parc des sports de l\u2019\u00c9tivalli\u00e8re, \u00e0 la brasserie Geoffroy-Guichard et dans le Chaudron lors du match ASSE-Montpellier le 23 novembre dernier.<\/p>\n<p>  Premier concert le 11\u00a0juillet \u00e0 Monistrol-sur-Loire<\/p>\n<p>Parmi les huit autres chansons de Poto Carr\u00e9 \u00e0 d\u00e9couvrir, \u00c9t\u00e9 82 (sur la Coupe du monde \u00e0 laquelle six St\u00e9phanois ont particip\u00e9), Mai 76, J\u2019avais 10 ans (un clin d\u2019\u0153il \u00e0 Lubomir Moravcik) et Allez les vertes d\u00e9di\u00e9e aux Amazones.<\/p>\n<p>\u00ab\u00a0Pour ce titre sur l\u2019\u00e9quipe f\u00e9minine, on travaille sur un deuxi\u00e8me clip, avance Yvan Marc. Avec l\u2019\u00e9quipe masculine, on verra ce qu\u2019il est possible de faire. On a d\u00e9j\u00e0 eu l\u2019occasion de parler de notre projet \u00e0 <a href=\"https:\/\/www.leprogres.fr\/p\/gautier-larsonneur\" target=\"_blank\" rel=\"nofollow noopener\">Gautier Larsonneur<\/a>, Micka\u00ebl Nad\u00e9, <a href=\"https:\/\/www.leprogres.fr\/p\/lucas-stassin\" target=\"_blank\" rel=\"nofollow noopener\">Lucas Stassin<\/a> et Ben Old.\u00a0\u00bb<\/p>\n<p>Le groupe de \u00ab\u00a0foot pop\u00a0\u00bb se produira pour la premi\u00e8re fois sur sc\u00e8ne le 11\u00a0juillet \u00e0 Monistrol-sur-Loire (place de la Victoire) : \u00ab\u00a0On jouera l\u2019album, mais aussi des chansons comme Saint-\u00c9tienne de <a href=\"https:\/\/www.leprogres.fr\/p\/bernard-lavilliers\" target=\"_blank\" rel=\"nofollow noopener\">Bernard Lavilliers<\/a>, <a href=\"https:\/\/www.leprogres.fr\/sortir\/2018\/11\/23\/ces-chansons-qui-mettent-les-verts-en-jambes-kwqf\" target=\"_blank\" rel=\"nofollow noopener\">Johnny Rep<\/a><a href=\"https:\/\/www.leprogres.fr\/sortir\/2018\/11\/23\/ces-chansons-qui-mettent-les-verts-en-jambes-kwqf\" target=\"_blank\" rel=\"nofollow noopener\"> de Mickey 3D<\/a> et des titres de MC Pampille, promet Yvan Marc.<\/p>\n<p>En 2026, \u00e0 l\u2019occasion des cinquante ans de l\u2019\u00e9pop\u00e9e europ\u00e9enne des Verts, on aura davantage de concerts. On est d\u00e9j\u00e0 programm\u00e9s \u00e0 Roche-la-Moli\u00e8re le 25\u00a0janvier (L\u2019Opsis) et \u00e0 Saint-Just-Saint-Rambert le 13\u00a0mai (L\u2019Embarcad\u00e8re). D\u2019autres dates vont s\u2019ajouter.\u00a0\u00bb Il vaut mieux. Le peuple vert est partout.<\/p>\n<p class=\"note\">Album Jour de match (Labeldiff), par le collectif Poto Carr\u00e9 (Yvan Marc-R\u00e9mi Peyrache-MC Pampille-Sarah Mikowski). Disponible sur les plateformes et en CD vendredi 27 juin. Commande possible <a href=\"https:\/\/labeldiff43.wixsite.com\/potocarre\" target=\"_blank\" rel=\"nofollow noopener\">sur le site du projet<\/a> et sur <a href=\"https:\/\/www.helloasso.com\/associations\/labeldiff-43\/boutiques\/pre-commande-album-poto-k-re\" target=\"_blank\" rel=\"nofollow noopener\">HelloAsso<\/a>. 18\u00a0euros.<\/p>\n","protected":false},"excerpt":{"rendered":"Allez les Verts (Monty, 1976), Supporter (Daniel Balavoine, 1983), Johnny Rep (Mickey 3D, 2004), Les Verts, c\u2019est les&hellip;\n","protected":false},"author":2,"featured_media":204918,"comment_status":"","ping_status":"","sticky":false,"template":"","format":"standard","meta":{"footnotes":""},"categories":[9653],"tags":[1111,11,2430,1687,7539,1777,674,107,63,1011,27,3367,873,12,25,4001,7538,517],"class_list":{"0":"post-204917","1":"post","2":"type-post","3":"status-publish","4":"format-standard","5":"has-post-thumbnail","7":"category-saint-etienne","8":"tag-actu","9":"tag-actualites","10":"tag-auvergne-rhone-alpes","11":"tag-culture-loisirs","12":"tag-edition-loire-sud","13":"tag-eu","14":"tag-europe","15":"tag-fil-info","16":"tag-football","17":"tag-fr","18":"tag-france","19":"tag-loire","20":"tag-musique","21":"tag-news","22":"tag-republique-francaise","23":"tag-saint-etienne","24":"tag-saint-etienne-ville","25":"tag-sport"},"share_on_mastodon":{"url":"https:\/\/pubeurope.com\/@fr\/114747794118934320","error":""},"_links":{"self":[{"href":"https:\/\/www.europesays.com\/fr\/wp-json\/wp\/v2\/posts\/204917","targetHints":{"allow":["GET"]}}],"collection":[{"href":"https:\/\/www.europesays.com\/fr\/wp-json\/wp\/v2\/posts"}],"about":[{"href":"https:\/\/www.europesays.com\/fr\/wp-json\/wp\/v2\/types\/post"}],"author":[{"embeddable":true,"href":"https:\/\/www.europesays.com\/fr\/wp-json\/wp\/v2\/users\/2"}],"replies":[{"embeddable":true,"href":"https:\/\/www.europesays.com\/fr\/wp-json\/wp\/v2\/comments?post=204917"}],"version-history":[{"count":0,"href":"https:\/\/www.europesays.com\/fr\/wp-json\/wp\/v2\/posts\/204917\/revisions"}],"wp:featuredmedia":[{"embeddable":true,"href":"https:\/\/www.europesays.com\/fr\/wp-json\/wp\/v2\/media\/204918"}],"wp:attachment":[{"href":"https:\/\/www.europesays.com\/fr\/wp-json\/wp\/v2\/media?parent=204917"}],"wp:term":[{"taxonomy":"category","embeddable":true,"href":"https:\/\/www.europesays.com\/fr\/wp-json\/wp\/v2\/categories?post=204917"},{"taxonomy":"post_tag","embeddable":true,"href":"https:\/\/www.europesays.com\/fr\/wp-json\/wp\/v2\/tags?post=204917"}],"curies":[{"name":"wp","href":"https:\/\/api.w.org\/{rel}","templated":true}]}}