{"id":204932,"date":"2025-06-26T04:40:10","date_gmt":"2025-06-26T04:40:10","guid":{"rendered":"https:\/\/www.europesays.com\/fr\/204932\/"},"modified":"2025-06-26T04:40:10","modified_gmt":"2025-06-26T04:40:10","slug":"il-porte-deja-ses-fruits","status":"publish","type":"post","link":"https:\/\/www.europesays.com\/fr\/204932\/","title":{"rendered":"Il porte d\u00e9j\u00e0 ses fruits"},"content":{"rendered":"<p>            Par<br \/>\n        <strong><br \/>\n            <a href=\"https:\/\/actu.fr\/auteur\/julien-sournies\" title=\"Consulter tous les articles de Julien Sournies\" rel=\"nofollow noopener\" target=\"_blank\">Julien Sournies<\/a><br \/>\n        <\/strong><\/p>\n<p>        Publi\u00e9 le<\/p>\n<p>            26 juin 2025 \u00e0 6h32        <\/p>\n<p>Face, notamment, \u00e0 la <a href=\"https:\/\/actu.fr\/auvergne-rhone-alpes\/grenoble_38185\/grenoble-les-chiffres-de-la-delinquance-sont-tombes-et-ils-ne-sont-pas-rejouissants_62428706.html\" rel=\"nofollow noopener\" target=\"_blank\">hausse des actes d\u00e9linquants li\u00e9s au narcotrafic<\/a> et aux usages de stup\u00e9fiants \u00e0 <a href=\"https:\/\/actu.fr\/grenoble\/\" rel=\"nofollow noopener\" target=\"_blank\">Grenoble<\/a> (<a href=\"https:\/\/actu.fr\/auvergne-rhone-alpes\/isere_38\" rel=\"nofollow noopener\" target=\"_blank\">Is\u00e8re<\/a>), la police a r\u00e9cemment mis en place un dispositif de sensibilisation aupr\u00e8s de la population.<br \/>Depuis le 22\u00a0mai dernier, les forces de l\u2019ordre proc\u00e8dent en effet \u00e0 la distribution massive de flyers dans les bo\u00eetes \u00e0 lettres afin \u00ab\u2009d\u2019inciter les gens \u00e0 <strong>donner des<\/strong> <strong>renseignements<\/strong> \u00e0 la police nationale\u2009\u00bb, indique la pr\u00e9fecture de l\u2019Is\u00e8re \u00e0 actu Grenoble.<\/p>\n<p>Une op\u00e9ration vou\u00e9e \u00e0 perdurer<\/p>\n<p class=\" wall-content\">Dans le d\u00e9tail, toutes les personnes en possession dudit prospectus n\u2019ont qu\u2019\u00e0 scanner un QR code pour pouvoir t\u00e9moigner directement sur le site internet du <a href=\"https:\/\/www.masecurite.interieur.gouv.fr\/fr\" rel=\"nofollow noopener\" target=\"_blank\">minist\u00e8re de l\u2019Int\u00e9rieur<\/a>.<\/p>\n<blockquote class=\"ac-article-quote wall-content\">\n<p>Nous avons des remont\u00e9es d&rsquo;informations qui se font par le biais de la plateforme \u00ab\u00a0mas\u00e9curit\u00e9\u00a0\u00bb, par les appels 17, il est bien pr\u00e9cis\u00e9 que c&rsquo;est de mani\u00e8re anonyme. Les habitants peuvent \u00e9galement se confier aux d\u00e9l\u00e9gu\u00e9s coh\u00e9sion police \/ population pr\u00e9sents sur chaque quartier et les policiers qui patrouillent sur les diff\u00e9rents secteurs. Un retour positif qui aide les groupes d&rsquo;enqu\u00eate.<\/p>\n<p>    <strong>Catherine S\u00e9guin <\/strong><br \/>\n        Pr\u00e9f\u00e8te de l&rsquo;Is\u00e8re    <\/p><\/blockquote>\n<p class=\" wall-content\">Pour l\u2019heure, les tourn\u00e9es effectu\u00e9es par la police n\u2019ont eu lieu que dans des \u00ab\u2009quartiers <strong>sensibles<\/strong> connus pour le trafic de stup\u00e9fiants\u2009\u00bb, \u00e0 savoir ceux du Mistral et Hoche, ainsi que dans la commune de Fontaine.<\/p>\n<p class=\" wall-content\">Et la pr\u00e9fecture l\u2019assure\u2009: ce dispositif n\u2019en est qu\u2019\u00e0 ses <strong>pr\u00e9mices<\/strong>. \u00ab\u2009Nous continuerons cette op\u00e9ration aussi longtemps et souvent que n\u00e9cessaire\u2009\u00bb, promet-elle. \u00c0 ce propos, la prochaine distribution se fera dans le quartier <strong>Saint-Bruno<\/strong>, th\u00e9\u00e2tre de plusieurs <a href=\"https:\/\/actu.fr\/auvergne-rhone-alpes\/grenoble_38185\/grenoble-nouvelle-fusillade-dans-la-ville-quatre-personnes-interpellees-par-la-police_61873745.html\" rel=\"nofollow noopener\" target=\"_blank\">fusillades<\/a> ces derniers mois.<\/p>\n<p>Plusieurs interpellations et saisies de drogue<\/p>\n<p class=\" wall-content\">Quant aux premiers r\u00e9sultats de cette op\u00e9ration, ceux-ci sont largement <strong>satisfaisants<\/strong>. \u00ab\u2009D\u2019ores et d\u00e9j\u00e0, ce dispositif porte ses fruits et a conduit \u00e0 des interpellations et des saisies de drogue\u2009\u00bb, assure la pr\u00e9f\u00e8te de l\u2019Is\u00e8re Catherine S\u00e9guin.<\/p>\n<p class=\" wall-content\">Et cette derni\u00e8re de conclure\u2009: \u00ab\u2009Cette op\u00e9ration, innovante et efficace, que je soutiens pleinement, illustre une nouvelle fois l\u2019efficacit\u00e9 et la pertinence du travail de terrain conduit chaque jour par nos forces de police, en \u00e9troite coordination avec l\u2019ensemble des services de l\u2019\u00c9tat et en coop\u00e9ration directe avec la population. Il contribue enfin \u00e0 lib\u00e9rer la parole des habitants face au trafic et \u00e0 renforcer le lien de confiance entre les forces de l\u2019ordre et la population.\u2009\u00bb<\/p>\n<p class=\" wall-content\">Suivez toute l\u2019actualit\u00e9 de vos villes et m\u00e9dias favoris en vous inscrivant \u00e0 <a href=\"https:\/\/moncompte.actu.fr\" title=\"D\u00e9couvez Mon Actu\" rel=\"nofollow noopener\" data-trk=\"{&quot;cta&quot;:{&quot;action&quot;:&quot;https:\\\/\\\/moncompte.actu.fr&quot;,&quot;category&quot;:&quot;mon compte&quot;,&quot;from&quot;:&quot;article footer&quot;,&quot;name&quot;:&quot;Mon actu&quot;,&quot;type&quot;:&quot;cta&quot;}}\" target=\"_blank\">Mon Actu<\/a>.<\/p>\n","protected":false},"excerpt":{"rendered":"Par Julien Sournies Publi\u00e9 le 26 juin 2025 \u00e0 6h32 Face, notamment, \u00e0 la hausse des actes d\u00e9linquants&hellip;\n","protected":false},"author":2,"featured_media":131579,"comment_status":"","ping_status":"","sticky":false,"template":"","format":"standard","meta":{"footnotes":""},"categories":[9566],"tags":[1111,11,2430,1052,1777,674,1011,27,2731,12,1072,25,104],"class_list":{"0":"post-204932","1":"post","2":"type-post","3":"status-publish","4":"format-standard","5":"has-post-thumbnail","7":"category-grenoble","8":"tag-actu","9":"tag-actualites","10":"tag-auvergne-rhone-alpes","11":"tag-drogue","12":"tag-eu","13":"tag-europe","14":"tag-fr","15":"tag-france","16":"tag-grenoble","17":"tag-news","18":"tag-police","19":"tag-republique-francaise","20":"tag-societe"},"share_on_mastodon":{"url":"https:\/\/pubeurope.com\/@fr\/114747829376910483","error":""},"_links":{"self":[{"href":"https:\/\/www.europesays.com\/fr\/wp-json\/wp\/v2\/posts\/204932","targetHints":{"allow":["GET"]}}],"collection":[{"href":"https:\/\/www.europesays.com\/fr\/wp-json\/wp\/v2\/posts"}],"about":[{"href":"https:\/\/www.europesays.com\/fr\/wp-json\/wp\/v2\/types\/post"}],"author":[{"embeddable":true,"href":"https:\/\/www.europesays.com\/fr\/wp-json\/wp\/v2\/users\/2"}],"replies":[{"embeddable":true,"href":"https:\/\/www.europesays.com\/fr\/wp-json\/wp\/v2\/comments?post=204932"}],"version-history":[{"count":0,"href":"https:\/\/www.europesays.com\/fr\/wp-json\/wp\/v2\/posts\/204932\/revisions"}],"wp:featuredmedia":[{"embeddable":true,"href":"https:\/\/www.europesays.com\/fr\/wp-json\/wp\/v2\/media\/131579"}],"wp:attachment":[{"href":"https:\/\/www.europesays.com\/fr\/wp-json\/wp\/v2\/media?parent=204932"}],"wp:term":[{"taxonomy":"category","embeddable":true,"href":"https:\/\/www.europesays.com\/fr\/wp-json\/wp\/v2\/categories?post=204932"},{"taxonomy":"post_tag","embeddable":true,"href":"https:\/\/www.europesays.com\/fr\/wp-json\/wp\/v2\/tags?post=204932"}],"curies":[{"name":"wp","href":"https:\/\/api.w.org\/{rel}","templated":true}]}}