{"id":204933,"date":"2025-06-26T04:41:20","date_gmt":"2025-06-26T04:41:20","guid":{"rendered":"https:\/\/www.europesays.com\/fr\/204933\/"},"modified":"2025-06-26T04:41:20","modified_gmt":"2025-06-26T04:41:20","slug":"tribunal-de-commerce-de-grenoble-les-priorites-du-nouveau-president","status":"publish","type":"post","link":"https:\/\/www.europesays.com\/fr\/204933\/","title":{"rendered":"Tribunal de commerce de Grenoble : les priorit\u00e9s du nouveau pr\u00e9sident"},"content":{"rendered":"<p>Le 25 juin, la salle \u00e9tait pleine pour assister \u00e0 l&rsquo;audience d&rsquo;installation du nouveau pr\u00e9sident du <strong>tribunal de commerce de Grenoble<\/strong> et, de fait, la derni\u00e8re audience de la pr\u00e9sidente sortante, <a href=\"https:\/\/mesinfos.fr\/38000-grenoble\/tribunal-de-commerce-de-grenoble-la-presidente-valerie-denu-sur-le-depart-223362.html\" rel=\"noopener nofollow\" target=\"_blank\">Val\u00e9rie Denu<\/a>. Cette derni\u00e8re a pr\u00e9sent\u00e9 son successeur, pr\u00e9cisant qu&rsquo;il \u00e9tait le seul candidat et qu&rsquo;il avait \u00e9t\u00e9 \u00e9lu le 4 juin dernier <strong>\u00e0 l&rsquo;unanimit\u00e9<\/strong> par les juges consulaires de Grenoble. <\/p>\n<p>Philippe Pasteur, professeur de droit, est le nouveau pr\u00e9sident du tribunal de commerce de Grenoble <img decoding=\"async\" alt=\"\" class=\"img-align-center img-size-limited\" data-zoomable=\"\" height=\"1333\" loading=\"lazy\" src=\"https:\/\/www.europesays.com\/fr\/wp-content\/uploads\/2025\/06\/4o7a0489.JPG\" title=\"\u00a9 Thomas Richardson - La salle d'audience \u00e9tait pleine, ce mercredi 25 juin pour assister \u00e0 l'installation du nouveau pr\u00e9sident et saluer le travail de Val\u00e9rie Denu pendant dix ans au sein du tribunal de commerce de Grenoble.\" width=\"2000\"\/> <\/p>\n<p>\u00a9 Thomas Richardson &#8211; La salle d&rsquo;audience \u00e9tait pleine, ce mercredi 25 juin pour assister \u00e0 l&rsquo;installation du nouveau pr\u00e9sident et saluer le travail de Val\u00e9rie Denu pendant dix ans au sein du tribunal de commerce de Grenoble. <\/p>\n<p>Il s&rsquo;agit de <strong>Philippe Pasteur<\/strong>, professeur de droit et juge consulaire depuis 2016 \u00e0 Grenoble. \u00ab\u00a0C&rsquo;est un grand honneur et une belle responsabilit\u00e9 qui m&rsquo;est confi\u00e9e, a-t-il r\u00e9agi. J&rsquo;aurai \u00e0 c\u0153ur d\u2019\u0153uvrer avec passion en faveur d&rsquo;une justice commercial moderne, proche des r\u00e9alit\u00e9s \u00e9conomiques et attentive aux enjeux des entreprises et du territoire.\u00a0\u00bb <\/p>\n<p>Ce dernier a ensuite list\u00e9 ses \u00ab\u00a0axes de r\u00e9flexion\u00a0\u00bb\u00a0pour sa pr\u00e9sidence : <\/p>\n<blockquote>\n<p>\u00ab\u00a0En interne, nous allons maintenir et d\u00e9velopper les comp\u00e9tences des juges consulaires par des formations internes en plus des formations obligatoires de l\u2019\u00c9cole nationale de la magistrature (ENM). Nous allons favoriser leur mont\u00e9e en comp\u00e9tences selon leurs app\u00e9tences apr\u00e8s avoir vu toutes les facettes de notre juridiction commerciale (contentieux, proc\u00e9dures collectives).\u00a0\u00bb <\/p>\n<\/blockquote>\n<p>Le nouveau pr\u00e9sident a lanc\u00e9 un <strong>appel aux volontaires<\/strong> pour devenir juge consulaire, activit\u00e9 b\u00e9n\u00e9vole tout comme la pr\u00e9sidence du tribunal de commerce. \u00ab\u00a0Nous avons besoin de trois candidatures. Nous aurons besoin d&rsquo;un renfort d&rsquo;effectifs pour faire face aux enjeux \u00e0 venir des proc\u00e9dures collectives.\u00a0\u00bb <\/p>\n<p>Concernant le r\u00f4le du tribunal en mati\u00e8re de <strong>proc\u00e9dures collectives<\/strong>, Philippe Pasteur souhaite continuer \u00e0 travailler avec le premier pr\u00e9sident de la cour d&rsquo;appel et le <a href=\"https:\/\/mesinfos.fr\/38000-grenoble\/comment-le-nouveau-procureur-de-grenoble-veut-mettre-fin-au-narcotrafic-et-aux-reglements-de-comptes-225111.html\" rel=\"noopener nofollow\" target=\"_blank\">procureur de la R\u00e9publique <\/a>de Grenoble. \u00ab\u00a0Nous devons d\u00e9velopper les proc\u00e9dures amiables (mandat ad hoc et conciliation).\u00a0\u00bb Il d\u00e9l\u00e9guera ces comp\u00e9tences \u00e0 deux juges consulaires sp\u00e9cialement form\u00e9s. De son c\u00f4t\u00e9, il participera, comme Val\u00e9rie Denu avant lui, \u00e0 des conf\u00e9rences et tables rondes pour sensibiliser les professionnels du chiffre et du droit. <\/p>\n<p>En mati\u00e8re de <strong>contentieux<\/strong>, le tribunal continuera de privil\u00e9gier les <strong>modes alternatifs de r\u00e8glement des diff\u00e9rends<\/strong>. \u00ab\u00a0Nous avons commenc\u00e9 \u00e0 mettre en place les audiences de r\u00e8glement amiable et nous collaborerons avec le conseil r\u00e9gional de m\u00e9diation.\u00a0\u00bb<\/p>\n<p>Le tribunal entend\u00a0utiliser l&rsquo;<strong>intelligence artificielle <\/strong>dans la pr\u00e9paration des dossiers et dans la prise des d\u00e9cisions. \u00ab\u00a0Nous prendrons \u00e9galement en compte les travaux sur l&rsquo;open data et la signature \u00e9lectronique.\u00a0\u00bb <\/p>\n<p>Enseignant \u00e0 Grenoble \u00c9cole de Management et formateur \u00e0 l\u2019\u00c9cole nationale de la magistrature, qui est Philippe Pasteur ? <img decoding=\"async\" alt=\"\" class=\"img-align-center img-size-limited\" data-zoomable=\"\" height=\"1333\" loading=\"lazy\" src=\"https:\/\/www.europesays.com\/fr\/wp-content\/uploads\/2025\/06\/4o7a0495.JPG\" title=\"\u00a9 Thomas Richardson - Le nouveau pr\u00e9sident \u00e9lu du tribunal de commerce de Grenoble, Philippe Pasteur, et la pr\u00e9sidente sortante, Val\u00e9rie Denu.\" width=\"2000\"\/> \u00a9 Thomas Richardson &#8211; Le nouveau pr\u00e9sident \u00e9lu du tribunal de commerce de Grenoble, Philippe Pasteur, et la pr\u00e9sidente sortante, Val\u00e9rie Denu. <\/p>\n<p>Philippe Pasteur est professeur de droit \u00e0 <strong>Grenoble \u00c9cole de Management <\/strong>(Gem). <\/p>\n<blockquote>\n<p>\u00ab\u00a0Il dispense des enseignements en droit des contrats, des entreprises, des ressources humaines, travail, de la n\u00e9gociation collective&#8230; a d\u00e9taill\u00e9 Val\u00e9rie Denu \u00e0 l&rsquo;audience. Il est titulaire d&rsquo;un dipl\u00f4me d&rsquo;\u00e9tudes approfondies en droit europ\u00e9en et d&rsquo;une ma\u00eetrise en droit international. Apr\u00e8s un stage aux Nations Unies \u00e0 Gen\u00e8ve dans le cadre de la pr\u00e9paration d&rsquo;un doctorat, puis dans des cabinets d&rsquo;avocat \u00e0 Grenoble, il acquiert une exp\u00e9rience de juriste d&rsquo;entreprise g\u00e9n\u00e9raliste en qualit\u00e9 de responsable juridique d&rsquo;entreprises d&rsquo;envergure internationale, notamment dans la grande distribution et la distribution sp\u00e9cialis\u00e9e.\u00a0\u00bb <\/p>\n<\/blockquote>\n<p>Philippe Pasteur a enseign\u00e9 \u00e0 l&rsquo;universit\u00e9 Lyon 3 et au sein des organismes de formation d\u00e9pendant de l&rsquo;industrie m\u00e9tallurgique, et il a rejoint en 2012 en qualit\u00e9 d&rsquo;administrateur, la chambre de l&rsquo;Is\u00e8re de l&rsquo;Union nationale de la propri\u00e9t\u00e9 immobili\u00e8re. <\/p>\n<p>\u00ab\u00a0Il dirige une soci\u00e9t\u00e9 sp\u00e9cialis\u00e9e dans le d\u00e9veloppement des licences de marque dans le secteur des caf\u00e9s h\u00f4tels restaurants, a poursuivi Val\u00e9rie Denu. En 2016, il est \u00e9lu juge au tribunal de commerce de Grenoble et prend ses fonctions en janvier 2017. Puis il devient pr\u00e9sident d&rsquo;audience et juge des r\u00e9f\u00e9r\u00e9s. Il entre \u00e0 l\u2019ENM\u00a0en 2024 pour former les juges consulaires. En janvier 2025, il est nomm\u00e9 vice-pr\u00e9sident du tribunal de commerce de Grenoble et \u00e9lu pr\u00e9sident en juin 2025. Je pense que son profil a de quoi rassurer les professionnels du droit!\u00a0\u00bb<\/p>\n","protected":false},"excerpt":{"rendered":"Le 25 juin, la salle \u00e9tait pleine pour assister \u00e0 l&rsquo;audience d&rsquo;installation du nouveau pr\u00e9sident du tribunal de&hellip;\n","protected":false},"author":2,"featured_media":204934,"comment_status":"","ping_status":"","sticky":false,"template":"","format":"standard","meta":{"footnotes":""},"categories":[9566],"tags":[1111,11,34385,2430,1777,674,1011,27,2731,12,25,34384],"class_list":{"0":"post-204933","1":"post","2":"type-post","3":"status-publish","4":"format-standard","5":"has-post-thumbnail","7":"category-grenoble","8":"tag-actu","9":"tag-actualites","10":"tag-audience-solennelle","11":"tag-auvergne-rhone-alpes","12":"tag-eu","13":"tag-europe","14":"tag-fr","15":"tag-france","16":"tag-grenoble","17":"tag-news","18":"tag-republique-francaise","19":"tag-tribunal-de-commerce-de-grenoble"},"share_on_mastodon":{"url":"https:\/\/pubeurope.com\/@fr\/114747833363709398","error":""},"_links":{"self":[{"href":"https:\/\/www.europesays.com\/fr\/wp-json\/wp\/v2\/posts\/204933","targetHints":{"allow":["GET"]}}],"collection":[{"href":"https:\/\/www.europesays.com\/fr\/wp-json\/wp\/v2\/posts"}],"about":[{"href":"https:\/\/www.europesays.com\/fr\/wp-json\/wp\/v2\/types\/post"}],"author":[{"embeddable":true,"href":"https:\/\/www.europesays.com\/fr\/wp-json\/wp\/v2\/users\/2"}],"replies":[{"embeddable":true,"href":"https:\/\/www.europesays.com\/fr\/wp-json\/wp\/v2\/comments?post=204933"}],"version-history":[{"count":0,"href":"https:\/\/www.europesays.com\/fr\/wp-json\/wp\/v2\/posts\/204933\/revisions"}],"wp:featuredmedia":[{"embeddable":true,"href":"https:\/\/www.europesays.com\/fr\/wp-json\/wp\/v2\/media\/204934"}],"wp:attachment":[{"href":"https:\/\/www.europesays.com\/fr\/wp-json\/wp\/v2\/media?parent=204933"}],"wp:term":[{"taxonomy":"category","embeddable":true,"href":"https:\/\/www.europesays.com\/fr\/wp-json\/wp\/v2\/categories?post=204933"},{"taxonomy":"post_tag","embeddable":true,"href":"https:\/\/www.europesays.com\/fr\/wp-json\/wp\/v2\/tags?post=204933"}],"curies":[{"name":"wp","href":"https:\/\/api.w.org\/{rel}","templated":true}]}}