{"id":204937,"date":"2025-06-26T04:44:00","date_gmt":"2025-06-26T04:44:00","guid":{"rendered":"https:\/\/www.europesays.com\/fr\/204937\/"},"modified":"2025-06-26T04:44:00","modified_gmt":"2025-06-26T04:44:00","slug":"un-policier-et-un-manifestant-condamnes-pour-des-violences-en-manifestation-2","status":"publish","type":"post","link":"https:\/\/www.europesays.com\/fr\/204937\/","title":{"rendered":"Un policier et un manifestant condamn\u00e9s pour des violences en manifestation"},"content":{"rendered":"<p>C\u2019est <a href=\"https:\/\/www.20minutes.fr\/justice\/4156857-20250604-rennes-confondu-video-policier-condamne-violences-manifestation\" class=\"color-ultramarine c-link\" rel=\"nofollow noopener\" target=\"_blank\">la deuxi\u00e8me condamnation ce mois-ci<\/a>. Mardi, un policier a \u00e9t\u00e9 condamn\u00e9 par le tribunal correctionnel de Rennes pour des violences commises en marge d\u2019une manifestation contre <a href=\"https:\/\/www.20minutes.fr\/dossier\/reforme_des_retraites\" class=\"color-ultramarine c-link\" rel=\"nofollow noopener\" target=\"_blank\">la r\u00e9forme des retraites<\/a>. En avril\u00a02023, il \u00e9tait mobilis\u00e9 pour encadrer la mobilisation, particuli\u00e8rement virulente dans la capitale bretonne. Les tensions \u00e9taient vives entre les forces de l\u2019ordre et les manifestants, notamment en raison <a href=\"https:\/\/www.20minutes.fr\/societe\/reforme_des_retraites\/4028337-20230317-reforme-retraites-desolant-stupeur-rennes-apres-saccage-ville-casseurs\" class=\"color-ultramarine c-link\" rel=\"nofollow noopener\" target=\"_blank\">des saccages de biens publics<\/a> et des pillages de magasins <a href=\"https:\/\/www.20minutes.fr\/societe\/reforme_des_retraites\/4029368-20230323-greve-23-mars-rennes-maire-appelle-emmanuel-macron-sortir-spirale\" class=\"color-ultramarine c-link\" rel=\"nofollow noopener\" target=\"_blank\">orchestr\u00e9s par les \u00e9l\u00e9ments les plus radicaux<\/a>. Le CRS avait \u00e9t\u00e9 mobilis\u00e9 le 15\u00a0avril pour encadrer le cort\u00e8ge. Il avait \u00e9t\u00e9 vu en train d\u2019ass\u00e9ner un coup de poing au visage d\u2019un manifestant. Une agression film\u00e9e qui avait \u00e9t\u00e9 largement relay\u00e9e sur les r\u00e9seaux sociaux.<\/p>\n<p>C\u2019est sur la foi de cette vid\u00e9o que le tribunal correctionnel de Rennes a condamn\u00e9 le policier \u00e0 sept mois de prison avec sursis. \u00ab\u00a0Heureusement <a href=\"https:\/\/www.20minutes.fr\/societe\/2874983-20201002-violences-policieres-deni-politique-devenu-plus-plus-complique-estime-journaliste-david-dufresne\" class=\"color-ultramarine c-link\" rel=\"nofollow noopener\" target=\"_blank\">que des gens filment les interventions polici\u00e8res<\/a> de temps en temps. Parce que sans la vid\u00e9o, on n\u2019aurait pas d\u2019\u00e9l\u00e9ments de preuve des violences commises par les policiers\u00a0\u00bb, a r\u00e9agi Me Olivier Pacheu, avocat du manifestant. Son client a lui aussi \u00e9t\u00e9 condamn\u00e9. Il \u00e9cope de trois mois avec sursis pour r\u00e9bellion.<\/p>\n<\/p>\n<p>En condamnant le policier \u00e0 sept mois de prison, le tribunal est all\u00e9 au-del\u00e0 des r\u00e9quisitions du parquet, qui avait demand\u00e9 six mois d\u2019emprisonnement avec sursis lors de l\u2019audience le 2\u00a0juin. Un second policier mis en cause a quant \u00e0 lui \u00e9t\u00e9 relax\u00e9.<\/p>\n<p>Un policier condamn\u00e9 le 3\u00a0juin<\/p>\n<p>Le 3 juin, un policier a \u00e9t\u00e9 condamn\u00e9 \u00e0 cinq mois de prison avec sursis par ce m\u00eame tribunal correctionnel pour des violences commises sur deux hommes en mars\u00a02023 \u00e9galement pendant une journ\u00e9e de mobilisation contre la r\u00e9forme des retraites \u00e0 Rennes.<\/p>\n","protected":false},"excerpt":{"rendered":"C\u2019est la deuxi\u00e8me condamnation ce mois-ci. Mardi, un policier a \u00e9t\u00e9 condamn\u00e9 par le tribunal correctionnel de Rennes&hellip;\n","protected":false},"author":2,"featured_media":204938,"comment_status":"","ping_status":"","sticky":false,"template":"","format":"standard","meta":{"footnotes":""},"categories":[2821],"tags":[1111,47,11,16995,829,12513,1777,674,7641,1011,27,848,303,1272,12,10910,1268,584,25,3693,809,7374],"class_list":{"0":"post-204937","1":"post","2":"type-post","3":"status-publish","4":"format-standard","5":"has-post-thumbnail","7":"category-rennes","8":"tag-actu","9":"tag-actualite","10":"tag-actualites","11":"tag-black-blocs","12":"tag-bretagne","13":"tag-crs","14":"tag-eu","15":"tag-europe","16":"tag-faits-divers-rennes","17":"tag-fr","18":"tag-france","19":"tag-ille-et-vilaine","20":"tag-justice","21":"tag-manifestations","22":"tag-news","23":"tag-policier","24":"tag-reforme-des-retraites-2023","25":"tag-rennes","26":"tag-republique-francaise","27":"tag-tribunal","28":"tag-violence","29":"tag-violences-policieres"},"share_on_mastodon":{"url":"https:\/\/pubeurope.com\/@fr\/114747845593822804","error":""},"_links":{"self":[{"href":"https:\/\/www.europesays.com\/fr\/wp-json\/wp\/v2\/posts\/204937","targetHints":{"allow":["GET"]}}],"collection":[{"href":"https:\/\/www.europesays.com\/fr\/wp-json\/wp\/v2\/posts"}],"about":[{"href":"https:\/\/www.europesays.com\/fr\/wp-json\/wp\/v2\/types\/post"}],"author":[{"embeddable":true,"href":"https:\/\/www.europesays.com\/fr\/wp-json\/wp\/v2\/users\/2"}],"replies":[{"embeddable":true,"href":"https:\/\/www.europesays.com\/fr\/wp-json\/wp\/v2\/comments?post=204937"}],"version-history":[{"count":0,"href":"https:\/\/www.europesays.com\/fr\/wp-json\/wp\/v2\/posts\/204937\/revisions"}],"wp:featuredmedia":[{"embeddable":true,"href":"https:\/\/www.europesays.com\/fr\/wp-json\/wp\/v2\/media\/204938"}],"wp:attachment":[{"href":"https:\/\/www.europesays.com\/fr\/wp-json\/wp\/v2\/media?parent=204937"}],"wp:term":[{"taxonomy":"category","embeddable":true,"href":"https:\/\/www.europesays.com\/fr\/wp-json\/wp\/v2\/categories?post=204937"},{"taxonomy":"post_tag","embeddable":true,"href":"https:\/\/www.europesays.com\/fr\/wp-json\/wp\/v2\/tags?post=204937"}],"curies":[{"name":"wp","href":"https:\/\/api.w.org\/{rel}","templated":true}]}}