{"id":204939,"date":"2025-06-26T04:45:12","date_gmt":"2025-06-26T04:45:12","guid":{"rendered":"https:\/\/www.europesays.com\/fr\/204939\/"},"modified":"2025-06-26T04:45:12","modified_gmt":"2025-06-26T04:45:12","slug":"strasbourg-au-phare-citadelle-ce-week-end-lexpo-de-la-biere-innove-encore","status":"publish","type":"post","link":"https:\/\/www.europesays.com\/fr\/204939\/","title":{"rendered":"Strasbourg. Au Phare Citadelle ce week-end, l\u2019Expo de la bi\u00e8re innove encore"},"content":{"rendered":"<p>Les amateurs de bi\u00e8re ne seront pas d\u00e9\u00e7us par la programmation 2025 de l\u2019Expo, <a href=\"https:\/\/www.dna.fr\/culture-loisirs\/2023\/06\/22\/ca-va-mousser-pour-la-3e-edition-de-l-expo-de-la-biere\" target=\"_blank\" rel=\"nofollow noopener\">cinqui\u00e8me du nom<\/a> ! En pr\u00e9sence de 25 brasseries, c\u2019est une v\u00e9ritable f\u00eate de la bi\u00e8re qui se tiendra ce week-end \u00e0 Strasbourg, au Port du Rhin\u00a0!<\/p>\n<p>On pourra assister \u00e0 des ateliers de bi\u00e9rologie &#8211; men\u00e9s par une femme, une premi\u00e8re\u00a0! &#8211; ou \u00e0 des conf\u00e9rences sur divers th\u00e8mes autour de la bi\u00e8re. Ateliers food-pairing pour bien assortir sa bi\u00e8re avec son fromage, corner jeux de soci\u00e9t\u00e9 anim\u00e9 par la Baraka Jeux, projection du documentaire De l\u2019\u00e9pi au demi , le tout sur fond musical et DJ sets\u2026<\/p>\n<p>Ce contenu est bloqu\u00e9 car vous n&rsquo;avez pas accept\u00e9 les cookies et autres traceurs.<\/p>\n<p>En cliquant sur \u00ab J\u2019accepte \u00bb, les cookies et autres traceurs seront d\u00e9pos\u00e9s et vous pourrez visualiser les contenus  (<a href=\"\" class=\"consentModule_policy\" target=\"_blank\" title=\"Consulter la politique de protection des donn\u00e9es du fournisseur\">plus d&rsquo;informations<\/a>).<\/p>\n<p>En cliquant sur \u00ab J\u2019accepte tous les cookies \u00bb, vous autorisez des d\u00e9p\u00f4ts de cookies et autres traceurs pour le stockage de vos donn\u00e9es sur nos sites et applications \u00e0 des fins de personnalisation et de ciblage publicitaire.<\/p>\n<p class=\"consentModule_secondaryText\">Vous gardez la possibilit\u00e9 de retirer votre consentement \u00e0 tout moment en consultant notre <a href=\"https:\/\/www.dna.fr\/protection-des-donnees\" target=\"_blank\" title=\"Consulter notre politique de protection des donn\u00e9es\" rel=\"nofollow noopener\">politique de protection des donn\u00e9es<\/a>. <br \/>&#13;<br \/>\n            <a href=\"https:\/\/www.dna.fr\/culture-loisirs\/2025\/06\/26\/javascript:Didomi.notice.show()\" class=\"consentModule_cmp\" rel=\"nofollow noopener\" target=\"_blank\">G\u00e9rer mes choix<\/a>&#13;\n        <\/p>\n<p>&#13;<br \/>\n                        J&rsquo;accepte&#13;<br \/>\n            J&rsquo;accepte tous les cookies&#13;\n        <\/p>\n<p>  Un concours de bras de fer sportif<\/p>\n<p>Il y en aura pour tous les go\u00fbts au <a href=\"https:\/\/www.dna.fr\/culture-loisirs\/2021\/07\/03\/phare-citadelle-s-active-au-bord-de-l-eau\" target=\"_blank\" rel=\"nofollow noopener\">Phare Citadelle<\/a>. \u00ab\u00a0On propose \u00e9galement un stand de Gin To&rsquo;, de cidre, de charcuterie et un bar \u00e0 softs\u00a0\u00bb, pr\u00e9cise Kelly Youngs, organisatrice de l\u2019\u00e9v\u00e9nement.<\/p>\n<p>Nouveaut\u00e9s cette ann\u00e9e\u00a0: une \u00ab\u00a0gravel ride\u00a0\u00bb qui, organis\u00e9e par <a href=\"https:\/\/www.dna.fr\/culture-loisirs\/2024\/07\/23\/chez-omnino-ils-ont-fait-du-cafe-leur-specialite\" target=\"_blank\" rel=\"nofollow noopener\">Omnino Caf\u00e9<\/a> , vous invitera \u00e0 p\u00e9daler depuis son kiosque du centre-ville jusqu\u2019\u00e0 l\u2019Expo de la bi\u00e8re dimanche 29\u00a0juin \u00e0 9\u00a0h, ou encore un concours de bras de fer sportif samedi de 18\u00a0h \u00e0 minuit\u00a0!<\/p>\n<p class=\"note\">Vendredi\u00a027 juin de 17\u00a0h \u00e0 minuit\u00a0; samedi\u00a028 de 16\u00a0h \u00e0 1\u00a0h\u00a0; dimanche\u00a029 de 12\u00a0h \u00e0 18\u00a0h. Entr\u00e9e \u00e0 7\u00a0\u20ac (5\u00a0\u20ac \u00e9tudiants) comprenant un verre \u00e0 bi\u00e8re, une bouteille d\u2019eau et un paquet de bretzels. Phare Citadelle, 13, rue de Nantes \u00e0 Strasbourg. Programme sur le site de l\u2019Expo de la bi\u00e8re.<\/p>\n","protected":false},"excerpt":{"rendered":"Les amateurs de bi\u00e8re ne seront pas d\u00e9\u00e7us par la programmation 2025 de l\u2019Expo, cinqui\u00e8me du nom !&hellip;\n","protected":false},"author":2,"featured_media":204940,"comment_status":"","ping_status":"","sticky":false,"template":"","format":"standard","meta":{"footnotes":""},"categories":[2820],"tags":[1111,11,1687,2880,1777,674,107,1685,1011,27,775,12,4043,25,953,640,2879],"class_list":{"0":"post-204939","1":"post","2":"type-post","3":"status-publish","4":"format-standard","5":"has-post-thumbnail","7":"category-strasbourg","8":"tag-actu","9":"tag-actualites","10":"tag-culture-loisirs","11":"tag-edition-strasbourg","12":"tag-eu","13":"tag-europe","14":"tag-fil-info","15":"tag-foire-et-salon","16":"tag-fr","17":"tag-france","18":"tag-grand-est","19":"tag-news","20":"tag-repas-et-the-dansant","21":"tag-republique-francaise","22":"tag-soiree","23":"tag-strasbourg","24":"tag-strasbourg-ville"},"share_on_mastodon":{"url":"https:\/\/pubeurope.com\/@fr\/114747849151937921","error":""},"_links":{"self":[{"href":"https:\/\/www.europesays.com\/fr\/wp-json\/wp\/v2\/posts\/204939","targetHints":{"allow":["GET"]}}],"collection":[{"href":"https:\/\/www.europesays.com\/fr\/wp-json\/wp\/v2\/posts"}],"about":[{"href":"https:\/\/www.europesays.com\/fr\/wp-json\/wp\/v2\/types\/post"}],"author":[{"embeddable":true,"href":"https:\/\/www.europesays.com\/fr\/wp-json\/wp\/v2\/users\/2"}],"replies":[{"embeddable":true,"href":"https:\/\/www.europesays.com\/fr\/wp-json\/wp\/v2\/comments?post=204939"}],"version-history":[{"count":0,"href":"https:\/\/www.europesays.com\/fr\/wp-json\/wp\/v2\/posts\/204939\/revisions"}],"wp:featuredmedia":[{"embeddable":true,"href":"https:\/\/www.europesays.com\/fr\/wp-json\/wp\/v2\/media\/204940"}],"wp:attachment":[{"href":"https:\/\/www.europesays.com\/fr\/wp-json\/wp\/v2\/media?parent=204939"}],"wp:term":[{"taxonomy":"category","embeddable":true,"href":"https:\/\/www.europesays.com\/fr\/wp-json\/wp\/v2\/categories?post=204939"},{"taxonomy":"post_tag","embeddable":true,"href":"https:\/\/www.europesays.com\/fr\/wp-json\/wp\/v2\/tags?post=204939"}],"curies":[{"name":"wp","href":"https:\/\/api.w.org\/{rel}","templated":true}]}}