{"id":204951,"date":"2025-06-26T04:51:12","date_gmt":"2025-06-26T04:51:12","guid":{"rendered":"https:\/\/www.europesays.com\/fr\/204951\/"},"modified":"2025-06-26T04:51:12","modified_gmt":"2025-06-26T04:51:12","slug":"le-financement-de-la-lgv-bordeaux-toulouse-enfin-examine-par-la-justice-administrative","status":"publish","type":"post","link":"https:\/\/www.europesays.com\/fr\/204951\/","title":{"rendered":"Le financement de la LGV Bordeaux-Toulouse enfin examin\u00e9 par la justice administrative"},"content":{"rendered":"<p class=\"wp-block-post-excerpt__excerpt\">[INFO RUE89 BORDEAUX] Ce vendredi 27 juin, le tribunal administratif de Toulouse examine la l\u00e9galit\u00e9 du plan de financement du GPSO, projet de LGV entre Bordeaux, Toulouse et Dax. \u00c9lus et associations d\u00e9noncent un montage opaque, des co\u00fbts sous-estim\u00e9s et des recettes incertaines. Mais le rapporteur public recommande de rejeter leurs recours. <\/p>\n<p><a href=\"https:\/\/rue89bordeaux.com\/category\/kiosque-abonne\/\" rel=\"tag noopener\" target=\"_blank\">\u00c9dition abonn\u00e9s<\/a>, <a href=\"https:\/\/rue89bordeaux.com\/category\/exclusivite\/\" rel=\"tag noopener\" target=\"_blank\">Exclusivit\u00e9<\/a><\/p>\n<p>Simon Barth\u00e9l\u00e9my<\/p>\n<p>Publi\u00e9 le 26 juin 2025\u00a0\u00a0\u00b7\u00a0\u00a0<\/p>\n<p>Imprim\u00e9 le 26 juin 2025 \u00e0 06h51\u00a0\u00a0\u00b7\u00a0\u00a0<\/p>\n<p>\t\t\t\t\t3\u00a0minutes\n<\/p>\n<p>Le tribunal administratif de Toulouse a d\u00e9cr\u00e9t\u00e9 ill\u00e9gale une autoroute A69 \u00e0 moiti\u00e9 construite, avant d\u2019\u00eatre d\u00e9jug\u00e9 en appel. Va-t-il invalider le plan de financement du grand projet ferroviaire du Sud Ouest (GPSO, les lignes \u00e0 grande vitesse Bordeaux-Toulouse-Dax), et mettre fin \u00e0 des travaux tout juste commenc\u00e9s (pour les am\u00e9nagements au sud de Bordeaux et au nord de Toulouse) ?<\/p>\n<p>C\u2019est l\u2019enjeu de l\u2019audience qui se d\u00e9roulera ce vendredi 27 juin, dans l\u2019apr\u00e8s midi. Trois ans apr\u00e8s les d\u00e9p\u00f4ts des recours de <a href=\"https:\/\/ecologistesbordeauxmetropole.fr\/press_release\/le-plan-de-financement-des-lgv-attaque-au-tribunal-administratif-par-des-elu-e-s\/\" target=\"_blank\" rel=\"noopener\">81 \u00e9lus de Nouvelle-Aquitaine et d\u2019Occitanie<\/a>, ainsi que de dizaines d\u2019associations et de particuliers anti-LGV, les juges devront trancher de la l\u00e9galit\u00e9 du montage financier du projet. Selon les requ\u00e9rants, les \u00e9lus locaux ont \u00e9t\u00e9 tromp\u00e9s par la pr\u00e9sentation de ce dernier, estim\u00e9 \u00e0 14 milliards d\u2019euros, dont 5,6 milliards d\u2019euros \u00e0 la charge des 24 collectivit\u00e9s locales partenaires. <\/p>\n<p>\t\tRecettes incertaines<\/p>\n<p>D\u2019apr\u00e8s Denis Teisseire, de Transcub, une des associations requ\u00e9rantes, le plan ne prend en effet en compte ni les frais financiers et de gestion, estim\u00e9s \u00e0 7 milliards suppl\u00e9mentaires, ni la revalorisation du co\u00fbt final du projet int\u00e9grant l\u2019inflation et la hausse des prix de l\u2019\u00e9nergie et des mati\u00e8res premi\u00e8res, ni l\u2019estimation pr\u00e9cise de la branche vers Dax, non r\u00e9alis\u00e9e par SNCF R\u00e9seau, et dans laquelle l\u2019Etat refuse de s\u2019engager. Bref, la charge pour les collectivit\u00e9s locales pourrait aller du simple au double.<\/p>\n<p>Rue89 Bordeaux a besoin de vos dons<\/p>\n<p>Chaque don \u2013 d\u00e9ductible des imp\u00f4ts \u00e0 hauteur de 66% \u2013 compte pour atteindre notre objectif de 10\u00a0000\u00a0\u20ac le plus rapidement possible, id\u00e9alement avant la fin juin. Cette somme, manquante \u00e0 notre tr\u00e9sorerie apr\u00e8s le d\u00e9sengagement d\u2019un annonceur important en 2025, Bordeaux M\u00e9tropole, nous permettra de r\u00e9gler les factures en retard et de retrouver une stabilit\u00e9 financi\u00e8re indispensable \u00e0 la poursuite de notre mission.<\/p>\n<p><\/p>\n<p>Lisez la suite pour 1\u20ac<\/p>\n<p>En profitant de notre offre d\u2019essai, r\u00e9siliable en ligne \u00e0 tout moment.<\/p>\n<p><strong>Pour acc\u00e9der \u00e0 cet article, il faut \u00eatre abonn\u00e9. Pourquoi\u00a0?<\/strong><\/p>\n<p>Les informations exclusives, les enqu\u00eates et certains reportages constituent l\u2019\u00e9dition abonn\u00e9s de Rue89 Bordeaux. En tant que m\u00e9dia ind\u00e9pendant, nos ressources proviennent de nos lectrices et lecteurs abonn\u00e9s, aucun milliardaire ni groupe bancaire ne nous finance.<\/p>\n<p>Nous demandons \u00e0 nos lecteurs une faible contribution pour disposer \u00e0 Bordeaux d\u2019un m\u00e9dia critique des pouvoirs, capable d\u2019enqu\u00eater et de traiter les enjeux locaux en profondeur et dans la dur\u00e9e.<\/p>\n<p>Chaque abonnement compte. Toutes nos recettes sont investies dans un journalisme local ind\u00e9pendant, dont la force et la r\u00e9activit\u00e9 d\u00e9pend directement du nombre d\u2019abonn\u00e9s actifs.<\/p>\n<p class=\"has-text-align-right\"><strong><a href=\"https:\/\/rue89bordeaux.com\/?p=128375\" data-type=\"page\" data-id=\"0\" target=\"_blank\" rel=\"noopener\">Je m\u2019abonne\u00a0 <\/a><\/strong><\/p>\n<p>\t\t\t<a href=\"https:\/\/rue89bordeaux.com\/\" class=\"custom-logo-link\" rel=\"home noopener\" target=\"_blank\"><img loading=\"lazy\" decoding=\"async\" width=\"290\" height=\"49\" src=\"https:\/\/www.europesays.com\/fr\/wp-content\/uploads\/2025\/04\/logo.png\" class=\"custom-logo\" alt=\"Rue89Bordeaux Enqu\u00eates et informations de proximit\u00e9\"  \/><\/a><\/p>\n<p>\n\t\t\t\tAbonnez-vous maintenant pour suivre l\u2019actualit\u00e9 locale.\t\t\t<\/p>\n<p class=\"font-bold font-serif-heading mb-2 text-4xl\">\n\t\t\t\t\t\tL\u2019investigation locale \u00e0 port\u00e9e de main.\n\t\t\t\t\t<\/p>\n<p>\n\t\t\t\t\t\tAbonnez-vous et profitez d\u2019un acc\u00e8s illimit\u00e9 \u00e0 Rue89Bordeaux. Annulez quand vous voulez.\n\t\t\t\t\t<\/p>\n<p class=\"xl:text-sm\">\n\t\t\t\t\tD\u00e9j\u00e0 abonn\u00e9\u00a0?<br \/>\n\t\t\t\t\t<a class=\"border border-transparent text-center transition-colors duration-instant focus:border-info focus:rounded focus:shadow-focus cursor-pointer text-black hover:text-gray-700 active:bg-black-700 font-semibold inline-block\" href=\"https:\/\/rue89bordeaux.com\/user\/login\/?redirect=\/2025\/06\/le-financement-de-la-lgv-bordeaux-toulouse-enfin-examine-par-la-justice-administrative\/\" target=\"_blank\" rel=\"noopener\">Connectez-vous<\/a>\t\t\t\t<\/p>\n<p>\n\t\t\t\tChoisissez votre formule\u00a0:\n\t\t\t<\/p>\n<p>\t\t\t\tFermer<\/p>\n","protected":false},"excerpt":{"rendered":"[INFO RUE89 BORDEAUX] Ce vendredi 27 juin, le tribunal administratif de Toulouse examine la l\u00e9galit\u00e9 du plan de&hellip;\n","protected":false},"author":2,"featured_media":17692,"comment_status":"","ping_status":"","sticky":false,"template":"","format":"standard","meta":{"footnotes":""},"categories":[2817],"tags":[1111,11,1997,1777,674,6329,1011,27,6200,12,2219,25,34388],"class_list":{"0":"post-204951","1":"post","2":"type-post","3":"status-publish","4":"format-standard","5":"has-post-thumbnail","7":"category-bordeaux","8":"tag-actu","9":"tag-actualites","10":"tag-bordeaux","11":"tag-eu","12":"tag-europe","13":"tag-finances-publiques","14":"tag-fr","15":"tag-france","16":"tag-lgv-bordeaux-toulouse","17":"tag-news","18":"tag-nouvelle-aquitaine","19":"tag-republique-francaise","20":"tag-transcub"},"share_on_mastodon":{"url":"https:\/\/pubeurope.com\/@fr\/114747872723575307","error":""},"_links":{"self":[{"href":"https:\/\/www.europesays.com\/fr\/wp-json\/wp\/v2\/posts\/204951","targetHints":{"allow":["GET"]}}],"collection":[{"href":"https:\/\/www.europesays.com\/fr\/wp-json\/wp\/v2\/posts"}],"about":[{"href":"https:\/\/www.europesays.com\/fr\/wp-json\/wp\/v2\/types\/post"}],"author":[{"embeddable":true,"href":"https:\/\/www.europesays.com\/fr\/wp-json\/wp\/v2\/users\/2"}],"replies":[{"embeddable":true,"href":"https:\/\/www.europesays.com\/fr\/wp-json\/wp\/v2\/comments?post=204951"}],"version-history":[{"count":0,"href":"https:\/\/www.europesays.com\/fr\/wp-json\/wp\/v2\/posts\/204951\/revisions"}],"wp:featuredmedia":[{"embeddable":true,"href":"https:\/\/www.europesays.com\/fr\/wp-json\/wp\/v2\/media\/17692"}],"wp:attachment":[{"href":"https:\/\/www.europesays.com\/fr\/wp-json\/wp\/v2\/media?parent=204951"}],"wp:term":[{"taxonomy":"category","embeddable":true,"href":"https:\/\/www.europesays.com\/fr\/wp-json\/wp\/v2\/categories?post=204951"},{"taxonomy":"post_tag","embeddable":true,"href":"https:\/\/www.europesays.com\/fr\/wp-json\/wp\/v2\/tags?post=204951"}],"curies":[{"name":"wp","href":"https:\/\/api.w.org\/{rel}","templated":true}]}}