{"id":204958,"date":"2025-06-26T04:55:20","date_gmt":"2025-06-26T04:55:20","guid":{"rendered":"https:\/\/www.europesays.com\/fr\/204958\/"},"modified":"2025-06-26T04:55:20","modified_gmt":"2025-06-26T04:55:20","slug":"merci-pour-ce-sketch","status":"publish","type":"post","link":"https:\/\/www.europesays.com\/fr\/204958\/","title":{"rendered":"\u00ab Merci pour ce sketch \u00bb"},"content":{"rendered":"<p>            Par<br \/>\n        <strong><br \/>\n            <a href=\"https:\/\/actu.fr\/auteur\/margot-nicodeme\" title=\"Consulter tous les articles de Margot Nicod\u00e8me\" target=\"_blank\" rel=\"noopener\">Margot Nicod\u00e8me<\/a><br \/>\n        <\/strong><\/p>\n<p>        Publi\u00e9 le<\/p>\n<p>            25 juin 2025 \u00e0 8h01        <\/p>\n<p>Contre toute attente, <b>la ligne 1 du m\u00e9tro du r\u00e9seau Il\u00e9via <\/b>de la m\u00e9tropole de Lille <a href=\"https:\/\/actu.fr\/hauts-de-france\/lille_59350\/ilevia-panne-sur-un-troncon-la-ligne-1-du-metro-a-lille-ce-mardi-des-bus-relais-mis-en-place_62817080.html\" target=\"_blank\" rel=\"noopener\">n\u2019a jamais red\u00e9marr\u00e9, ou presque, la journ\u00e9e du mardi 24\u00a0juin<\/a>, provoquant la fureur des usagers. <b>Rerout\u00e9s vers des bus relais<\/b> toute la journ\u00e9e et toute la soir\u00e9e, <b>ils ont laiss\u00e9 exploser leur col\u00e8re<\/b>, se demandant (l\u00e9gitimement) \u00e0 quoi servait de payer un abonnement pour ne pas b\u00e9n\u00e9ficier du service.<\/p>\n<p>\u00ab\u2009C\u2019est plus un r\u00e9seau de transport, c\u2019est une loterie\u2009\u00bb\u2009: les usagers Il\u00e9via furieux apr\u00e8s la panne<\/p>\n<p class=\" wall-content\"><b>La panne<\/b> <b>interminable<\/b> qui avait \u00e9t\u00e9 annonc\u00e9e comme provenant d\u2019un d\u00e9faut sur une rame, \u00e9tait en fait due \u00e0 une anomalie<b> sur le <a href=\"https:\/\/actu.fr\/hauts-de-france\/lille_59350\/un-nouveau-pilote-automatique-pour-le-metro-de-lille_61873360.html\" target=\"_blank\" rel=\"noopener\">nouveau pilote automatique<\/a><\/b>. R\u00e9sultat\u2009: l\u2019interruption de trafic s\u2019est \u00e9tendue de 12\u2009h\u200930 jusqu\u2019\u00e0 la fin de service grosso modo, avec une tentative de reprise aussi br\u00e8ve que vaine aux alentours de 21\u2009h.<\/p>\n<p class=\" wall-content\">Plusieurs tron\u00e7ons de la ligne 1 ont \u00e9t\u00e9 concern\u00e9s par cette paralysie. Entre R\u00e9publique Beaux-Arts et CHU-Eurasant\u00e9, puis entre R\u00e9publique Beaux-Arts et Villeneuve-d\u2019Ascq H\u00f4tel de ville, et encore entre Fives et 4 Cantons.<\/p>\n<p class=\" wall-content\">\n<p class=\" wall-content\">Les r\u00e9actions, comme on le disait, sont tr\u00e8s vives sur les r\u00e9seaux sociaux. \u00ab\u2009Foutage de gueule\u2026 Vive les horaires revus \u00e0 la hausse pendant des heures. Esp\u00e9rons que demain matin on puisse aller au travail\u2009\u00bb, \u00ab\u2009C\u2019est plus un r\u00e9seau de transport, c\u2019est une loterie. 1 ticket =\u00a01 chance sur 10 d\u2019arriver au boulot. Vous innovez\u2009: c\u2019est pas une ligne de m\u00e9tro, c\u2019est une ligne de blague. Merci pour ce sketch quotidien\u2009\u00bb, \u00ab\u2009Lille est une grande m\u00e9tropole. On m\u00e9rite un r\u00e9seau fiable, moderne et fonctionnel. Pas un syst\u00e8me qui tombe en miettes tous les matins. C\u2019est pour quand les vraies solutions\u2009?\u2009\u00bb, \u00ab\u2009Pour faire simple, dites-nous que les jours quand le m\u00e9tro fonctionne vu qu\u2019il a un probl\u00e8me\u00a05\u00a0jours sur 7\u2009\u00bb.<\/p>\n<p>Vid\u00e9os : en ce moment sur Actu<\/p>\n<p class=\" wall-content\">Ce matin du mercredi 25\u00a0juin, le trafic avait repris. Une panne de 30\u00a0minutes est venue perturber la circulation entre 7\u2009h et 7\u2009h\u200930 grosso modo, mais la ligne 1, peu avant 8\u2009h, est \u00e0 nouveau op\u00e9rationnelle.<\/p>\n<p class=\" wall-content\">\n<p class=\" wall-content\">Suivez toute l\u2019actualit\u00e9 de vos villes et m\u00e9dias favoris en vous inscrivant \u00e0 <a href=\"https:\/\/moncompte.actu.fr\" title=\"D\u00e9couvez Mon Actu\" rel=\"nofollow noopener\" data-trk=\"{&quot;cta&quot;:{&quot;action&quot;:&quot;https:\\\/\\\/moncompte.actu.fr&quot;,&quot;category&quot;:&quot;mon compte&quot;,&quot;from&quot;:&quot;article footer&quot;,&quot;name&quot;:&quot;Mon actu&quot;,&quot;type&quot;:&quot;cta&quot;}}\" target=\"_blank\">Mon Actu<\/a>.<\/p>\n","protected":false},"excerpt":{"rendered":"Par Margot Nicod\u00e8me Publi\u00e9 le 25 juin 2025 \u00e0 8h01 Contre toute attente, la ligne 1 du m\u00e9tro&hellip;\n","protected":false},"author":2,"featured_media":204959,"comment_status":"","ping_status":"","sticky":false,"template":"","format":"standard","meta":{"footnotes":""},"categories":[2815],"tags":[1111,11,1777,674,1011,27,811,4288,1307,4047,12,10899,25,104],"class_list":{"0":"post-204958","1":"post","2":"type-post","3":"status-publish","4":"format-standard","5":"has-post-thumbnail","7":"category-lille","8":"tag-actu","9":"tag-actualites","10":"tag-eu","11":"tag-europe","12":"tag-fr","13":"tag-france","14":"tag-hauts-de-france","15":"tag-ilevia","16":"tag-lille","17":"tag-metro","18":"tag-news","19":"tag-panne","20":"tag-republique-francaise","21":"tag-societe"},"share_on_mastodon":{"url":"https:\/\/pubeurope.com\/@fr\/114747888365422636","error":""},"_links":{"self":[{"href":"https:\/\/www.europesays.com\/fr\/wp-json\/wp\/v2\/posts\/204958","targetHints":{"allow":["GET"]}}],"collection":[{"href":"https:\/\/www.europesays.com\/fr\/wp-json\/wp\/v2\/posts"}],"about":[{"href":"https:\/\/www.europesays.com\/fr\/wp-json\/wp\/v2\/types\/post"}],"author":[{"embeddable":true,"href":"https:\/\/www.europesays.com\/fr\/wp-json\/wp\/v2\/users\/2"}],"replies":[{"embeddable":true,"href":"https:\/\/www.europesays.com\/fr\/wp-json\/wp\/v2\/comments?post=204958"}],"version-history":[{"count":0,"href":"https:\/\/www.europesays.com\/fr\/wp-json\/wp\/v2\/posts\/204958\/revisions"}],"wp:featuredmedia":[{"embeddable":true,"href":"https:\/\/www.europesays.com\/fr\/wp-json\/wp\/v2\/media\/204959"}],"wp:attachment":[{"href":"https:\/\/www.europesays.com\/fr\/wp-json\/wp\/v2\/media?parent=204958"}],"wp:term":[{"taxonomy":"category","embeddable":true,"href":"https:\/\/www.europesays.com\/fr\/wp-json\/wp\/v2\/categories?post=204958"},{"taxonomy":"post_tag","embeddable":true,"href":"https:\/\/www.europesays.com\/fr\/wp-json\/wp\/v2\/tags?post=204958"}],"curies":[{"name":"wp","href":"https:\/\/api.w.org\/{rel}","templated":true}]}}