{"id":204962,"date":"2025-06-26T04:57:09","date_gmt":"2025-06-26T04:57:09","guid":{"rendered":"https:\/\/www.europesays.com\/fr\/204962\/"},"modified":"2025-06-26T04:57:09","modified_gmt":"2025-06-26T04:57:09","slug":"transports-a-marseille-une-carte-pour-voyager-en-illimite-en-paca-cest-pour-bientot","status":"publish","type":"post","link":"https:\/\/www.europesays.com\/fr\/204962\/","title":{"rendered":"Transports \u00e0 Marseille. Une carte pour voyager en illimit\u00e9 en Paca ? C&rsquo;est pour bient\u00f4t"},"content":{"rendered":"<p>            Par<br \/>\n        <strong><br \/>\n            <a href=\"https:\/\/actu.fr\/auteur\/fabien-binacchi\" title=\"Consulter tous les articles de Fabien Binacchi\" rel=\"nofollow noopener\" target=\"_blank\">Fabien Binacchi<\/a><br \/>\n        <\/strong><\/p>\n<p>        Publi\u00e9 le<\/p>\n<p>            26 juin 2025 \u00e0 6h18        <\/p>\n<p>Un m\u00e9ga \u00ab\u2009pass Navigo\u2009\u00bb \u00e0 la sauce plein sud, c\u2019est pour bient\u00f4t. C\u2019est en tout cas la promesse du conseil r\u00e9gional en <a href=\"https:\/\/actu.fr\/provence-alpes-cote-d-azur\/\" rel=\"nofollow noopener\" target=\"_blank\">Paca<\/a> qui a, dans son Assembl\u00e9e pl\u00e9ni\u00e8re, ce mercredi 25\u00a0juin 2025, adopt\u00e9 le projet de \u00ab\u2009cr\u00e9ation d\u2019un abonnement unique pour voyager de mani\u00e8re illimit\u00e9e\u2009\u00bb. Avec une mise en service d\u00e9j\u00e0 annonc\u00e9e <strong>pour 2026.<\/strong> Il devrait offrir la possibilit\u00e9 d\u2019emprunter tous les modes de transports, y compris un service de covoiturage, dans chacun des six d\u00e9partements de la r\u00e9gion de <a href=\"https:\/\/actu.fr\/marseille\/\" rel=\"nofollow noopener\" target=\"_blank\">Marseille<\/a>. Selon quelles conditions et \u00e0 quel tarif\u2009? actu Marseille fait le point et vous livre les premiers \u00e9l\u00e9ments de r\u00e9ponse.<\/p>\n<p>\u00ab\u2009Encourager des mobilit\u00e9s plus sobres\u2009\u00bb<\/p>\n<p class=\" wall-content\">La baisse de 20\u2009% sur tous les abonnements Zou, vot\u00e9e ce mercredi 25\u00a0juin et en vigueur d\u00e8s le 1er\u00a0juillet, ne serait qu\u2019<strong>une premi\u00e8re \u00e9tape.<\/strong> La r\u00e9gion veut aller plus loin.<\/p>\n<p class=\" wall-content\">Imaginez\u2009: voyager de la cit\u00e9 phoc\u00e9enne \u00e0 Nice, d\u2019Avignon \u00e0 Brian\u00e7on, en train, en car et m\u00eame bient\u00f4t en covoit\u2019 (lire tout en bas de cet article), en illimit\u00e9, avec une<strong> seule carte et un seul abonnement.<\/strong> Les possibilit\u00e9s infinies d\u2019un pass de transport unique \u00e0 l\u2019\u00e9chelle de toute la r\u00e9gion Paca seront bient\u00f4t une r\u00e9alit\u00e9. Le projet est en tout cas annonc\u00e9 pour l\u2019an prochain.<\/p>\n<blockquote class=\"ac-article-quote wall-content\">\n<p>La mobilit\u00e9 du quotidien est une priorit\u00e9 pour la R\u00e9gion Sud. Avec cette baisse de 20 % sur les abonnements d\u00e8s le 1er juillet, puis la cr\u00e9ation d\u2019un abonnement unique en 2026, nous apportons des r\u00e9ponses concr\u00e8tes, utiles et durables. L\u2019objectif est clair : faciliter les d\u00e9placements, soutenir le pouvoir d\u2019achat et encourager des mobilit\u00e9s plus sobres.<\/p>\n<p>    <strong>Renaud Muselier<\/strong><br \/>\n        Pr\u00e9sident de la r\u00e9gion Paca (Sud)    <\/p><\/blockquote>\n<p class=\" wall-content\">\u00ab\u2009Il va falloir aller vite. <strong>Nous en sommes encore \u00e0<\/strong> <strong>un stade embryonnaire<\/strong>\u2009\u00bb, pr\u00e9cise Jean-Fran\u00e7ois P\u00e9rilhou, pr\u00e9sident de la commission transports \u00e0 la r\u00e9gion.<\/p>\n<p>Avec toutes les autorit\u00e9s organisatrices de transport\u2009?<\/p>\n<p class=\" wall-content\">\u00ab\u2009Ce sera facile \u00e0 mettre en place pour toute l\u2019offre Zou\u2009!\u2009\u00bb, les cars et les TER op\u00e9r\u00e9es par la collectivit\u00e9, \u00ab\u2009mais l\u2019id\u00e9e est d\u2019y inclure \u00e9galement les autres autorit\u00e9s organisatrices de transports\u2009\u00bb, explique \u00e0 actu Marseille cet \u00e9lu, maire de Vaisons-la-Romaine (Vaucluse).<\/p>\n<blockquote class=\"ac-article-quote wall-content\">\n<p>Le bon sens veut que l&rsquo;on globalise le plus possible, avec l&rsquo;ensemble des op\u00e9rateurs. Le d\u00e9ploiement pourrait se faire progressivement, au gr\u00e9 des \u00e9changes.<\/p>\n<p>    <strong>Jean-Fran\u00e7ois P\u00e9rilhou<\/strong>\n            <\/p><\/blockquote>\n<p class=\" wall-content\">Un travail de longue haleine puisqu\u2019il faut f\u00e9d\u00e9rer <strong>plusieurs dizaines d\u2019op\u00e9rateurs sur tout le territoire<\/strong> et rendre interconnectables les appareils de validation de titres.<\/p>\n<p>Deux pr\u00e9c\u00e9dents, d\u00e9j\u00e0, en Paca<\/p>\n<p class=\" wall-content\">Mais c\u2019est faisable\u2009: la collectivit\u00e9 a d\u00e9j\u00e0 relev\u00e9 le challenge sur le p\u00e9rim\u00e8tre de la M\u00e9tropole Aix-Marseille-Provence et dans les Alpes-Maritimes, avec <strong>les pass \u00ab\u2009Int\u00e9gral\u2009\u00bb et \u00ab\u2009SudAzur\u2009\u00bb<\/strong>, o\u00f9 tous les acteurs se sont d\u00e9j\u00e0 mis d\u2019accord. \u00c0 73\u00a0euros pour le premier et jusqu\u2019\u00e0 88\u00a0euros pour le second, si l\u2019on choisit de pouvoir voyager dans toutes les zones.<\/p>\n<p class=\" wall-content\">Avec ce futur pass r\u00e9gional, a priori, c\u2019est tout le package qui sera inclus d\u2019office, sans possibilit\u00e9 de ne choisir que certains secteurs. Et <strong>l\u2019offre aura donc un certain prix.<\/strong> Pour l\u2019instant, \u00ab\u2009il n\u2019y a rien d\u2019arr\u00eat\u00e9\u2009\u00bb, appuie Jean-Fran\u00e7ois P\u00e9rilhou.<\/p>\n<p class=\" wall-content\">Mais une telle proposition pourrait all\u00e8grement d\u00e9passer les 100\u00a0euros (voire les 200\u00a0euros\u2009?). Actuellement, <strong>un abonnement mensuel entre Nice et Marseille, et seulement sur le r\u00e9seau TER, est factur\u00e9 256,40\u00a0euros.<\/strong><\/p>\n<p>Le covoiturage, inclus, en test dans le Var<\/p>\n<p>La r\u00e9gion lance la premi\u00e8re ligne r\u00e9gionale de covoiturage \u00ab ZOU ! COVOIT\u2019 \u00bb entre Toulon et Cuers, dans le Var. Il s\u2019agit d\u2019une ligne de transport collectif qui dessert \u00e9galement les communes de Solli\u00e8s-Pont, Solli\u00e8s-Toucas, La Farl\u00e8de, La Garde et La Valette-du-Var, 18 arr\u00eats au total. Une exp\u00e9rimentation, avec un syst\u00e8me de mise en relation entre conducteurs et passagers, ouverte depuis ce lundi 23 juin via la plateforme zoucovoit.maregionsud.fr. L&rsquo;offre est int\u00e9gr\u00e9e aux abonnements Zou ! Proximit\u00e9 et Pass \u00c9tudes et pourra \u00eatre \u00e9tendue \u00e0 d&rsquo;autres secteurs.<\/p>\n<p class=\" wall-content\">Suivez toute l\u2019actualit\u00e9 de vos villes et m\u00e9dias favoris en vous inscrivant \u00e0 <a href=\"https:\/\/moncompte.actu.fr\" title=\"D\u00e9couvez Mon Actu\" rel=\"nofollow noopener\" data-trk=\"{&quot;cta&quot;:{&quot;action&quot;:&quot;https:\\\/\\\/moncompte.actu.fr&quot;,&quot;category&quot;:&quot;mon compte&quot;,&quot;from&quot;:&quot;article footer&quot;,&quot;name&quot;:&quot;Mon actu&quot;,&quot;type&quot;:&quot;cta&quot;}}\" target=\"_blank\">Mon Actu<\/a>.<\/p>\n","protected":false},"excerpt":{"rendered":"Par Fabien Binacchi Publi\u00e9 le 26 juin 2025 \u00e0 6h18 Un m\u00e9ga \u00ab\u2009pass Navigo\u2009\u00bb \u00e0 la sauce plein&hellip;\n","protected":false},"author":2,"featured_media":204963,"comment_status":"","ping_status":"","sticky":false,"template":"","format":"standard","meta":{"footnotes":""},"categories":[2814],"tags":[1111,11,1777,674,1011,27,884,12,883,882,25,104,2803],"class_list":{"0":"post-204962","1":"post","2":"type-post","3":"status-publish","4":"format-standard","5":"has-post-thumbnail","7":"category-marseille","8":"tag-actu","9":"tag-actualites","10":"tag-eu","11":"tag-europe","12":"tag-fr","13":"tag-france","14":"tag-marseille","15":"tag-news","16":"tag-paca","17":"tag-provence-alpes-cote-dazur","18":"tag-republique-francaise","19":"tag-societe","20":"tag-transport"},"share_on_mastodon":{"url":"https:\/\/pubeurope.com\/@fr\/114747896217534941","error":""},"_links":{"self":[{"href":"https:\/\/www.europesays.com\/fr\/wp-json\/wp\/v2\/posts\/204962","targetHints":{"allow":["GET"]}}],"collection":[{"href":"https:\/\/www.europesays.com\/fr\/wp-json\/wp\/v2\/posts"}],"about":[{"href":"https:\/\/www.europesays.com\/fr\/wp-json\/wp\/v2\/types\/post"}],"author":[{"embeddable":true,"href":"https:\/\/www.europesays.com\/fr\/wp-json\/wp\/v2\/users\/2"}],"replies":[{"embeddable":true,"href":"https:\/\/www.europesays.com\/fr\/wp-json\/wp\/v2\/comments?post=204962"}],"version-history":[{"count":0,"href":"https:\/\/www.europesays.com\/fr\/wp-json\/wp\/v2\/posts\/204962\/revisions"}],"wp:featuredmedia":[{"embeddable":true,"href":"https:\/\/www.europesays.com\/fr\/wp-json\/wp\/v2\/media\/204963"}],"wp:attachment":[{"href":"https:\/\/www.europesays.com\/fr\/wp-json\/wp\/v2\/media?parent=204962"}],"wp:term":[{"taxonomy":"category","embeddable":true,"href":"https:\/\/www.europesays.com\/fr\/wp-json\/wp\/v2\/categories?post=204962"},{"taxonomy":"post_tag","embeddable":true,"href":"https:\/\/www.europesays.com\/fr\/wp-json\/wp\/v2\/tags?post=204962"}],"curies":[{"name":"wp","href":"https:\/\/api.w.org\/{rel}","templated":true}]}}