{"id":204965,"date":"2025-06-26T04:59:11","date_gmt":"2025-06-26T04:59:11","guid":{"rendered":"https:\/\/www.europesays.com\/fr\/204965\/"},"modified":"2025-06-26T04:59:11","modified_gmt":"2025-06-26T04:59:11","slug":"interview-lyon-insecurite-tags-vegetalisation-commerce-la-maire-du-1er-arrondissement-repond","status":"publish","type":"post","link":"https:\/\/www.europesays.com\/fr\/204965\/","title":{"rendered":"Interview. Lyon. Ins\u00e9curit\u00e9, tags, v\u00e9g\u00e9talisation, commerce&#8230; La maire du 1er arrondissement r\u00e9pond"},"content":{"rendered":"<p>            Par<br \/>\n        <strong><br \/>\n            <a href=\"https:\/\/actu.fr\/auteur\/theo-zuili\" title=\"Consulter tous les articles de Th\u00e9o Zuili\" target=\"_blank\" rel=\"noopener\">Th\u00e9o Zuili<\/a><br \/>\n        <\/strong><\/p>\n<p>        Publi\u00e9 le<\/p>\n<p>            26 juin 2025 \u00e0 6h08        <\/p>\n<p>Charg\u00e9e de recherche en sciences sociales au CNRS, dans un laboratoire en sciences politiques bas\u00e9 \u00e0 l\u2019ENS de <a href=\"https:\/\/actu.fr\/auvergne-rhone-alpes\/lyon_69123\" target=\"_blank\" rel=\"noopener\">Lyon<\/a>, <strong>Yasmine Bouagga<\/strong> ne s\u2019attendait pas \u00e0 devenir maire lorsqu\u2019elle s\u2019est engag\u00e9e aupr\u00e8s de <a href=\"https:\/\/actu.fr\/auvergne-rhone-alpes\/lyon_69123\/lyon-gregory-doucet-defend-la-nouvelle-ztl-elle-est-tres-bonne-pour-le-commerce_62807217.html\" target=\"_blank\" rel=\"noopener\">Gr\u00e9gory Doucet<\/a> en 2019. \u00c9lue l\u2019ann\u00e9e suivante \u00e0 la mairie du 1\u1d49\u02b3 arrondissement de Lyon, elle d\u00e9finit son r\u00f4le comme \u00ab\u00a0un rouage dans les politiques publiques de la Ville et de la M\u00e9tropole\u00a0\u00bb.<\/p>\n<p class=\" wall-content\">Elle cite son engagement associatif pour la d\u00e9fense des droits humains comme \u00ab\u00a0la base\u00a0\u00bb de son \u00ab\u00a0moteur politique\u00a0\u00bb et de sa \u00ab\u00a0motivation personnelle\u00a0\u00bb. Squat, ins\u00e9curit\u00e9, mobilit\u00e9s, v\u00e9g\u00e9talisation, isolation\u2026 \u00c0 moins d\u2019un des \u00e9lections municipales, elle r\u00e9pond aux questions d\u2019actu Lyon.<\/p>\n<p>\u00ab\u00a0Je suis tr\u00e8s fi\u00e8re de ce qu\u2019on a fait\u00a0\u00bb<\/p>\n<p class=\"ac-article-content__question wall-content\"><strong class=\"color-primary\">Actu : <\/strong>Quel regard portez-vous sur ce premier mandat ?<\/p>\n<p class=\" wall-content\"><strong class=\"color-primary\">Yasmine Bouagga : <\/strong>Je suis tr\u00e8s fi\u00e8re de ce qu&rsquo;on a fait. Il y a de la frustration pour certains projets longs \u00e0 d\u00e9marrer, mais le 1\u1d49\u02b3 a accompli une belle transformation. C&rsquo;est un arrondissement tr\u00e8s pi\u00e9ton : on a accompagn\u00e9 ces usages de mani\u00e8re positive, m\u00eame si tout n&rsquo;est pas simple.<\/p>\n<p>Mont\u00e9e Saint-S\u00e9bastien par exemple, un simple am\u00e9nagement a permis d&rsquo;am\u00e9liorer le confort des milliers de pi\u00e9tons qui l\u2019empruntent chaque jour. On ne reviendrait pas en arri\u00e8re.<\/p>\n<p>    <img   decoding=\"async\" loading=\"lazy\" src=\"https:\/\/www.europesays.com\/fr\/wp-content\/uploads\/2025\/06\/rue-romarin-lyon-960x640.jpeg\" alt=\"La rue Romarin dans le 1er arrondissement de Lyon sera pi\u00e9tonne.\" width=\"960\" height=\"640\"\/><br \/>\n    Le secteur du bas des pentes dans le 1er arrondissement de Lyon est pi\u00e9ton, mais les bornes ne coupent pas l\u2019acc\u00e8s aux v\u00e9hicules. (\u00a9Nicolas Zaugra\/ archives actu Lyon)<\/p>\n<p class=\"ac-article-content__question wall-content\">Comment le 1er s\u2019est-il transform\u00e9 concr\u00e8tement ?<\/p>\n<p class=\" wall-content\"><strong class=\"color-primary\">YB : <\/strong>Nous avons agi sur plusieurs axes, pas seulement celui de la mobilit\u00e9, visible car il touche \u00e0 des probl\u00e9matiques du quotidien. On pr\u00e9empte des immeubles insalubres et vacants pour cr\u00e9er pr\u00e8s de 400 logements sociaux.<\/p>\n<p>On a cr\u00e9\u00e9 du logement \u00ab\u00a0intercalaire\u00a0\u00bb : dans l&rsquo;attente d&rsquo;une grosse r\u00e9novation, le bailleur accepte de mettre \u00e0 disposition son local sur une dur\u00e9e limit\u00e9e \u00e0 une association d&rsquo;aide aux sans-abris. C\u2019est pr\u00e9caire, mais cela permet une stabilisation en vue d\u2019un logement social.<\/p>\n<p>\u00ab\u00a0Les gens ne veulent pas revenir en arri\u00e8re\u00a0\u00bb<\/p>\n<p class=\"ac-article-content__question wall-content\">Quelle part est donn\u00e9e \u00e0 l&rsquo;avis des habitants ?<\/p>\n<p class=\" wall-content\"><strong class=\"color-primary\">YB : <\/strong>On a une grande th\u00e9matique autour de la d\u00e9mocratie participative. On est tr\u00e8s critiqu\u00e9s sur ce sujet, mais je pense qu&rsquo;on entend beaucoup de critiques parce qu&rsquo;on les laisse beaucoup s&rsquo;exprimer.<\/p>\n<p>Sur le 1\u1d49\u02b3, on compte 232 r\u00e9unions publiques dans ce mandat, cinq fois plus que le pr\u00e9c\u00e9dent. Des avis divergents nous permettent d&rsquo;aboutir \u00e0 des am\u00e9nagements mieux r\u00e9fl\u00e9chis, comme sur l&rsquo;ancienne \u00e9cole des Beaux-Arts, qui doit sa dimension de lieu public \u00e0 la concertation.<\/p>\n<p>Sur l&rsquo;apaisement de la Presqu&rsquo;\u00eele, o\u00f9 l&rsquo;objectif est de r\u00e9duire les mobilit\u00e9s motoris\u00e9es, quelqu&rsquo;un qui s&rsquo;oppose \u00e0 l&rsquo;id\u00e9e de base pourra \u00eatre frustr\u00e9 de ne pas \u00eatre entendu. En revanche, on prend en compte ce qui est apport\u00e9 dans le cadre : on fait une Zone \u00e0 trafic limit\u00e9 et pas une pi\u00e9tonisation totale car les habitants nous ont dit qu&rsquo;ils pr\u00e9f\u00e9raient pouvoir continuer de se garer en bas de chez eux.<\/p>\n<p>La majorit\u00e9 des habitants du 1\u1d49\u02b3 n&rsquo;a pas de voiture. Mais il faut qu&rsquo;on puisse traiter les besoins de ceux pour qui c&rsquo;est indispensable. Pour \u00e7a, il faut \u00e9prouver le dispositif et bien identifier les besoins.<\/p>\n<p>Nous avons aussi agi pour rendre la culture accessible et participative : soutien au Lavoir Public, cr\u00e9ation du Tiers-Pop pour les jeunes \u00e0 Truffaut. Et sur le climat, la Semaine du climat mobilise le quartier.<\/p>\n<p>    <img   decoding=\"async\" loading=\"lazy\" src=\"https:\/\/www.europesays.com\/fr\/wp-content\/uploads\/2025\/06\/ztl-rue-pietonne-lyon-960x640.jpg\" alt=\"L'entr\u00e9e de la ZTL rue de la R\u00e9publique \u00e0 Lyon.\" width=\"960\" height=\"640\"\/><br \/>\n    L\u2019entr\u00e9e de la ZTL rue de la R\u00e9publique \u00e0 Lyon. (\u00a9Nicolas Zaugra\/ actu Lyon)<\/p>\n<p class=\"ac-article-content__question wall-content\">Comment les habitants ont-ils accueilli la transformation de l\u2019espace public ?<\/p>\n<p class=\" wall-content\"><strong class=\"color-primary\">YB : <\/strong>Il y a des personnes n\u00e9gativement impact\u00e9es, c\u2019est \u00e9vident. Mais globalement, les retours sont bons. Les gens ne veulent pas revenir en arri\u00e8re. Place Sathonay, l\u2019espace est plus convivial. Les usages pi\u00e9tons sont renforc\u00e9s. M\u00eame sur les pentes, o\u00f9 les am\u00e9nagements ne sont pas encore complets, on voit que les habitudes changent et que les gens marchent au milieu de la chauss\u00e9e. On continue \u00e0 vid\u00e9overbaliser les contrevenants.<\/p>\n<p>Yasmine Bouagga r\u00e9pond aux commer\u00e7ants<\/p>\n<p class=\"ac-article-content__question wall-content\">Des commer\u00e7ants vous accusent de causer une baisse de fr\u00e9quentation. Que r\u00e9pondez-vous ?<\/p>\n<p class=\" wall-content\"><strong class=\"color-primary\">YB : <\/strong>Je pense que les vraies difficult\u00e9s tiennent \u00e0 l\u2019\u00e9volution des pratiques d\u2019achat, pas \u00e0 la pi\u00e9tonisation. L\u2019explosion de la vente en ligne touche particuli\u00e8rement le pr\u00eat-\u00e0-porter. Ailleurs, les centres-villes pi\u00e9tonniers ont vu leur fr\u00e9quentation augmenter. D\u2019ailleurs, les relev\u00e9s \u00e0 la sortie des stations de m\u00e9tro de la Presqu&rsquo;\u00eele montrent une hausse de 20 \u00e0 30 % dans le secteur. La crainte de d\u00e9sertification du centre-ville s&rsquo;av\u00e8re fausse.<\/p>\n<p>Mais c&rsquo;est une r\u00e9alit\u00e9 nationale que la baisse de la consommation qui frappe les commer\u00e7ants. On soutient les associations pour faire en sorte de faire venir les gens.<\/p>\n<p>Nous sommes tr\u00e8s vigilants : pi\u00e9tonisation peut aussi rimer avec sp\u00e9culation. C\u2019est pourquoi nous travaillons avec Boris Tavernier (d\u00e9put\u00e9 \u00e9cologiste du Rh\u00f4ne) \u00e0 l\u2019encadrement des loyers commerciaux, pour pr\u00e9server les petits commerces ind\u00e9pendants qui font l\u2019\u00e2me du quartier.<\/p>\n<p>    <img   decoding=\"async\" loading=\"lazy\" src=\"https:\/\/www.europesays.com\/fr\/wp-content\/uploads\/2025\/06\/commerce-presquile-vacance-commerciale-lyon-centre-960x640.jpg\" alt=\"La vacance commerciale en Presqu'\u00eele aurait augment\u00e9 de 4,2 \u00e0 6,2 % en trois ans, selon les chiffres communiqu\u00e9s par la Ville de Lyon.\" width=\"960\" height=\"640\"\/><br \/>\n    Le nombre de cellules commerciales vides en Presqu\u2019\u00eele de Lyon a augment\u00e9 de pr\u00e8s de 50% en trois ans, indiquait le maire de Lyon en mars dernier en accusant The Village, Internet et les travaux. (\u00a9Ludivine Caporal\/actu Lyon)<\/p>\n<p class=\"ac-article-content__question wall-content\">Qu&rsquo;est-ce que vous pensez de ceux qui vous accusent d&rsquo;id\u00e9ologie ?<\/p>\n<p class=\" wall-content\"><strong class=\"color-primary\">YB : <\/strong>Ce n&rsquo;est pas un discours que j&rsquo;entends souvent en direct, mais il est tenu par certains opposants. On a des convictions, on fait de la politique. On avance de mani\u00e8re tr\u00e8s pragmatique, et on le fait avec les habitants en prenant en compte les probl\u00e8mes pratiques soulev\u00e9s. Par exemple, prot\u00e9ger les pi\u00e9tons, ce n&rsquo;est pas de l&rsquo;id\u00e9ologie, c&rsquo;est un choix politique et humain. <\/p>\n<p>Une surchauffe des logements<\/p>\n<p class=\"ac-article-content__question wall-content\">Qu&rsquo;avez-vous fait sur la question de la chaleur dans l&rsquo;arrondissement, le plus dense de Lyon, o\u00f9 tout doit \u00eatre valid\u00e9 par les Architectes des b\u00e2timents de France ?<\/p>\n<p class=\" wall-content\"><strong class=\"color-primary\">YB : <\/strong>On essaie de travailler sur la v\u00e9g\u00e9talisation, mais il faut qu&rsquo;on avance sur la meilleure protection face \u00e0 la chaleur.<\/p>\n<p>Tout \u00e7a, c&rsquo;est aussi commencer par le plus basique : installer des persiennes, des stores ou brise-soleil dans toutes les \u00e9coles, ce qu&rsquo;on a fait. Apr\u00e8s, c&rsquo;est installer des brasseurs d&rsquo;air et on continue d&rsquo;avancer l\u00e0-dessus. <\/p>\n<p>Il faut qu\u2019on avance mieux sur l\u2019isolation des b\u00e2timents : les solutions qui existent aujourd&rsquo;hui sont trop co\u00fbteuses. Il y Ecor\u00e9nov patrimoine, le levier de soutien financier de la M\u00e9tropole et de la Ville r\u00e9serv\u00e9 au quartier.<\/p>\n<p>Au d\u00e9part, en 2020, apparaissait dans nos \u00e9changes avec les Architectes du Patrimoine l\u2019id\u00e9e que la caract\u00e9ristique du 1\u1d49\u02b3 \u00e9tait min\u00e9rale. Mais \u00e7a a beaucoup chang\u00e9 : ces derniers sont devenus moteurs de la v\u00e9g\u00e9talisation et nous font des propositions plus audacieuses. L&rsquo;alignement d&rsquo;arbres rue Constantine est un exemple que l&rsquo;on croyait impossible.<\/p>\n<p>Ins\u00e9curit\u00e9, tags, salet\u00e9s, squat<\/p>\n<p class=\"ac-article-content__question wall-content\">Les nuisances nocturnes et l&rsquo;ins\u00e9curit\u00e9, en particulier place Sathonay et aux Terreaux, restent un sujet br\u00fblant. Que r\u00e9pondez-vous ?<\/p>\n<p class=\" wall-content\"><strong class=\"color-primary\">YB : <\/strong>On a mis en place des patrouilles municipales, un r\u00e9f\u00e9rent \u00e0 la mairie, de la m\u00e9diation nocturne p\u00e9renne et une interdiction de vente d\u2019alcool \u00e0 emporter avec des fermetures administratives \u00e0 la cl\u00e9 pour les sup\u00e9rettes contrevenantes. R\u00e9sultat : une baisse significative des coups et blessures et de l&rsquo;accidentologie.<\/p>\n<p>Mais la police municipale n&rsquo;est pas habilit\u00e9e \u00e0 intervenir lors d&rsquo;une rixe au couteau. J\u2019alertais depuis longtemps sur le besoin de brigades de nuit de la police nationale aux Terreaux : elles sont l\u00e0 depuis quelques semaines, c\u2019est essentiel.<\/p>\n<p>    <img   decoding=\"async\" loading=\"lazy\" src=\"https:\/\/www.europesays.com\/fr\/wp-content\/uploads\/2025\/06\/police-terreaux-lyon-960x640.jpg\" alt=\"La police nationale a men\u00e9 un contr\u00f4le d'envergure place des Terreaux, \u00e0 Lyon.\" width=\"960\" height=\"640\"\/><br \/>\n    En f\u00e9vrier 2025, Nelson Bouard, patron de la police \u00e0 Lyon, \u00e9voquait une \u00ab\u00a0mont\u00e9e en puissance des violences\u00a0\u00bb \u00e0 Terreaux, secteur festif du 1er arrondissement. (\u00a9Police nationale)<\/p>\n<p class=\"ac-article-content__question wall-content\">Sur les tags et le street-art, quelle a \u00e9t\u00e9 votre position sur ce mandat ?\n<\/p>\n<p class=\" wall-content\"><strong class=\"color-primary\">YB : <\/strong>On a \u00e9t\u00e9 confront\u00e9s \u00e0 une tr\u00e8s grande augmentation des tags lors des mouvements sociaux, sans pouvoir tenir le rythme dans l&rsquo;effacement malgr\u00e9 un budget augment\u00e9 de 30%.<\/p>\n<p>On n&rsquo;a jamais \u00e9t\u00e9 laxistes, ni tard\u00e9 dans l&rsquo;effacement d&rsquo;inscriptions haineuses. \u00c0 une exception : sur les monuments fragiles, il faut attendre la disponibilit\u00e9 des restaurateurs du patrimoine. Je comprends que \u00e7a ait choqu\u00e9, je l&rsquo;ai moi-m\u00eame \u00e9t\u00e9, mais on n&rsquo;aurait pas pu faire venir un karcher qui ab\u00eeme la pierre.<\/p>\n<p>On a aussi \u00e9t\u00e9 attaqu\u00e9 par certains sur le street-art, mais ce n&rsquo;est pas partag\u00e9 par la plupart des habitants du 1er qui appr\u00e9cient les \u0153uvres qui font l&rsquo;objet de visites patrimoniales et scolaires. On n&rsquo;a aucune raison d&rsquo;effacer cette culture.<\/p>\n<p>    <img   decoding=\"async\" loading=\"lazy\" src=\"https:\/\/www.europesays.com\/fr\/wp-content\/uploads\/2025\/06\/tag-statue-lyon-960x640.jpeg\" alt=\"\u00c9douard Hoffmann pointe des tags visant la police sur une statue du Sergent Blandan sur la place Sathonay (1er arrondissement de Lyon).\" width=\"960\" height=\"640\"\/><br \/>\n    Autoproclam\u00e9 chef de fil du mouvement anti-graffitis \u00e0 Lyon, \u00c9douard Hoffmann pointant des tags sur une statue du Sergent Blandan, place Sathonay, en 2023. (\u00a9Nicolas Zaugra \/ actu Lyon)<\/p>\n<p class=\"ac-article-content__question wall-content\">M\u00eame chose sur la propret\u00e9 ?<\/p>\n<p class=\" wall-content\"><strong class=\"color-primary\">YB : <\/strong>La tr\u00e8s forte fr\u00e9quentation \u00e0 toute heure de l&rsquo;arrondissement rend difficile le nettoyage. Les \u00e9quipes s&rsquo;arrachent les cheveux pour savoir \u00e0 quelle heure nettoyer la place des Terreaux.<\/p>\n<p>Avec la pi\u00e9tonisation, on a aussi augment\u00e9 la surface \u00e0 nettoyer. Malgr\u00e9 l\u2019augmentation des moyens, des incivilit\u00e9s persistent : urines, d\u00e9tritus, poubelles de restaurants mal g\u00e9r\u00e9es. Nous verbalisons, mais les probl\u00e8mes persistent et je r\u00e9clame plus de moyens encore.<\/p>\n<p class=\"ac-article-content__question wall-content\">Comment g\u00e9rez-vous les occupations ill\u00e9gales comme les squats ?<\/p>\n<p class=\" wall-content\"><strong class=\"color-primary\">YB : <\/strong>La M\u00e9tropole a cr\u00e9\u00e9 105 places d&rsquo;h\u00e9bergement pour jeunes migrants, un dispositif mod\u00e8le en France, mais pas suffisant par rapport aux besoins. La Ville a cr\u00e9\u00e9 un service de l&rsquo;h\u00e9bergement d&rsquo;urgence, avec un budget d\u00e9di\u00e9 \u00e0 plus de 2 millions d&rsquo;euros, une premi\u00e8re.<\/p>\n<p>Dans le 1er, c&rsquo;est tr\u00e8s frustrant de constater qu&rsquo;on n&rsquo;a aucun levier l\u00e9gal pour r\u00e9pondre au probl\u00e8me des 250 jeunes qui campent dans le parc des Chartreux. On a fait de la m\u00e9diation entre occupants et propri\u00e9taires pour voir dans quelle mesure il serait possible de faire une convention d&rsquo;occupation.\u00a0<\/p>\n<p>On installe des toilettes et l&rsquo;acc\u00e8s \u00e0 l&rsquo;eau. La politique pr\u00e9c\u00e9dente \u00e9tait de couper l&rsquo;eau, c&rsquo;est inacceptable.<\/p>\n<p>Des noms \u00e0 cesser d\u2019honorer<\/p>\n<p class=\"ac-article-content__question wall-content\">Vous comptez installer une plaque explicative sur la statue du sergent Blandan place Sathonay. Quelle est votre politique sur la m\u00e9moire ?<\/p>\n<p class=\" wall-content\"><strong class=\"color-primary\">YB : <\/strong>On a fait le travail sur la f\u00e9minisation des noms de rue. Ce sont des petits pas, car on a fait le choix de ne pas d\u00e9baptiser de rue.<\/p>\n<p>S&rsquo;est pos\u00e9e la question de l&rsquo;Abb\u00e9 Pierre, qui a amen\u00e9 un questionnement sur d&rsquo;autres figures qui ont commis des crimes graves qu&rsquo;on ne peut plus honorer comme mod\u00e8les, mais dont il faut conserver le souvenir. C&rsquo;est l\u00e0 que j&rsquo;ai souhait\u00e9 qu&rsquo;on discute du sergent Blandan, un soldat mort \u00e0 23 ans pour la conqu\u00eate de l&rsquo;Alg\u00e9rie, utilis\u00e9 comme instrument de propagande militaire et coloniale. On a commenc\u00e9 un travail m\u00e9moriel pour questionner le r\u00f4le de Lyon dans la colonisation.<\/p>\n<p>\u00c7a me semble important de mettre \u00e0 distance le discours militariste inscrit au socle, qui ne correspond pas aux valeurs de la R\u00e9publique fran\u00e7aise.<\/p>\n<p class=\" wall-content\">Suivez toute l\u2019actualit\u00e9 de vos villes et m\u00e9dias favoris en vous inscrivant \u00e0 <a href=\"https:\/\/moncompte.actu.fr\" title=\"D\u00e9couvez Mon Actu\" rel=\"nofollow noopener\" data-trk=\"{&quot;cta&quot;:{&quot;action&quot;:&quot;https:\\\/\\\/moncompte.actu.fr&quot;,&quot;category&quot;:&quot;mon compte&quot;,&quot;from&quot;:&quot;article footer&quot;,&quot;name&quot;:&quot;Mon actu&quot;,&quot;type&quot;:&quot;cta&quot;}}\" target=\"_blank\">Mon Actu<\/a>.<\/p>\n","protected":false},"excerpt":{"rendered":"Par Th\u00e9o Zuili Publi\u00e9 le 26 juin 2025 \u00e0 6h08 Charg\u00e9e de recherche en sciences sociales au CNRS,&hellip;\n","protected":false},"author":2,"featured_media":204966,"comment_status":"","ping_status":"","sticky":false,"template":"","format":"standard","meta":{"footnotes":""},"categories":[1889],"tags":[1111,11,2430,4188,1777,674,1011,27,5226,2428,3434,12,24442,316,25],"class_list":{"0":"post-204965","1":"post","2":"type-post","3":"status-publish","4":"format-standard","5":"has-post-thumbnail","7":"category-lyon","8":"tag-actu","9":"tag-actualites","10":"tag-auvergne-rhone-alpes","11":"tag-elections-municipales","12":"tag-eu","13":"tag-europe","14":"tag-fr","15":"tag-france","16":"tag-gregory-doucet","17":"tag-lyon","18":"tag-municipales-2026","19":"tag-news","20":"tag-place-des-terreaux","21":"tag-politique","22":"tag-republique-francaise"},"share_on_mastodon":{"url":"https:\/\/pubeurope.com\/@fr\/114747904483915164","error":""},"_links":{"self":[{"href":"https:\/\/www.europesays.com\/fr\/wp-json\/wp\/v2\/posts\/204965","targetHints":{"allow":["GET"]}}],"collection":[{"href":"https:\/\/www.europesays.com\/fr\/wp-json\/wp\/v2\/posts"}],"about":[{"href":"https:\/\/www.europesays.com\/fr\/wp-json\/wp\/v2\/types\/post"}],"author":[{"embeddable":true,"href":"https:\/\/www.europesays.com\/fr\/wp-json\/wp\/v2\/users\/2"}],"replies":[{"embeddable":true,"href":"https:\/\/www.europesays.com\/fr\/wp-json\/wp\/v2\/comments?post=204965"}],"version-history":[{"count":0,"href":"https:\/\/www.europesays.com\/fr\/wp-json\/wp\/v2\/posts\/204965\/revisions"}],"wp:featuredmedia":[{"embeddable":true,"href":"https:\/\/www.europesays.com\/fr\/wp-json\/wp\/v2\/media\/204966"}],"wp:attachment":[{"href":"https:\/\/www.europesays.com\/fr\/wp-json\/wp\/v2\/media?parent=204965"}],"wp:term":[{"taxonomy":"category","embeddable":true,"href":"https:\/\/www.europesays.com\/fr\/wp-json\/wp\/v2\/categories?post=204965"},{"taxonomy":"post_tag","embeddable":true,"href":"https:\/\/www.europesays.com\/fr\/wp-json\/wp\/v2\/tags?post=204965"}],"curies":[{"name":"wp","href":"https:\/\/api.w.org\/{rel}","templated":true}]}}