{"id":204972,"date":"2025-06-26T05:03:11","date_gmt":"2025-06-26T05:03:11","guid":{"rendered":"https:\/\/www.europesays.com\/fr\/204972\/"},"modified":"2025-06-26T05:03:11","modified_gmt":"2025-06-26T05:03:11","slug":"paris-a-lassemblee-nationale-les-vieilles-pierres-vont-elles-bientot-laisser-place-a-une-verriere-moderne","status":"publish","type":"post","link":"https:\/\/www.europesays.com\/fr\/204972\/","title":{"rendered":"Paris. \u00c0 l&rsquo;Assembl\u00e9e nationale, les vieilles pierres vont-elles bient\u00f4t laisser place \u00e0 une verri\u00e8re moderne\u00a0?"},"content":{"rendered":"<p>            Par<br \/>\n        <strong><br \/>\n            <a href=\"https:\/\/actu.fr\/auteur\/dorinegoth\" title=\"Consulter tous les articles de Dorine Goth\" rel=\"nofollow noopener\" target=\"_blank\">Dorine Goth<\/a><br \/>\n        <\/strong><\/p>\n<p>        Publi\u00e9 le<\/p>\n<p>            26 juin 2025 \u00e0 6h12        <\/p>\n<p>Exit les vieilles pierres. Place \u00e0 la transparence et \u00e0 la modernit\u00e9. \u00c0 l\u2019occasion des journ\u00e9es portes ouvertes, samedi\u00a021 et dimanche 22\u00a0juin 2025, <strong>l<\/strong><a href=\"https:\/\/actu.fr\/tag\/assemblee-nationale\" rel=\"nofollow noopener\" target=\"_blank\"><strong>\u2019Assembl\u00e9e nationale,<\/strong><\/a> \u00e0 Paris (7e), a d\u00e9voil\u00e9 en toute discr\u00e9tion le<strong> projet architectural<\/strong> qui viendra \u00e0 l\u2019<strong>horizon 2028<\/strong> remplacer l\u2019espace <a href=\"https:\/\/actu.fr\/ile-de-france\/paris_75056\/plus-de-40-000-creneaux-pour-visiter-gratuitement-l-assemblee-nationale_54767891.html\" rel=\"nofollow noopener\" target=\"_blank\"><strong>d\u2019accueil des visiteurs<\/strong><\/a>.<br \/>Le vieux b\u00e2timent, qualifi\u00e9 de \u00ab\u2009satur\u00e9 et difficilement accessible aux personnes en situation de <a href=\"https:\/\/actu.fr\/tag\/handicap\" rel=\"nofollow noopener\" target=\"_blank\">handicap<\/a>\u2009\u00bb, \u00e9tait selon la pr\u00e9sidence de l\u2019Assembl\u00e9e obsol\u00e8te. Elle estime qu\u2019il proposait un \u00ab\u2009premier contact avec l\u2019institution selon un parcours \u00e9troit, sinueux et complexe\u2009\u00bb avec des \u00ab\u2009am\u00e9nagements dat\u00e9s\u2009\u00bb. Place \u00e0 un site \u00ab\u2009plus ouvert sur la ville\u2009\u00bb et, surtout, \u00e0 un bond dans le XXIe\u00a0si\u00e8cle.<\/p>\n<p>Un nouvel espace de 4\u2009000 m\u00b2<\/p>\n<p class=\" wall-content\">L\u2019organisation actuelle de l\u2019entr\u00e9e remonte \u00e0 la fin du XIXe\u00a0si\u00e8cle. Le b\u00e2timent avait \u00e9t\u00e9 <strong>construit en 1886<\/strong> par l\u2019architecte Edmond de Joly pour s\u00e9parer l\u2019entr\u00e9e des <a href=\"https:\/\/actu.fr\/ile-de-france\/nanterre_92050\/legislatives-2024-dans-les-hauts-de-seine-qui-sont-les-13-deputes-elus-dans-votre-departement_61323314.html\" rel=\"nofollow noopener\" target=\"_blank\">d\u00e9put\u00e9s<\/a> de celle du public. Le nouvel espace, d\u00e9ploy\u00e9 sur<strong> 4\u2009000 m\u00b2,<\/strong> \u00abrespectera l\u2019identit\u00e9 du site et du pavillon actuel\u2009\u00bb, promet l\u2019Assembl\u00e9e nationale dans un communiqu\u00e9. \u00ab\u2009\u00c9clair\u00e9s par une <strong>large verri\u00e8re<\/strong> en \u00e9cho de l\u2019h\u00e9micycle, les espaces d\u2019accueil et de m\u00e9diation immergeront les visiteurs dans l\u2019architecture, l\u2019histoire et le fonctionnement de l\u2019Assembl\u00e9e nationale\u2009\u00bb, d\u00e9crit-il.<\/p>\n<p class=\" wall-content\">Sur la fa\u00e7ade, les colonnes de verre offriront<strong> une vue panoramique<\/strong> sur la <a href=\"https:\/\/actu.fr\/ile-de-france\/paris_75056\/comment-paris-va-transformer-la-place-de-la-concorde-pour-donner-aux-gens-l-envie-d-y-lezarder_62430016.html\" rel=\"nofollow noopener\" target=\"_blank\">place de la Concorde<\/a>. D\u2019autant qu\u2019un restaurant pourrait prendre place au premier \u00e9tage, selon les premiers visuels disponibles.<\/p>\n<p>    <img   decoding=\"async\" loading=\"lazy\" src=\"https:\/\/www.europesays.com\/fr\/wp-content\/uploads\/2025\/06\/design-sans-titre-40-960x640.png\" alt=\"L'Assembl\u00e9e nationale compte augmenter sa capacit\u00e9 d'accueil du public avec la construction d'un nouveau b\u00e2timent. \" width=\"960\" height=\"640\"\/><br \/>\n    L\u2019Assembl\u00e9e nationale compte augmenter sa capacit\u00e9 d\u2019accueil du public avec la construction d\u2019un nouveau b\u00e2timent. (\u00a9Moatti &amp; Rivi\u00e8re)Un projet d\u00e9j\u00e0 d\u00e9cri\u00e9<\/p>\n<p class=\" wall-content\">La construction de ce nouveau b\u00e2timent sera agr\u00e9ment\u00e9e d\u2019un \u00ab\u2009parcours citoyen, immersif, participatif et p\u00e9dagogique\u2009\u00bb sur la d\u00e9mocratie repr\u00e9sentative. Contact\u00e9e, la pr\u00e9sidence de l\u2019Assembl\u00e9e nationale n\u2019a pas communiqu\u00e9 davantage sur le projet en cours. Selon <a href=\"https:\/\/www.telerama.fr\/arts-expositions\/le-futur-pavillon-d-accueil-du-palais-bourbon-devoile-en-catimini-peur-de-la-polemique-ou-simple-cafouillage-7026269.php\" rel=\"nofollow noopener\" target=\"_blank\">T\u00e9l\u00e9rama<\/a>, celui-ci serait toujours<strong> en phase d\u2019\u00e9tude.\u00a0<\/strong>La r\u00e9alisation en a \u00e9t\u00e9 confi\u00e9e au <strong>cabinet Moatti-Rivi\u00e8re<\/strong>, qui s\u2019\u00e9tait d\u00e9j\u00e0 attaqu\u00e9 au r\u00e9am\u00e9nagement du premier \u00e9tage de la <a href=\"https:\/\/actu.fr\/tag\/tour-eiffel\" rel=\"nofollow noopener\" target=\"_blank\">tour Eiffel<\/a>. Ce nouveau b\u00e2timent doublerait la capacit\u00e9 d\u2019accueil de l\u2019Assembl\u00e9e nationale, mais il a d\u00e9j\u00e0 ses d\u00e9tracteurs.<\/p>\n<p class=\" wall-content\">\n<p class=\" wall-content\">\u00ab\u2009Non \u00e0 l\u2019enlaidissement de Paris par l\u2019Assembl\u00e9e nationale\u2009\u00bb\u2009: sur Change.org, <a href=\"https:\/\/www.change.org\/p\/non-%C3%A0-l-enlaidissement-de-paris-par-l-assembl%C3%A9e-nationale\" rel=\"nofollow noopener\" target=\"_blank\">une p\u00e9tition<\/a> a \u00e9t\u00e9 mise en ligne. \u00ab\u2009Il serait inadmissible de porter atteinte \u00e0 cette composition caract\u00e9ris\u00e9e par sa puret\u00e9, sa min\u00e9ralit\u00e9, sa sym\u00e9trie et son \u00e9quilibre, avec une correspondance parfaite des colonnades de l\u2019Assembl\u00e9e nationale et de l\u2019\u00e9glise de la Madeleine, se r\u00e9pondant depuis l\u2019Empire de part et d\u2019autre de la place de la Concorde, d\u00e9noncent les signataires. Cet ensemble architectural embl\u00e9matique offre aujourd\u2019hui une perspective que rien ne vient entacher.\u2009\u00bb<\/p>\n<p class=\" wall-content\">Le co\u00fbt \u00ab\u2009exorbitant de l\u2019op\u00e9ration\u2009\u00bb est lui-m\u00eame inacceptable, poursuivent-ils, s\u2019\u00e9levant, selon eux, \u00e0 \u00ab\u2009plus de 40 millions d\u2019euros\u2026\u2009\u00bb Sur ce point non plus, la pr\u00e9sidence ne nous a pas r\u00e9pondu. \u00ab\u00a0\u00c0 l\u2019heure o\u00f9 la France doit faire des \u00e9conomies et o\u00f9 le gouvernement demande aux Fran\u00e7ais d\u2019y contribuer, que l\u2019Assembl\u00e9e nationale engage de l\u2019argent public pour d\u00e9grader un site cher \u00e0 tous les Fran\u00e7ais est incompr\u00e9hensible\u00a0\u00bb, conclut la p\u00e9tition.\u00a0<\/p>\n<p class=\" wall-content\">Suivez toute l\u2019actualit\u00e9 de vos villes et m\u00e9dias favoris en vous inscrivant \u00e0 <a href=\"https:\/\/moncompte.actu.fr\" title=\"D\u00e9couvez Mon Actu\" rel=\"nofollow noopener\" data-trk=\"{&quot;cta&quot;:{&quot;action&quot;:&quot;https:\\\/\\\/moncompte.actu.fr&quot;,&quot;category&quot;:&quot;mon compte&quot;,&quot;from&quot;:&quot;article footer&quot;,&quot;name&quot;:&quot;Mon actu&quot;,&quot;type&quot;:&quot;cta&quot;}}\" target=\"_blank\">Mon Actu<\/a>.<\/p>\n","protected":false},"excerpt":{"rendered":"Par Dorine Goth Publi\u00e9 le 26 juin 2025 \u00e0 6h12 Exit les vieilles pierres. Place \u00e0 la transparence&hellip;\n","protected":false},"author":2,"featured_media":204973,"comment_status":"","ping_status":"","sticky":false,"template":"","format":"standard","meta":{"footnotes":""},"categories":[1888],"tags":[1111,1928,11,1927,416,1777,674,1011,27,1116,12,1926,626,1925,2551,25,104],"class_list":{"0":"post-204972","1":"post","2":"type-post","3":"status-publish","4":"format-standard","5":"has-post-thumbnail","7":"category-paris","8":"tag-actu","9":"tag-actu-paris","10":"tag-actualites","11":"tag-actualites-paris","12":"tag-assemblee-nationale","13":"tag-eu","14":"tag-europe","15":"tag-fr","16":"tag-france","17":"tag-immobilier","18":"tag-news","19":"tag-news-paris","20":"tag-paris","21":"tag-paris-news","22":"tag-patrimoine","23":"tag-republique-francaise","24":"tag-societe"},"share_on_mastodon":{"url":"https:\/\/pubeurope.com\/@fr\/114747920051429056","error":""},"_links":{"self":[{"href":"https:\/\/www.europesays.com\/fr\/wp-json\/wp\/v2\/posts\/204972","targetHints":{"allow":["GET"]}}],"collection":[{"href":"https:\/\/www.europesays.com\/fr\/wp-json\/wp\/v2\/posts"}],"about":[{"href":"https:\/\/www.europesays.com\/fr\/wp-json\/wp\/v2\/types\/post"}],"author":[{"embeddable":true,"href":"https:\/\/www.europesays.com\/fr\/wp-json\/wp\/v2\/users\/2"}],"replies":[{"embeddable":true,"href":"https:\/\/www.europesays.com\/fr\/wp-json\/wp\/v2\/comments?post=204972"}],"version-history":[{"count":0,"href":"https:\/\/www.europesays.com\/fr\/wp-json\/wp\/v2\/posts\/204972\/revisions"}],"wp:featuredmedia":[{"embeddable":true,"href":"https:\/\/www.europesays.com\/fr\/wp-json\/wp\/v2\/media\/204973"}],"wp:attachment":[{"href":"https:\/\/www.europesays.com\/fr\/wp-json\/wp\/v2\/media?parent=204972"}],"wp:term":[{"taxonomy":"category","embeddable":true,"href":"https:\/\/www.europesays.com\/fr\/wp-json\/wp\/v2\/categories?post=204972"},{"taxonomy":"post_tag","embeddable":true,"href":"https:\/\/www.europesays.com\/fr\/wp-json\/wp\/v2\/tags?post=204972"}],"curies":[{"name":"wp","href":"https:\/\/api.w.org\/{rel}","templated":true}]}}