{"id":204987,"date":"2025-06-26T05:11:11","date_gmt":"2025-06-26T05:11:11","guid":{"rendered":"https:\/\/www.europesays.com\/fr\/204987\/"},"modified":"2025-06-26T05:11:11","modified_gmt":"2025-06-26T05:11:11","slug":"euro-espoirs-2025-lallemagne-et-langleterre-se-qualifient-pour-la-finale-2","status":"publish","type":"post","link":"https:\/\/www.europesays.com\/fr\/204987\/","title":{"rendered":"Euro Espoirs 2025 &#8211; L&rsquo;Allemagne et l&rsquo;Angleterre se qualifient pour la finale"},"content":{"rendered":"<p><img decoding=\"async\" class=\"w-full object-contain\" style=\"aspect-ratio:150 \/ 100;opacity:1\" alt=\"Euro Espoirs 2025 - L'Allemagne et l'Angleterre se qualifient pour la finale\" width=\"512\" height=\"341\" fetchpriority=\"high\" src=\"https:\/\/www.europesays.com\/fr\/wp-content\/uploads\/2025\/06\/1750914671_123_7CWKTW4NUVAALHUSZWV6RTEEVI.jpg\"  \/><\/p>\n<p class=\"ap-StoryElement ap-StoryElement--mb ap-StoryText\">Les Allemands ont pris les devants rapidement par l&rsquo;interm\u00e9diaire de Nelson Weiper (8e). Nick Woltemade (1m98, 23 ans), s\u00e9lectionn\u00e9 par Julian Nagelsmann au sein de la s\u00e9lection allemande lors de la Ligue des Nations en juin, a doubl\u00e9 la mise quelques minutes plus tard (14e). Brajan Gruda a ajout\u00e9 un troisi\u00e8me but dans les arr\u00eats de jeu en fin de rencontre (90+3e).<\/p>\n<p class=\"ap-StoryElement ap-StoryElement--mb ap-StoryText\">Plus t\u00f4t dans la soir\u00e9e, dans l&rsquo;autre demi-finale, l&rsquo;Angleterre a \u00e9limin\u00e9 les Pays-Bas sur le score de 2-1. Harvey Eliott, le joueur de Liverpool avait inscrit le premier but (63e) avant que le N\u00e9erlandais Noah Ohio, ancien joueur du Standard, \u00e9galise (72e). Elliott a ensuite donn\u00e9 la victoire aux Anglais en fin de match (86e).<\/p>\n","protected":false},"excerpt":{"rendered":"Les Allemands ont pris les devants rapidement par l&rsquo;interm\u00e9diaire de Nelson Weiper (8e). Nick Woltemade (1m98, 23 ans),&hellip;\n","protected":false},"author":2,"featured_media":25030,"comment_status":"","ping_status":"","sticky":false,"template":"","format":"standard","meta":{"footnotes":""},"categories":[1587],"tags":[11,672,1804,1805,1803,1777,674,63,1801,12,1802],"class_list":{"0":"post-204987","1":"post","2":"type-post","3":"status-publish","4":"format-standard","5":"has-post-thumbnail","7":"category-allemagne","8":"tag-actualites","9":"tag-allemagne","10":"tag-bundesrepublik-deutschland","11":"tag-de","12":"tag-deutschland","13":"tag-eu","14":"tag-europe","15":"tag-football","16":"tag-germany","17":"tag-news","18":"tag-republique-federale-dallemagne"},"share_on_mastodon":{"url":"https:\/\/pubeurope.com\/@fr\/114747951465853604","error":""},"_links":{"self":[{"href":"https:\/\/www.europesays.com\/fr\/wp-json\/wp\/v2\/posts\/204987","targetHints":{"allow":["GET"]}}],"collection":[{"href":"https:\/\/www.europesays.com\/fr\/wp-json\/wp\/v2\/posts"}],"about":[{"href":"https:\/\/www.europesays.com\/fr\/wp-json\/wp\/v2\/types\/post"}],"author":[{"embeddable":true,"href":"https:\/\/www.europesays.com\/fr\/wp-json\/wp\/v2\/users\/2"}],"replies":[{"embeddable":true,"href":"https:\/\/www.europesays.com\/fr\/wp-json\/wp\/v2\/comments?post=204987"}],"version-history":[{"count":0,"href":"https:\/\/www.europesays.com\/fr\/wp-json\/wp\/v2\/posts\/204987\/revisions"}],"wp:featuredmedia":[{"embeddable":true,"href":"https:\/\/www.europesays.com\/fr\/wp-json\/wp\/v2\/media\/25030"}],"wp:attachment":[{"href":"https:\/\/www.europesays.com\/fr\/wp-json\/wp\/v2\/media?parent=204987"}],"wp:term":[{"taxonomy":"category","embeddable":true,"href":"https:\/\/www.europesays.com\/fr\/wp-json\/wp\/v2\/categories?post=204987"},{"taxonomy":"post_tag","embeddable":true,"href":"https:\/\/www.europesays.com\/fr\/wp-json\/wp\/v2\/tags?post=204987"}],"curies":[{"name":"wp","href":"https:\/\/api.w.org\/{rel}","templated":true}]}}