{"id":204990,"date":"2025-06-26T05:13:09","date_gmt":"2025-06-26T05:13:09","guid":{"rendered":"https:\/\/www.europesays.com\/fr\/204990\/"},"modified":"2025-06-26T05:13:09","modified_gmt":"2025-06-26T05:13:09","slug":"ue-la-directive-anti-greenwashing-va-t-elle-survivre","status":"publish","type":"post","link":"https:\/\/www.europesays.com\/fr\/204990\/","title":{"rendered":"UE : la directive anti-greenwashing va-t-elle survivre\u00a0?"},"content":{"rendered":"<p>\n         Publi\u00e9 le<br \/>\n            25\/06\/2025 &#8211; 10:32 UTC+2<\/p>\n<p><img decoding=\"async\" class=\"c-ad__placeholder__logo\" src=\"https:\/\/static.euronews.com\/website\/images\/logos\/logo-euronews-grey-6-180x22.svg\" width=\"180\" height=\"22\" alt=\"\" loading=\"lazy\"\/>PUBLICIT\u00c9<\/p>\n<p>La Commission europ\u00e9enne a annonc\u00e9 la semaine derni\u00e8re son intention de retirer ce texte phare du Pacte vert europ\u00e9en.\u00a0<\/p>\n<p>La directive vise \u00e0 lutter contre l\u2019\u00e9coblanchiment, ou greenwashing, en encadrant l\u2019usage des mentions telles que \u201c\u00e9co-responsable\u201d ou \u201cnaturel\u201d par un organisme ind\u00e9pendant.  \u00a0<\/p>\n<p>\u00ab\u00a0La proposition sur les all\u00e9gations \u00e9cologiques vise \u00e0 assurer une meilleure protection des consommateurs et \u00e0 garantir la comp\u00e9titivit\u00e9 des entreprises europ\u00e9ennes\u00a0\u00bb, d\u00e9clare \u00e0 Euronews Sandro Gozi, eurod\u00e9put\u00e9 fran\u00e7ais (Renew Europe). <\/p>\n<p>\u00ab\u00a0Nous voulons justifier une affirmation selon laquelle ce produit est tr\u00e8s vert, ce produit est tr\u00e8s durable. C\u2019est bien, mais si vous le dites, si vous allez sur le march\u00e9 en disant cela, il faut suivre une proc\u00e9dure qui nous permet de nous assurer que ce qui est affirm\u00e9 est v\u00e9ridique\u00a0\u00bb, ajoute-t-il. <\/p>\n<p>Cette pol\u00e9mique \u00e9clate apr\u00e8s de multiples r\u00e9trop\u00e9dalages de la Commission sur les politiques environnementales.<\/p>\n<p>Peter Liese, eurod\u00e9put\u00e9 allemand de centre-droit, confirme que le PPE souhaite le retrait de ce texte.<\/p>\n<p>\u00ab\u00a0Le PPE pense qu\u2019il est bon que la Commission retire ce texte de loi, car elle est issue de l&rsquo;ancien temps, quand la Commission pensait que nous ne pouvions pas avoir assez de l\u00e9gislation environnementale. Et nous avons vu que les entreprises, en particulier les PME, sont surcharg\u00e9es de tant de complexit\u00e9s\u00a0\u00bb, \u00a0assure \u00e0 Euronews Peter Liese (PPE). <\/p>\n<p>De leur c\u00f4t\u00e9, les eurod\u00e9put\u00e9s sociaux-d\u00e9mocrates, verts et lib\u00e9raux, d\u00e9noncent un alignement des conservateurs du PPE sur les positions de la droite dure et de l\u2019extr\u00eame droite, et menacent de se d\u00e9solidariser du PPE.\u00a0\u00a0<\/p>\n<p>\u00ab\u00a0S&rsquo;il est confirm\u00e9 que la Commission europ\u00e9enne retire cette proposition pour la seule raison qu\u2019elle c\u00e8de \u00e0 une majorit\u00e9 construite par les conservateurs avec les groupes d\u2019extr\u00eame droite, c\u2019est le moment o\u00f9 von der Leyen perd le soutien de sa propre majorit\u00e9, des lib\u00e9raux, des sociaux-d\u00e9mocrates, des verts et de son propre groupe PPE\u00a0\u00bb, d\u00e9clare \u00e0 Euronews Ren\u00e9 Repasi, eurod\u00e9put\u00e9 allemand social-d\u00e9mocrate (S&amp;D). <\/p>\n<p>La Commission pourrait revenir \u00e0 la table des n\u00e9gociations si l\u2019accord ne s\u2019applique pas aux micro-entreprises.\u00a0<\/p>\n<p>\u00ab\u00a0J\u2019esp\u00e8re qu\u2019il y a une marge d\u2019accord entre les trois institutions. Le message venant de la Commission \u00e9tait qu\u2019il s\u2019agissait d\u2019un changement si pertinent dans la discussion que la Commission pourrait prendre en consid\u00e9ration un retrait de la directive\u00a0\u00bb, a pr\u00e9cis\u00e9 Teresa Ribera, Vice-pr\u00e9sidente de la Commission europ\u00e9enne pour une transition propre, juste et comp\u00e9titive. <\/p>\n<p>La balle est \u00e0 pr\u00e9sent dans le camp du Conseil. Reste \u00e0 voir s\u2019il c\u00e9dera, ou non, aux pressions de la Commissions. <\/p>\n","protected":false},"excerpt":{"rendered":"Publi\u00e9 le 25\/06\/2025 &#8211; 10:32 UTC+2 PUBLICIT\u00c9 La Commission europ\u00e9enne a annonc\u00e9 la semaine derni\u00e8re son intention de&hellip;\n","protected":false},"author":2,"featured_media":204991,"comment_status":"","ping_status":"","sticky":false,"template":"","format":"standard","meta":{"footnotes":""},"categories":[1586],"tags":[11,2196,436,1777,674,1779,1011,27,12,8308,8552,17748,25,1778,364],"class_list":{"0":"post-204990","1":"post","2":"type-post","3":"status-publish","4":"format-standard","5":"has-post-thumbnail","7":"category-europe","8":"tag-actualites","9":"tag-commission-europeenne","10":"tag-environnement","11":"tag-eu","12":"tag-europe","13":"tag-european-union","14":"tag-fr","15":"tag-france","16":"tag-news","17":"tag-pacte-vert","18":"tag-parlement-europeen","19":"tag-ppe","20":"tag-republique-francaise","21":"tag-ue","22":"tag-union-europeenne"},"share_on_mastodon":{"url":"https:\/\/pubeurope.com\/@fr\/114747959105691237","error":""},"_links":{"self":[{"href":"https:\/\/www.europesays.com\/fr\/wp-json\/wp\/v2\/posts\/204990","targetHints":{"allow":["GET"]}}],"collection":[{"href":"https:\/\/www.europesays.com\/fr\/wp-json\/wp\/v2\/posts"}],"about":[{"href":"https:\/\/www.europesays.com\/fr\/wp-json\/wp\/v2\/types\/post"}],"author":[{"embeddable":true,"href":"https:\/\/www.europesays.com\/fr\/wp-json\/wp\/v2\/users\/2"}],"replies":[{"embeddable":true,"href":"https:\/\/www.europesays.com\/fr\/wp-json\/wp\/v2\/comments?post=204990"}],"version-history":[{"count":0,"href":"https:\/\/www.europesays.com\/fr\/wp-json\/wp\/v2\/posts\/204990\/revisions"}],"wp:featuredmedia":[{"embeddable":true,"href":"https:\/\/www.europesays.com\/fr\/wp-json\/wp\/v2\/media\/204991"}],"wp:attachment":[{"href":"https:\/\/www.europesays.com\/fr\/wp-json\/wp\/v2\/media?parent=204990"}],"wp:term":[{"taxonomy":"category","embeddable":true,"href":"https:\/\/www.europesays.com\/fr\/wp-json\/wp\/v2\/categories?post=204990"},{"taxonomy":"post_tag","embeddable":true,"href":"https:\/\/www.europesays.com\/fr\/wp-json\/wp\/v2\/tags?post=204990"}],"curies":[{"name":"wp","href":"https:\/\/api.w.org\/{rel}","templated":true}]}}