{"id":204996,"date":"2025-06-26T05:16:10","date_gmt":"2025-06-26T05:16:10","guid":{"rendered":"https:\/\/www.europesays.com\/fr\/204996\/"},"modified":"2025-06-26T05:16:10","modified_gmt":"2025-06-26T05:16:10","slug":"les-spectaculaires-images-des-orages-qui-ont-frappe-la-france","status":"publish","type":"post","link":"https:\/\/www.europesays.com\/fr\/204996\/","title":{"rendered":"Les spectaculaires images des orages qui ont frapp\u00e9 la France"},"content":{"rendered":"<p>Foudre, vent, gr\u00ealons&#8230; Ce mercredi 25 juin, <strong>d&rsquo;importants orages ont frapp\u00e9 la France<\/strong>\u00a0au septi\u00e8me jour d&rsquo;une vague de chaleur nationale pr\u00e9coce, o\u00f9 la barre des 40\u00b0C a de nouveau \u00e9t\u00e9 franchie.<\/p>\n<p>Si les Alpes-Maritimes et le Var ont \u00e9t\u00e9 \u00e9pargn\u00e9s, au total, ce sont <strong>57 d\u00e9partements<\/strong> qui \u00e9taient plac\u00e9s <strong>en vigilance orange<\/strong> pour les orages (24 en vigilance jaune).<\/p>\n<p>Sur une large ligne qui traverse la France du nord au sud, les \u00e9l\u00e9ments se sont d\u00e9chain\u00e9s, faisant deux victimes: <a href=\"https:\/\/www.varmatin.com\/faits-divers\/orages-un-adolescent-tue-par-la-chute-d-un-arbre-44-departements-en-vigilance-orange-991626\" target=\"_blank\" rel=\"noopener nofollow\">un adolescent tu\u00e9 par la chute d&rsquo;un arbre et un homme mort en percutant un arbre tomb\u00e9 sur la route<\/a>.\u00a0<\/p>\n<p><strong>Tour d&rsquo;horizon des images les plus spectaculaires.<\/strong><\/p>\n<p>D\u00e8s la nuit du mardi 24 au mercredi 25 juin, le vent a souffl\u00e9 fortement sur <strong>le bassin d&rsquo;Arcachon<\/strong>. Ici, des d\u00e9g\u00e2ts entre\u00a0Ares et Andernos.\u00a0<\/p>\n<p>              <img ci-src=\"https:\/\/www.nicematin.com\/meteo\/TEMPETE+ORAGE+ET+VENT+SUR+LE+BASSIN+D+ARCACHON-J1VwMUQd.jpg?vh=a84371&amp;ci_seal=eaff8b595a\" alt=\"\"\/><br \/>\n        Des orages ont frapp\u00e9 la France le mercredi 25 juin.  <strong>Photo SUD OUEST\/GUILLAUME BONNAUD.<\/strong> <\/p>\n<p><strong>Dans les Landes<\/strong>, des gr\u00ealons d&rsquo;un diam\u00e8tre impressionnant se sont abattus dans la journ\u00e9e\u00a0au nord de Peyrehorade.\u00a0<\/p>\n<blockquote class=\"twitter-tweet\">\n<p lang=\"fr\" dir=\"ltr\">\u26a1 Un orage supercellulaire provoque des gr\u00ealons atteignant 6 centim\u00e8tres de diam\u00e8tre dans le sud des Landes ! Photo prise au nord de Peyrehorade. (\u00a9 Olivia Abadia) <a href=\"https:\/\/t.co\/0hFfHtOCQp\" rel=\"nofollow\">pic.twitter.com\/0hFfHtOCQp<\/a><\/p>\n<p>\u2014 M\u00e9t\u00e9o Express (@MeteoExpress) <a href=\"https:\/\/twitter.com\/MeteoExpress\/status\/1937880233228538165?ref_src=twsrc%5Etfw\" rel=\"nofollow noopener\" target=\"_blank\">June 25, 2025<\/a><\/p><\/blockquote>\n<p>Les orages ont atteint <strong>l&rsquo;\u00cele-de-France<\/strong> aux alentours de 21h. Ici, la foudre derri\u00e8re la Tour Eiffel\u00a0 ce mercredi 25 Juin.\u00a0<\/p>\n<p>              <img ci-src=\"https:\/\/www.nicematin.com\/meteo\/Vigilance+orange+Paris-YY8jLtSX.jpg?vh=49d3f5&amp;ci_seal=df3016668f\" alt=\"\"\/><br \/>\n        Des orages ont frapp\u00e9 la France le mercredi 25 juin.  <strong>Photo St\u00e9phane Geufroi\/Ouest-France.<\/strong> <\/p>\n<p>L&rsquo;eau s&rsquo;est engouffr\u00e9e dans des bouches du m\u00e9tro parisien.\u00a0<\/p>\n<\/p>\n<p>En fin de soir\u00e9e ce mercredi, les pluies ont engorg\u00e9 les rues de Paris.\u00a0<\/p>\n<\/p>\n<p>                                                                                                                                        <script async src=\"https:\/\/platform.twitter.com\/widgets.js\" charset=\"utf-8\"><\/script><\/p>\n","protected":false},"excerpt":{"rendered":"Foudre, vent, gr\u00ealons&#8230; Ce mercredi 25 juin, d&rsquo;importants orages ont frapp\u00e9 la France\u00a0au septi\u00e8me jour d&rsquo;une vague de&hellip;\n","protected":false},"author":2,"featured_media":204997,"comment_status":"","ping_status":"","sticky":false,"template":"","format":"standard","meta":{"footnotes":""},"categories":[4],"tags":[11,1011,27,2487,12,25],"class_list":{"0":"post-204996","1":"post","2":"type-post","3":"status-publish","4":"format-standard","5":"has-post-thumbnail","7":"category-france","8":"tag-actualites","9":"tag-fr","10":"tag-france","11":"tag-meteo","12":"tag-news","13":"tag-republique-francaise"},"share_on_mastodon":{"url":"https:\/\/pubeurope.com\/@fr\/114747970875614866","error":""},"_links":{"self":[{"href":"https:\/\/www.europesays.com\/fr\/wp-json\/wp\/v2\/posts\/204996","targetHints":{"allow":["GET"]}}],"collection":[{"href":"https:\/\/www.europesays.com\/fr\/wp-json\/wp\/v2\/posts"}],"about":[{"href":"https:\/\/www.europesays.com\/fr\/wp-json\/wp\/v2\/types\/post"}],"author":[{"embeddable":true,"href":"https:\/\/www.europesays.com\/fr\/wp-json\/wp\/v2\/users\/2"}],"replies":[{"embeddable":true,"href":"https:\/\/www.europesays.com\/fr\/wp-json\/wp\/v2\/comments?post=204996"}],"version-history":[{"count":0,"href":"https:\/\/www.europesays.com\/fr\/wp-json\/wp\/v2\/posts\/204996\/revisions"}],"wp:featuredmedia":[{"embeddable":true,"href":"https:\/\/www.europesays.com\/fr\/wp-json\/wp\/v2\/media\/204997"}],"wp:attachment":[{"href":"https:\/\/www.europesays.com\/fr\/wp-json\/wp\/v2\/media?parent=204996"}],"wp:term":[{"taxonomy":"category","embeddable":true,"href":"https:\/\/www.europesays.com\/fr\/wp-json\/wp\/v2\/categories?post=204996"},{"taxonomy":"post_tag","embeddable":true,"href":"https:\/\/www.europesays.com\/fr\/wp-json\/wp\/v2\/tags?post=204996"}],"curies":[{"name":"wp","href":"https:\/\/api.w.org\/{rel}","templated":true}]}}