{"id":204998,"date":"2025-06-26T05:18:13","date_gmt":"2025-06-26T05:18:13","guid":{"rendered":"https:\/\/www.europesays.com\/fr\/204998\/"},"modified":"2025-06-26T05:18:13","modified_gmt":"2025-06-26T05:18:13","slug":"simon-magnin-prolonge-laventure-avec-lalterna-stade-poitevin","status":"publish","type":"post","link":"https:\/\/www.europesays.com\/fr\/204998\/","title":{"rendered":"Simon Magnin prolonge l\u2019aventure avec l\u2019Alterna Stade Poitevin"},"content":{"rendered":"<p>Simon Magnin est en Bulgarie cette semaine. Le jeune central s\u2019est envol\u00e9 pour Burgas, cit\u00e9 baln\u00e9aire sur la mer Noire, avec ses co\u00e9quipiers de l\u2019\u00e9quipe de France pour disputer la deuxi\u00e8me semaine de Ligue des nations, d\u00e9marr\u00e9e par une victoire face \u00e0 l\u2019Ukraine (3-0) ce mercredi. Mais la tr\u00e8s grande majorit\u00e9 de ses affaires sont rest\u00e9es dans son appartement \u00e0 Poitiers. Et elles vont y rester encore un petit moment puisqu\u2019il a prolong\u00e9 son contrat pour une saison suppl\u00e9mentaire avec l\u2019Alterna SPVB&#8230;. <\/p>\n<p>    Cet article a \u00e9t\u00e9 tronqu\u00e9. Abonnez-vous pour lire l&rsquo;article complet sur notre site.<\/p>\n<p style=\"margin: 0 !important; padding: 0 !important; font-size: 12px !important;\">Cet article a \u00e9t\u00e9 tronqu\u00e9. Abonnez-vous pour lire l&rsquo;article complet.<\/p>\n<p>    <a href=\"https:\/\/www.lanouvellerepublique.fr\/abonnements\" style=\"display: inline-block; margin-top: 5px !important; padding: 6px 12px !important; background: #cb1c27; color: white; text-decoration: none; border-radius: 4px; font-size: 12px !important;\" target=\"_blank\" rel=\"noopener\"><br \/>\n      S&rsquo;abonner<br \/>\n    <\/a><\/p>\n","protected":false},"excerpt":{"rendered":"Simon Magnin est en Bulgarie cette semaine. Le jeune central s\u2019est envol\u00e9 pour Burgas, cit\u00e9 baln\u00e9aire sur la&hellip;\n","protected":false},"author":2,"featured_media":204999,"comment_status":"","ping_status":"","sticky":false,"template":"","format":"standard","meta":{"footnotes":""},"categories":[1417],"tags":[1392,1654,1011,27,1655,1653,60,1584,1470,1469],"class_list":{"0":"post-204998","1":"post","2":"type-post","3":"status-publish","4":"format-standard","5":"has-post-thumbnail","7":"category-volley","8":"tag-a-la-une-local","9":"tag-alterna-stade-poitevin-volley-ball","10":"tag-fr","11":"tag-france","12":"tag-ligue-a","13":"tag-poitiers","14":"tag-sports","15":"tag-vienne","16":"tag-volley","17":"tag-volleyball"},"share_on_mastodon":{"url":"https:\/\/pubeurope.com\/@fr\/114747978759283618","error":""},"_links":{"self":[{"href":"https:\/\/www.europesays.com\/fr\/wp-json\/wp\/v2\/posts\/204998","targetHints":{"allow":["GET"]}}],"collection":[{"href":"https:\/\/www.europesays.com\/fr\/wp-json\/wp\/v2\/posts"}],"about":[{"href":"https:\/\/www.europesays.com\/fr\/wp-json\/wp\/v2\/types\/post"}],"author":[{"embeddable":true,"href":"https:\/\/www.europesays.com\/fr\/wp-json\/wp\/v2\/users\/2"}],"replies":[{"embeddable":true,"href":"https:\/\/www.europesays.com\/fr\/wp-json\/wp\/v2\/comments?post=204998"}],"version-history":[{"count":0,"href":"https:\/\/www.europesays.com\/fr\/wp-json\/wp\/v2\/posts\/204998\/revisions"}],"wp:featuredmedia":[{"embeddable":true,"href":"https:\/\/www.europesays.com\/fr\/wp-json\/wp\/v2\/media\/204999"}],"wp:attachment":[{"href":"https:\/\/www.europesays.com\/fr\/wp-json\/wp\/v2\/media?parent=204998"}],"wp:term":[{"taxonomy":"category","embeddable":true,"href":"https:\/\/www.europesays.com\/fr\/wp-json\/wp\/v2\/categories?post=204998"},{"taxonomy":"post_tag","embeddable":true,"href":"https:\/\/www.europesays.com\/fr\/wp-json\/wp\/v2\/tags?post=204998"}],"curies":[{"name":"wp","href":"https:\/\/api.w.org\/{rel}","templated":true}]}}