{"id":205000,"date":"2025-06-26T05:19:19","date_gmt":"2025-06-26T05:19:19","guid":{"rendered":"https:\/\/www.europesays.com\/fr\/205000\/"},"modified":"2025-06-26T05:19:19","modified_gmt":"2025-06-26T05:19:19","slug":"le-talent-cache-de-moefana-impressionnant-dans-ce-registre","status":"publish","type":"post","link":"https:\/\/www.europesays.com\/fr\/205000\/","title":{"rendered":"le talent cach\u00e9 de Moefana, impressionnant dans ce registre"},"content":{"rendered":"<p>Il a compl\u00e8tement chang\u00e9 de dimension ces derniers mois. D\u00e9j\u00e0 indispensable du c\u00f4t\u00e9 de l\u2019Union Bordeaux-B\u00e8gles, Yoram Moefana a encore franchi un palier, que ce soit en club comme en s\u00e9lection. Devenu incontournable avec le XV de France et auteur d\u2019un Tournoi des Six Nations XXL, le centre semble \u00e9largir sa palette de jour en jour.<\/p>\n<p>\u00ab\u00a0Il fait 30% de t\u00e2ches en plus\u00a0\u00bb<\/p>\n<p>S\u2019il est capable de briller en attaque, Moefana est \u00e9galement pr\u00e9cieux en d\u00e9fense et dans les t\u00e2ches de l\u2019ombre. Pour un reportage sur Canal +, l\u2019analyste vid\u00e9o en chef de l\u2019UBB Briac Poussin a mis en avant ce talent, chiffre \u00e0 l\u2019appuis.<\/p>\n<blockquote>\n<p>\u00ab\u00a0A l\u2019UBB on comptabilise les \u2018t\u00e2ches rugby\u2019, et il en fait 30% de plus que les joueurs de son profil. En totalit\u00e9, sur des bons matches, il est capable de faire 45 ou 50 t\u00e2ches. C\u2019est quand m\u00eame beaucoup plus que la moyenne qui est \u00e0 30-35 t\u00e2ches pour un centre. Il est \u00e0 la hauteur de certains troisi\u00e8mes lignes\u00a0\u00bb.<\/p>\n<\/blockquote>\n<p>\u00a0<\/p>\n<p>Partagez cette info avec vos amis et vos proches en cliquant ici<br \/>Pour r\u00e9sumer<\/p>\n<p>En marge d\u2019un reportage de Canal +, l\u2019analyste en chef de l\u2019Union Bordeaux-B\u00e8gles Briac Poussin a soulign\u00e9 la grande qualit\u00e9 de Yoram Moefana. Il montre, chiffres \u00e0 l&rsquo;appui, que le centre r\u00e9alise un travail de l&rsquo;ombre exceptionnel.<\/p>\n<p> <img decoding=\"async\" width=\"76\" height=\"76\" loading=\"lazy\" src=\"https:\/\/www.europesays.com\/fr\/wp-content\/uploads\/2025\/04\/avatar-quinze.png\" alt=\"Arnaud D\u00e9chelotte\"\/><\/p>\n","protected":false},"excerpt":{"rendered":"Il a compl\u00e8tement chang\u00e9 de dimension ces derniers mois. D\u00e9j\u00e0 indispensable du c\u00f4t\u00e9 de l\u2019Union Bordeaux-B\u00e8gles, Yoram Moefana&hellip;\n","protected":false},"author":2,"featured_media":205001,"comment_status":"","ping_status":"","sticky":false,"template":"","format":"standard","meta":{"footnotes":""},"categories":[1416],"tags":[1011,27,479,1468,60],"class_list":{"0":"post-205000","1":"post","2":"type-post","3":"status-publish","4":"format-standard","5":"has-post-thumbnail","7":"category-rugby","8":"tag-fr","9":"tag-france","10":"tag-rugby","11":"tag-rugby-football","12":"tag-sports"},"share_on_mastodon":{"url":"https:\/\/pubeurope.com\/@fr\/114747982714903147","error":""},"_links":{"self":[{"href":"https:\/\/www.europesays.com\/fr\/wp-json\/wp\/v2\/posts\/205000","targetHints":{"allow":["GET"]}}],"collection":[{"href":"https:\/\/www.europesays.com\/fr\/wp-json\/wp\/v2\/posts"}],"about":[{"href":"https:\/\/www.europesays.com\/fr\/wp-json\/wp\/v2\/types\/post"}],"author":[{"embeddable":true,"href":"https:\/\/www.europesays.com\/fr\/wp-json\/wp\/v2\/users\/2"}],"replies":[{"embeddable":true,"href":"https:\/\/www.europesays.com\/fr\/wp-json\/wp\/v2\/comments?post=205000"}],"version-history":[{"count":0,"href":"https:\/\/www.europesays.com\/fr\/wp-json\/wp\/v2\/posts\/205000\/revisions"}],"wp:featuredmedia":[{"embeddable":true,"href":"https:\/\/www.europesays.com\/fr\/wp-json\/wp\/v2\/media\/205001"}],"wp:attachment":[{"href":"https:\/\/www.europesays.com\/fr\/wp-json\/wp\/v2\/media?parent=205000"}],"wp:term":[{"taxonomy":"category","embeddable":true,"href":"https:\/\/www.europesays.com\/fr\/wp-json\/wp\/v2\/categories?post=205000"},{"taxonomy":"post_tag","embeddable":true,"href":"https:\/\/www.europesays.com\/fr\/wp-json\/wp\/v2\/tags?post=205000"}],"curies":[{"name":"wp","href":"https:\/\/api.w.org\/{rel}","templated":true}]}}