{"id":205004,"date":"2025-06-26T05:21:18","date_gmt":"2025-06-26T05:21:18","guid":{"rendered":"https:\/\/www.europesays.com\/fr\/205004\/"},"modified":"2025-06-26T05:21:18","modified_gmt":"2025-06-26T05:21:18","slug":"les-bleus-dans-le-groupe-d-a-leurobasket","status":"publish","type":"post","link":"https:\/\/www.europesays.com\/fr\/205004\/","title":{"rendered":"Les Bleus dans le groupe D \u00e0 l&rsquo;EuroBasket"},"content":{"rendered":"<p class=\"MsoNormal\">Forts d\u2019un bilan de six victoires pour aucune d\u00e9faite en phase de qualification, les Bleus sont d\u00e9sormais fix\u00e9s sur leurs adversaires du premier tour \u00e0 l\u2019EuroBasket. Les joueurs de Fr\u00e9d\u00e9ric Fauthoux, qui d\u00e9buteront la comp\u00e9tition \u00e0 Katowice (Pologne), ont \u00e9t\u00e9 plac\u00e9s dans le groupe D avec la Slov\u00e9nie, la Pologne, Isra\u00ebl, la Belgique et l\u2019Islande.<\/p>\n<p class=\"MsoNormal\">Groupe A (Riga)\u00a0: Serbie, Lettonie, R\u00e9publique Tch\u00e8que, Turquie, Estonie, Portugal<\/p>\n<p class=\"MsoNormal\">Groupe B (Tampere)\u00a0: Allemagne, Lituanie, Montenegro, Finlande, Su\u00e8de, Grande-Bretagne<\/p>\n<p class=\"MsoNormal\">Groupe C (Limassol)\u00a0: Espagne, Gr\u00e8ce, Italie, Georgie, Bosnie-Herz\u00e9govine, Chypre<\/p>\n<p class=\"MsoNormal\">Groupe D (Katowice)\u00a0: France, Slov\u00e9nie, Pologne, Isra\u00ebl, Belgique, Islande<\/p>\n<p class=\"MsoNormal\">\u00a0<\/p>\n<p><img decoding=\"async\" title=\"\u00a9\" src=\"https:\/\/www.europesays.com\/fr\/wp-content\/uploads\/2025\/06\/19eada73-80c4-4f76-885f-ef5af58bee12.png\" alt=\"\u00a9\" data-asset-id=\"19eada73-80c4-4f76-885f-ef5af58bee12\"\/><\/p>\n<p>\u00a9<\/p>\n<p>\u00a0<\/p>\n<p class=\"MsoNormal\">\u00a0<\/p>\n","protected":false},"excerpt":{"rendered":"Forts d\u2019un bilan de six victoires pour aucune d\u00e9faite en phase de qualification, les Bleus sont d\u00e9sormais fix\u00e9s&hellip;\n","protected":false},"author":2,"featured_media":205005,"comment_status":"","ping_status":"","sticky":false,"template":"","format":"standard","meta":{"footnotes":""},"categories":[1414],"tags":[1465,1464,1011,27,60],"class_list":{"0":"post-205004","1":"post","2":"type-post","3":"status-publish","4":"format-standard","5":"has-post-thumbnail","7":"category-basket","8":"tag-basket","9":"tag-basketball","10":"tag-fr","11":"tag-france","12":"tag-sports"},"share_on_mastodon":{"url":"https:\/\/pubeurope.com\/@fr\/114747990610028337","error":""},"_links":{"self":[{"href":"https:\/\/www.europesays.com\/fr\/wp-json\/wp\/v2\/posts\/205004","targetHints":{"allow":["GET"]}}],"collection":[{"href":"https:\/\/www.europesays.com\/fr\/wp-json\/wp\/v2\/posts"}],"about":[{"href":"https:\/\/www.europesays.com\/fr\/wp-json\/wp\/v2\/types\/post"}],"author":[{"embeddable":true,"href":"https:\/\/www.europesays.com\/fr\/wp-json\/wp\/v2\/users\/2"}],"replies":[{"embeddable":true,"href":"https:\/\/www.europesays.com\/fr\/wp-json\/wp\/v2\/comments?post=205004"}],"version-history":[{"count":0,"href":"https:\/\/www.europesays.com\/fr\/wp-json\/wp\/v2\/posts\/205004\/revisions"}],"wp:featuredmedia":[{"embeddable":true,"href":"https:\/\/www.europesays.com\/fr\/wp-json\/wp\/v2\/media\/205005"}],"wp:attachment":[{"href":"https:\/\/www.europesays.com\/fr\/wp-json\/wp\/v2\/media?parent=205004"}],"wp:term":[{"taxonomy":"category","embeddable":true,"href":"https:\/\/www.europesays.com\/fr\/wp-json\/wp\/v2\/categories?post=205004"},{"taxonomy":"post_tag","embeddable":true,"href":"https:\/\/www.europesays.com\/fr\/wp-json\/wp\/v2\/tags?post=205004"}],"curies":[{"name":"wp","href":"https:\/\/api.w.org\/{rel}","templated":true}]}}