{"id":205006,"date":"2025-06-26T05:22:09","date_gmt":"2025-06-26T05:22:09","guid":{"rendered":"https:\/\/www.europesays.com\/fr\/205006\/"},"modified":"2025-06-26T05:22:09","modified_gmt":"2025-06-26T05:22:09","slug":"motogp-du-changement-au-classement-apres-litalie-et-avant-assen-cote-ecuries","status":"publish","type":"post","link":"https:\/\/www.europesays.com\/fr\/205006\/","title":{"rendered":"MotoGP Du changement au classement, apr\u00e8s l&rsquo;Italie et avant Assen, c\u00f4t\u00e9 \u00e9curies !"},"content":{"rendered":"<p>Bien entendu, le classement des \u00e9quipes n\u2019a strictement pas \u00e9volu\u00e9, en MotoGP, concernant le leader. A savoir, Ducati Factory, qui se dirige tranquillement vers un sacre, sans concurrence. Le seul point d\u2019interrogation se situant au niveau de l\u2019ordre de la suite du podium. Qui se jouera entre Gresini, actuelle deuxi\u00e8me et VR46.<\/p>\n<p>MotoGP : LCR et Aprilia Racing handicap\u00e9es, un seul pilote marquant des points !<\/p>\n<p>Par contre, en dehors du giron du constructeur transalpin, les d\u00e9bats sont tr\u00e8s ouverts. Mais \u00e0 l\u2019issue du Grand-Prix d\u2019Italie, c\u2019est Aprilia Racing qui a r\u00e9alis\u00e9 une belle op\u00e9ration, \u00e0 la faveur des performances solides de Marco Bezzecchi. Ainsi, gr\u00e2ce aux points inscrits par l\u2019int\u00e9ress\u00e9, son Team pointe d\u00e9sormais devant LCR, maintenant sixi\u00e8me du classement. Plus que jamais, l\u2019\u00e9curie Mon\u00e9gasque a besoin d\u2019un deuxi\u00e8me pilote qui marquerait des points. En effet, Somkiat Chantra voit son compteur bloqu\u00e9 \u00e0 z\u00e9ro. Johann Zarco assurant 100% des points de son \u00e9quipe\u2026<\/p>\n<blockquote class=\"twitter-tweet\">\n<p dir=\"ltr\" lang=\"en\">18th <a href=\"https:\/\/twitter.com\/somkiat35?ref_src=twsrc%5Etfw\" target=\"_blank\" rel=\"noopener nofollow\">@somkiat35<\/a> \u2013 Race <a href=\"https:\/\/twitter.com\/hashtag\/ItalianGP?src=hash&amp;ref_src=twsrc%5Etfw\" target=\"_blank\" rel=\"noopener nofollow\">#ItalianGP<\/a><br \/>\ud83c\udfa4\u201cIt was a tough race, and of course, I\u2019m disappointed about what happened on the grid before the start. But we\u2019re a team, and we learn together. I did my best to push despite the penalty and gave everything until the end\u201d. <a href=\"https:\/\/t.co\/hwkfeP1x9W\" target=\"_blank\" rel=\"nofollow\">pic.twitter.com\/hwkfeP1x9W<\/a><\/p>\n<p>\u2014 LCR Team (@lcr_team) <a href=\"https:\/\/twitter.com\/lcr_team\/status\/1936882748079169742?ref_src=twsrc%5Etfw\" target=\"_blank\" rel=\"noopener nofollow\">June 22, 2025<\/a><\/p>\n<\/blockquote>\n<p>Quatri\u00e8me de ce championnat, KTM Factory va \u00e9galement devoir batailler contre Aprilia, qui remonte. Cependant, l\u00e0 encore, il manque un deuxi\u00e8me pilote \u00e0 cette \u00e9quipe. Jorge Martin \u00e9tant toujours convalescent. Place au classement g\u00e9n\u00e9ral int\u00e9gral, avec toujours Pramac \u00e0 la derni\u00e8re place et l\u2019\u00e9quipe Honda officielle, avant-derni\u00e8re.<\/p>\n<tr class=\"standings-table__body-row\">\n<td class=\"standings-table__body-cell standings-table__body-cell--pos\">1<\/td>\n<td class=\"standings-table__body-cell standings-table__body-cell--team \">L\u2019\u00e9quipe Ducati Lenovo<\/td>\n<td class=\"standings-table__body-cell standings-table__body-cell--points\">430 points<\/td>\n<\/tr>\n<tr class=\"standings-table__body-row\">\n<td class=\"standings-table__body-cell standings-table__body-cell--pos\">2<\/td>\n<td class=\"standings-table__body-cell standings-table__body-cell--team \">BK8 Gresini Racing MotoGP<\/td>\n<td class=\"standings-table__body-cell standings-table__body-cell--points\">308 points<\/td>\n<\/tr>\n<tr class=\"standings-table__body-row\">\n<td class=\"standings-table__body-cell standings-table__body-cell--pos\">3<\/td>\n<td class=\"standings-table__body-cell standings-table__body-cell--team \">\u00c9quipe de course Pertamina Enduro VR46<\/td>\n<td class=\"standings-table__body-cell standings-table__body-cell--points\">248 points<\/td>\n<\/tr>\n<tr class=\"standings-table__body-row\">\n<td class=\"standings-table__body-cell standings-table__body-cell--pos\">4<\/td>\n<td class=\"standings-table__body-cell standings-table__body-cell--team \">Red Bull KTM Factory Racing<\/td>\n<td class=\"standings-table__body-cell standings-table__body-cell--points\">126 points<\/td>\n<\/tr>\n<tr class=\"standings-table__body-row\">\n<td class=\"standings-table__body-cell standings-table__body-cell--pos\">5<\/td>\n<td class=\"standings-table__body-cell standings-table__body-cell--team \">Aprilia Racing<\/td>\n<td class=\"standings-table__body-cell standings-table__body-cell--points\">102 points<\/td>\n<\/tr>\n<tr class=\"standings-table__body-row\">\n<td class=\"standings-table__body-cell standings-table__body-cell--pos\">6<\/td>\n<td class=\"standings-table__body-cell standings-table__body-cell--team \">LCR Honda<\/td>\n<td class=\"standings-table__body-cell standings-table__body-cell--points\">97 points<\/td>\n<\/tr>\n<tr class=\"standings-table__body-row\">\n<td class=\"standings-table__body-cell standings-table__body-cell--pos\">7<\/td>\n<td class=\"standings-table__body-cell standings-table__body-cell--team \">Monster Energy Yamaha MotoGP Team<\/td>\n<td class=\"standings-table__body-cell standings-table__body-cell--points\">93 points<\/td>\n<\/tr>\n<tr class=\"standings-table__body-row\">\n<td class=\"standings-table__body-cell standings-table__body-cell--pos\">8<\/td>\n<td class=\"standings-table__body-cell standings-table__body-cell--team \">Red Bull KTM Tech3<\/td>\n<td class=\"standings-table__body-cell standings-table__body-cell--points\">89 points<\/td>\n<\/tr>\n<tr class=\"standings-table__body-row\">\n<td class=\"standings-table__body-cell standings-table__body-cell--pos\">9<\/td>\n<td class=\"standings-table__body-cell standings-table__body-cell--team \">Trackhouse MotoGP Team<\/td>\n<td class=\"standings-table__body-cell standings-table__body-cell--points\">85 points<\/td>\n<\/tr>\n<tr class=\"standings-table__body-row\">\n<td class=\"standings-table__body-cell standings-table__body-cell--pos\">10<\/td>\n<td class=\"standings-table__body-cell standings-table__body-cell--team \">Honda HRC Castrol<\/td>\n<td class=\"standings-table__body-cell standings-table__body-cell--points\">70 points<\/td>\n<\/tr>\n<tr class=\"standings-table__body-row\">\n<td class=\"standings-table__body-cell standings-table__body-cell--pos\">11<\/td>\n<td class=\"standings-table__body-cell standings-table__body-cell--team \">Prima Pramac Yamaha MotoGP<\/td>\n<td class=\"standings-table__body-cell standings-table__body-cell--points\">40 points<\/td>\n<\/tr>\n<p>Article publi\u00e9 le 26\/06\/2025 \u00e0 5h40<\/p>\n<p>                                                            <script async src=\"https:\/\/platform.twitter.com\/widgets.js\" charset=\"utf-8\"><\/script><\/p>\n","protected":false},"excerpt":{"rendered":"Bien entendu, le classement des \u00e9quipes n\u2019a strictement pas \u00e9volu\u00e9, en MotoGP, concernant le leader. A savoir, Ducati&hellip;\n","protected":false},"author":2,"featured_media":205007,"comment_status":"","ping_status":"","sticky":false,"template":"","format":"standard","meta":{"footnotes":""},"categories":[1413],"tags":[1981,1011,27,1457,1456,1458,60],"class_list":{"0":"post-205006","1":"post","2":"type-post","3":"status-publish","4":"format-standard","5":"has-post-thumbnail","7":"category-moto","8":"tag-classement","9":"tag-fr","10":"tag-france","11":"tag-moto","12":"tag-motocycle","13":"tag-motogp","14":"tag-sports"},"share_on_mastodon":{"url":"https:\/\/pubeurope.com\/@fr\/114747994583609742","error":""},"_links":{"self":[{"href":"https:\/\/www.europesays.com\/fr\/wp-json\/wp\/v2\/posts\/205006","targetHints":{"allow":["GET"]}}],"collection":[{"href":"https:\/\/www.europesays.com\/fr\/wp-json\/wp\/v2\/posts"}],"about":[{"href":"https:\/\/www.europesays.com\/fr\/wp-json\/wp\/v2\/types\/post"}],"author":[{"embeddable":true,"href":"https:\/\/www.europesays.com\/fr\/wp-json\/wp\/v2\/users\/2"}],"replies":[{"embeddable":true,"href":"https:\/\/www.europesays.com\/fr\/wp-json\/wp\/v2\/comments?post=205006"}],"version-history":[{"count":0,"href":"https:\/\/www.europesays.com\/fr\/wp-json\/wp\/v2\/posts\/205006\/revisions"}],"wp:featuredmedia":[{"embeddable":true,"href":"https:\/\/www.europesays.com\/fr\/wp-json\/wp\/v2\/media\/205007"}],"wp:attachment":[{"href":"https:\/\/www.europesays.com\/fr\/wp-json\/wp\/v2\/media?parent=205006"}],"wp:term":[{"taxonomy":"category","embeddable":true,"href":"https:\/\/www.europesays.com\/fr\/wp-json\/wp\/v2\/categories?post=205006"},{"taxonomy":"post_tag","embeddable":true,"href":"https:\/\/www.europesays.com\/fr\/wp-json\/wp\/v2\/tags?post=205006"}],"curies":[{"name":"wp","href":"https:\/\/api.w.org\/{rel}","templated":true}]}}