{"id":20502,"date":"2025-04-12T20:18:17","date_gmt":"2025-04-12T20:18:17","guid":{"rendered":"https:\/\/www.europesays.com\/fr\/20502\/"},"modified":"2025-04-12T20:18:17","modified_gmt":"2025-04-12T20:18:17","slug":"a-lille-ce-restaurant-recemment-etoile-est-lun-des-moins-chers-de-france","status":"publish","type":"post","link":"https:\/\/www.europesays.com\/fr\/20502\/","title":{"rendered":"\u00c0 Lille, ce restaurant r\u00e9cemment \u00e9toil\u00e9 est l&rsquo;un des moins chers de France"},"content":{"rendered":"<p>            Par<br \/>\n        <strong><br \/>\n            <a href=\"https:\/\/actu.fr\/auteur\/hervine-mahaud\" title=\"Consulter tous les articles de Hervine Mahaud\" target=\"_blank\" rel=\"noopener\">Hervine Mahaud<\/a><br \/>\n        <\/strong><\/p>\n<p>        Publi\u00e9 le<\/p>\n<p>            12 avr. 2025 \u00e0 10h40        <\/p>\n<p>Une tr\u00e8s bonne table pour un ticket raisonnable. Ce samedi 12 avril 2025, le <b>Guide Michelin<\/b> a d\u00e9voil\u00e9 sa liste des <b>restaurants \u00e9toil\u00e9s les moins chers de France<\/b>. Et bonne nouvelle : parmi les \u00e9tablissements cit\u00e9s, on retrouve un restaurant install\u00e9 \u00e0 <b>Lille<\/b> (Nord), et qui vient tout juste de recevoir sa premi\u00e8re \u00e9toile.<\/p>\n<p>Un menu \u00e0 partir de 35\u20ac<\/p>\n<p class=\" wall-content\">\u00ab\u00a0Partout, \u00e0 travers la France, des tables d\u2019exception distingu\u00e9es par le Guide Michelin affichent des menus complets au d\u00e9jeuner \u00e0 moins de 60 \u20ac\/personne\u00a0\u00bb, annonce le c\u00e9l\u00e8bre guide rouge. Un tarif plut\u00f4t raisonnable pour ceux qui souhaitent profiter d\u2019une exp\u00e9rience gustative de haut vol.\u00a0<\/p>\n<p class=\" wall-content\">Et dans sa la liste, le Michelin a inclus l\u2019une des derni\u00e8res trouvailles de son palmar\u00e8s 2025 : le <a href=\"https:\/\/actu.fr\/hauts-de-france\/lille_59350\/ginko-le-nouveau-restaurant-gastronomique-qui-fait-deja-sensation-a-lille_60160486.html\" target=\"_blank\" rel=\"noopener\">restaurant Ginko<\/a>, situ\u00e9 au 70 rue de l\u2019H\u00f4pital Militaire \u00e0 Lille. <a href=\"https:\/\/actu.fr\/societe\/guide-michelin-huit-restaurants-de-la-metropole-de-lille-et-du-nord-etoiles-dans-cette-edition-2025_62447671.html\" target=\"_blank\" rel=\"noopener\">Gratifi\u00e9 d\u2019une premi\u00e8re \u00e9toile le 31 mars dernier<\/a>, l\u2019\u00e9tablissement a \u00e9t\u00e9 inaugur\u00e9 en septembre 2023.\u00a0<\/p>\n<p class=\" wall-content\">On y retrouve un duo complice : la cheffe Valentina Giacobbe, qui s\u2019est form\u00e9e au Gaya de Pierre Gagnaire, avant de travailler chez Roz\u00f3 et de prendre les fourneaux de SOlange, et Julien Ingaud-Jaubert, p\u00e2tissier de formation et qui a encha\u00een\u00e9 les belles adresses (Pierre Gagnaire, Meurin, <a href=\"https:\/\/actu.fr\/hauts-de-france\/lambersart_59328\/edouard-chouteau-a-lambersart-laureat-du-gaultmillau-nos-1ers-inspecteurs-ce-sont-les-clients_60243196.html\" target=\"_blank\" rel=\"noopener\">La Laiterie<\/a>\u2026).<\/p>\n<p class=\" wall-content\">Pour le Michelin, \u00ab\u00a0le\u00a0lieu a tout le charme d\u2019un bistrot contemporain raffin\u00e9, avec un mur de briques rouges\u2026 lilloises. La cuisine cr\u00e9ative et d\u00e9licate de la cheffe montre autant de personnalit\u00e9 que de justesse. Son menu saisonnier associe des pr\u00e9parations domin\u00e9es par le v\u00e9g\u00e9tal (comme ces petits pois li\u00e9s aux orties et la sauce hollandaise \u00e0 l\u2019ail des ours qui accompagne le cabillaud), des assiettes marqu\u00e9es par l\u2019Italie et d\u2019autres par l\u2019Asie. Le menu est \u00e9galement disponible en version totalement v\u00e9g\u00e9tarienne.\u00a0\u00bb<\/p>\n<p>Vid\u00e9os : en ce moment sur Actu<\/p>\n<p class=\" wall-content\">Pour d\u00e9guster cette cuisine \u00e9toil\u00e9e, <b>comptez entre 35 et 40\u20ac le menu d\u00e9jeuner, uniquement le jeudi et le vendredi midi<\/b>. Plus d\u2019infos et r\u00e9servations <a href=\"https:\/\/www.ginkorestaurant.fr\/\" target=\"_blank\" rel=\"noopener\">en cliquant ici<\/a>.<\/p>\n<p class=\" wall-content\">Suivez toute l\u2019actualit\u00e9 de vos villes et m\u00e9dias favoris en vous inscrivant \u00e0 <a href=\"https:\/\/moncompte.actu.fr\" title=\"D\u00e9couvez Mon Actu\" rel=\"nofollow noopener\" data-trk=\"{&quot;cta&quot;:{&quot;action&quot;:&quot;https:\\\/\\\/moncompte.actu.fr&quot;,&quot;category&quot;:&quot;mon compte&quot;,&quot;from&quot;:&quot;article footer&quot;,&quot;name&quot;:&quot;Mon actu&quot;,&quot;type&quot;:&quot;cta&quot;}}\" target=\"_blank\">Mon Actu<\/a>.<\/p>\n","protected":false},"excerpt":{"rendered":"Par Hervine Mahaud Publi\u00e9 le 12 avr. 2025 \u00e0 10h40 Une tr\u00e8s bonne table pour un ticket raisonnable.&hellip;\n","protected":false},"author":2,"featured_media":20503,"comment_status":"","ping_status":"","sticky":false,"template":"","format":"standard","meta":{"footnotes":""},"categories":[2815],"tags":[1111,11,6557,33,1777,674,1011,27,493,811,1307,12,25,1340],"class_list":{"0":"post-20502","1":"post","2":"type-post","3":"status-publish","4":"format-standard","5":"has-post-thumbnail","7":"category-lille","8":"tag-actu","9":"tag-actualites","10":"tag-bon-plan-a-lille","11":"tag-economie","12":"tag-eu","13":"tag-europe","14":"tag-fr","15":"tag-france","16":"tag-guide-michelin","17":"tag-hauts-de-france","18":"tag-lille","19":"tag-news","20":"tag-republique-francaise","21":"tag-restaurant"},"share_on_mastodon":{"url":"https:\/\/pubeurope.com\/@fr\/114326844426473293","error":""},"_links":{"self":[{"href":"https:\/\/www.europesays.com\/fr\/wp-json\/wp\/v2\/posts\/20502","targetHints":{"allow":["GET"]}}],"collection":[{"href":"https:\/\/www.europesays.com\/fr\/wp-json\/wp\/v2\/posts"}],"about":[{"href":"https:\/\/www.europesays.com\/fr\/wp-json\/wp\/v2\/types\/post"}],"author":[{"embeddable":true,"href":"https:\/\/www.europesays.com\/fr\/wp-json\/wp\/v2\/users\/2"}],"replies":[{"embeddable":true,"href":"https:\/\/www.europesays.com\/fr\/wp-json\/wp\/v2\/comments?post=20502"}],"version-history":[{"count":0,"href":"https:\/\/www.europesays.com\/fr\/wp-json\/wp\/v2\/posts\/20502\/revisions"}],"wp:featuredmedia":[{"embeddable":true,"href":"https:\/\/www.europesays.com\/fr\/wp-json\/wp\/v2\/media\/20503"}],"wp:attachment":[{"href":"https:\/\/www.europesays.com\/fr\/wp-json\/wp\/v2\/media?parent=20502"}],"wp:term":[{"taxonomy":"category","embeddable":true,"href":"https:\/\/www.europesays.com\/fr\/wp-json\/wp\/v2\/categories?post=20502"},{"taxonomy":"post_tag","embeddable":true,"href":"https:\/\/www.europesays.com\/fr\/wp-json\/wp\/v2\/tags?post=20502"}],"curies":[{"name":"wp","href":"https:\/\/api.w.org\/{rel}","templated":true}]}}