{"id":205020,"date":"2025-06-26T05:29:10","date_gmt":"2025-06-26T05:29:10","guid":{"rendered":"https:\/\/www.europesays.com\/fr\/205020\/"},"modified":"2025-06-26T05:29:10","modified_gmt":"2025-06-26T05:29:10","slug":"canal-va-devoir-reintegrer-stephane-guy-commentateur-phare-renvoye-en-2020","status":"publish","type":"post","link":"https:\/\/www.europesays.com\/fr\/205020\/","title":{"rendered":"Canal+ va devoir r\u00e9int\u00e9grer St\u00e9phane Guy, commentateur phare renvoy\u00e9 en 2020"},"content":{"rendered":"<p>        <img decoding=\"async\" loading=\"lazy\" src=\"https:\/\/www.europesays.com\/fr\/wp-content\/uploads\/2025\/06\/38364e8_1658617924549-5fd249ff210000380973e754.jpeg\"  width=\"728\" height=\"409\" alt=\"Le commentateur St\u00e9phane Guy vient d\u2019obtenir l\u2019annulation de son licenciement aupr\u00e8s de la Cour d\u2019appel de Paris, ce mercredi 25\u00a0juin.\"\/>  <\/p>\n<p>Capture d&rsquo;\u00e9cran Canal Plus<\/p>\n<p>Le commentateur St\u00e9phane Guy vient d\u2019obtenir l\u2019annulation de son licenciement aupr\u00e8s de la Cour d\u2019appel de Paris, ce mercredi 25\u00a0juin.<\/p>\n<p class=\"asset asset-text\">SPORT &#8211; Licenci\u00e9 de Canal+ en d\u00e9cembre\u00a02020, il a gagn\u00e9 une bataille judiciaire. Le journaliste St\u00e9phane Guy avait \u00e9t\u00e9 \u00e9vinc\u00e9 il y a cinq ans apr\u00e8s un message de soutien \u00e0 <a href=\"https:\/\/www.huffingtonpost.fr\/medias\/article\/stephane-guy-licencie-de-canal-apres-son-soutien-a-sebastien-thoen_174510.html\" target=\"_blank\" rel=\"noopener\">l\u2019humoriste et chroniqueur S\u00e9bastien Thoen<\/a>, lui-m\u00eame renvoy\u00e9 un mois plus t\u00f4t pour une parodie de l\u2019\u00e9mission<a href=\"https:\/\/www.huffingtonpost.fr\/divertissement\/article\/l-heure-des-pros-de-pascal-praud-plongee-dans-le-noir-en-plein-direct-sur-cnews-et-europe-1_243841.html\" target=\"_blank\" rel=\"noopener\"> L\u2019Heure des pros <\/a>sur CNews.<\/p>\n<p class=\"asset asset-text\">Mais le commentateur vedette de la cha\u00eene crypt\u00e9e vient d\u2019obtenir l\u2019annulation de son licenciement aupr\u00e8s de la Cour d\u2019appel de Paris, rapportent<a href=\"https:\/\/www.leparisien.fr\/sports\/football\/il-se-rejouit-de-rentrer-a-la-maison-canal-le-licenciement-de-stephane-guy-annule-par-la-cour-dappel-25-06-2025-KKQ6P7J7QBCXNDKSXV7TNOTNPI.php?xtor=AD-366\" target=\"_blank\" rel=\"noopener\" title=\"Nouvelle fen\u00eatre\"> Le Parisien<\/a> et<a href=\"https:\/\/www.lequipe.fr\/Medias\/Actualites\/Stephane-guy-obtient-l-annulation-de-son-licenciement-de-canal\/1573031\" target=\"_blank\" rel=\"noopener\" title=\"Nouvelle fen\u00eatre\"> l\u2019\u00c9quipe<\/a>. Avec cette d\u00e9cision, il devrait r\u00e9int\u00e9grer la r\u00e9daction de la cha\u00eene appartenant au milliardaire Vincent Bollor\u00e9.<\/p>\n<p class=\"asset asset-text\">\u00ab\u00a0En pronon\u00e7ant la nullit\u00e9 du licenciement, la Juridiction a consid\u00e9r\u00e9 que celui-ci n\u2019aurait jamais d\u00fb \u00eatre licenci\u00e9 et a en cons\u00e9quence ordonn\u00e9 sa r\u00e9int\u00e9gration au sein de Canal\u00a0\u00bb, indique l\u2019avocat de St\u00e9phane Guy, Olivier Khatchikian, au journal sp\u00e9cialis\u00e9 dans l\u2019actualit\u00e9 sportive.<\/p>\n<p>    700\u00a0000\u00a0euros d\u2019amende    <\/p>\n<p class=\"asset asset-text\">Et l\u2019avocat poursuit\u00a0: \u00ab\u00a0Elle [la Cour d\u2019appel] a par ailleurs condamn\u00e9 Canal \u00e0 lui verser un montant total d\u2019un peu plus de 700\u00a0000\u00a0euros en termes de rappel de salaires notamment.\u00a0\u00bb<\/p>\n<p class=\"asset asset-text\">\u00ab\u00a0Mon licenciement est annul\u00e9\u00a0par la Cour d\u2019appel de Paris\u00a0\u00bb, a confirm\u00e9 dans la foul\u00e9e St\u00e9phane Guy dans l\u2019\u00e9mission l\u2019\u00c9quipe du soir, o\u00f9 il est chroniqueur. \u00ab\u00a0Vous avez encore le droit d\u2019\u00eatre l\u00e0\u00a0?\u00a0\u00bb, le questionne le pr\u00e9sentateur Olivier M\u00e9nard. \u00ab\u00a0Pour l\u2019instant oui, r\u00e9pond St\u00e9phane Guy en rigolant, qui ajoute\u00a0: \u00e0 la rentr\u00e9e, il faudra que je demande l\u2019autorisation de Canal, car je devrais commenter un match l\u00e0-bas\u00a0\u00bb. Le commentateur dit aussi avoir une \u00ab\u00a0grosse pens\u00e9e\u00a0\u00bb pour les autres journalistes \u00e9vinc\u00e9s li\u00e9s \u00e0 leur soutien \u00e0 S\u00e9bastien Thoen.<\/p>\n<p> La lecture de ce contenu est susceptible d\u2019entra\u00eener un d\u00e9p\u00f4t de cookies de la part de l\u2019op\u00e9rateur tiers qui l\u2019h\u00e9berge. Compte-tenu des choix que vous avez exprim\u00e9s en mati\u00e8re de d\u00e9p\u00f4t de cookies, nous avons bloqu\u00e9 l\u2019affichage de ce contenu. Si vous souhaitez y acc\u00e9der, vous devez accepter la cat\u00e9gorie de cookies \u201cContenus tiers\u201d en cliquant sur le bouton ci-dessous. <\/p>\n<p> Lire la Vid\u00e9o        Des journalistes indign\u00e9s par le cas S\u00e9bastien Thoen    <\/p>\n<p class=\"asset asset-text\">Le 29\u00a0ao\u00fbt\u00a02022, le conseil des Prud\u2019hommes de Paris avait d\u00e9j\u00e0 donn\u00e9 raison \u00e0 St\u00e9phane Guy, jugeant son licenciement \u00ab\u00a0abusif\u00a0\u00bb.<\/p>\n<p class=\"asset asset-text\">St\u00e9phane Guy avait \u00e9t\u00e9 renvoy\u00e9 en d\u00e9cembre\u00a02020, apr\u00e8s son soutien \u00e0 l\u2019humoriste S\u00e9bastien Thoen, chroniqueur du Canal Football Club. Avant un match qu\u2019il commentait, il avait rendu hommage \u00e0 son \u00ab\u00a0ami\u00a0\u00bb, estimant qu\u2019il n\u2019avait \u00ab\u00a0pas eu la sortie qu\u2019il aurait m\u00e9rit\u00e9e\u00a0\u00bb.<\/p>\n<p class=\"asset asset-text\">S\u00e9bastien Thoen avait \u00e9t\u00e9 auparavant \u00e9vinc\u00e9 de la cha\u00eene pour avoir particip\u00e9 \u00e0 un sketch qui parodiait l\u2019\u00e9mission de Pascal Praud sur CNews.<\/p>\n<p class=\"asset asset-text\">Ce renvoi avait suscit\u00e9 l\u2019indignation de nombreux journalistes en interne.\u00a0Pr\u00e8s de 150 collaborateurs de Canal+ avaient ainsi d\u00e9nonc\u00e9, dans un communiqu\u00e9, cette \u00ab\u00a0\u00e9viction\u00a0\u00bb et invoqu\u00e9 \u00ab\u00a0la libert\u00e9 d\u2019expression, de caricature et de parodie\u00a0\u00bb.<\/p>\n","protected":false},"excerpt":{"rendered":"Capture d&rsquo;\u00e9cran Canal Plus Le commentateur St\u00e9phane Guy vient d\u2019obtenir l\u2019annulation de son licenciement aupr\u00e8s de la Cour&hellip;\n","protected":false},"author":2,"featured_media":205021,"comment_status":"","ping_status":"","sticky":false,"template":"","format":"standard","meta":{"footnotes":""},"categories":[1356],"tags":[1419,251,58,59,63,1011,27,500,517,252,1364],"class_list":{"0":"post-205020","1":"post","2":"type-post","3":"status-publish","4":"format-standard","5":"has-post-thumbnail","7":"category-television","8":"tag-canal-plus","9":"tag-culture","10":"tag-divertissement","11":"tag-entertainment","12":"tag-football","13":"tag-fr","14":"tag-france","15":"tag-medias","16":"tag-sport","17":"tag-television","18":"tag-tv"},"share_on_mastodon":{"url":"https:\/\/pubeurope.com\/@fr\/114748022412792825","error":""},"_links":{"self":[{"href":"https:\/\/www.europesays.com\/fr\/wp-json\/wp\/v2\/posts\/205020","targetHints":{"allow":["GET"]}}],"collection":[{"href":"https:\/\/www.europesays.com\/fr\/wp-json\/wp\/v2\/posts"}],"about":[{"href":"https:\/\/www.europesays.com\/fr\/wp-json\/wp\/v2\/types\/post"}],"author":[{"embeddable":true,"href":"https:\/\/www.europesays.com\/fr\/wp-json\/wp\/v2\/users\/2"}],"replies":[{"embeddable":true,"href":"https:\/\/www.europesays.com\/fr\/wp-json\/wp\/v2\/comments?post=205020"}],"version-history":[{"count":0,"href":"https:\/\/www.europesays.com\/fr\/wp-json\/wp\/v2\/posts\/205020\/revisions"}],"wp:featuredmedia":[{"embeddable":true,"href":"https:\/\/www.europesays.com\/fr\/wp-json\/wp\/v2\/media\/205021"}],"wp:attachment":[{"href":"https:\/\/www.europesays.com\/fr\/wp-json\/wp\/v2\/media?parent=205020"}],"wp:term":[{"taxonomy":"category","embeddable":true,"href":"https:\/\/www.europesays.com\/fr\/wp-json\/wp\/v2\/categories?post=205020"},{"taxonomy":"post_tag","embeddable":true,"href":"https:\/\/www.europesays.com\/fr\/wp-json\/wp\/v2\/tags?post=205020"}],"curies":[{"name":"wp","href":"https:\/\/api.w.org\/{rel}","templated":true}]}}