{"id":205026,"date":"2025-06-26T05:32:11","date_gmt":"2025-06-26T05:32:11","guid":{"rendered":"https:\/\/www.europesays.com\/fr\/205026\/"},"modified":"2025-06-26T05:32:11","modified_gmt":"2025-06-26T05:32:11","slug":"si-ce-test-banal-avec-vos-doigts-devoile-ce-signe-consultez-immediatement-un-medecin","status":"publish","type":"post","link":"https:\/\/www.europesays.com\/fr\/205026\/","title":{"rendered":"si ce test banal avec vos doigts d\u00e9voile ce signe, consultez imm\u00e9diatement un m\u00e9decin"},"content":{"rendered":"<p>                    Un d\u00e9tail au bout des doigts peut trahir un cancer du poumon, voici le test \u00e0 faire imm\u00e9diatement <\/p>\n<p data-start=\"575\" data-end=\"961\">Il suffit de coller ses deux pouces pour en avoir le c\u0153ur net. <strong>Un geste anodin, presque enfantin<\/strong>, qui peut pourtant r\u00e9v\u00e9ler un signe silencieux d\u2019un cancer parmi les plus redout\u00e9s. Le <a href=\"https:\/\/www.modesettravaux.fr\/beaute-bien-etre\/sante-beaute-bien-etre\/cancer-du-poumon-attention-cet-aliment-ultra-courant-nourrit-les-cellules-cancereuses-selon-une-nouvelle-etude-choc-134517.html\" rel=\"nofollow noopener\" target=\"_blank\">cancer du poumon<\/a>, souvent discret \u00e0 ses d\u00e9buts, s\u2019accompagne parfois d\u2019<strong>un indice physique visible au bout des doigts<\/strong> : un changement subtil que beaucoup ignorent, mais que les m\u00e9decins connaissent bien.<\/p>\n<p data-start=\"963\" data-end=\"1535\">Ce ph\u00e9nom\u00e8ne s\u2019appelle l\u2019<strong data-start=\"988\" data-end=\"1013\">hippocratisme digital<\/strong>, et il concerne environ <strong data-start=\"1038\" data-end=\"1092\">35 % des personnes atteintes d\u2019un cancer du poumon<\/strong>. Ce chiffre, rapport\u00e9 par le Daily Mirror et relay\u00e9 par plusieurs sources m\u00e9dicales, interpelle : s\u2019il ne constitue pas un <a href=\"https:\/\/www.modesettravaux.fr\/beaute-bien-etre\/sante-beaute-bien-etre\/cancer-du-pancreas-ce-symptome-anodin-apparait-souvent-6-mois-avant-le-diagnostic-142005.html\" rel=\"nofollow noopener\" target=\"_blank\">diagnostic<\/a> en soi, il peut en revanche alerter ceux qui prennent le temps d\u2019observer leur corps. En France, plus de <strong data-start=\"1334\" data-end=\"1377\">46 000 nouveaux cas de cancer du poumon<\/strong> ont \u00e9t\u00e9 recens\u00e9s en 2018 selon l\u2019Institut national du Cancer. Un mal souvent d\u00e9couvert trop tard, pr\u00e9cis\u00e9ment parce qu\u2019il se manifeste de mani\u00e8re insidieuse.<\/p>\n<p> Comment faire le test des pouces chez soi <\/p>\n<p data-start=\"1583\" data-end=\"1926\">Le test est simple. Placez <strong data-start=\"1610\" data-end=\"1641\">vos deux pouces face \u00e0 face<\/strong>, ongle contre ongle. Observez entre les deux cuticules. Un petit espace en forme de <strong data-start=\"1726\" data-end=\"1737\">losange<\/strong> doit appara\u00eetre. Si c\u2019est le cas, tout semble normal. Mais si <strong data-start=\"1800\" data-end=\"1821\">cet espace manque<\/strong>, cela peut traduire un <strong data-start=\"1845\" data-end=\"1887\">\u00e9paississement des tissus sous l\u2019ongle<\/strong>, signe d\u2019un <strong data-start=\"1900\" data-end=\"1925\">hippocratisme digital<\/strong>.<\/p>\n<p data-start=\"1928\" data-end=\"1992\">Ce ph\u00e9nom\u00e8ne, loin d\u2019\u00eatre douloureux, \u00e9volue en trois \u00e9tapes :<\/p>\n<ul data-start=\"1993\" data-end=\"2136\">\n<li data-start=\"1993\" data-end=\"2031\">\n<p data-start=\"1995\" data-end=\"2031\">la base de l\u2019ongle devient molle ;<\/p>\n<\/li>\n<li data-start=\"2032\" data-end=\"2081\">\n<p data-start=\"2034\" data-end=\"2081\">la peau autour prend un aspect <strong data-start=\"2065\" data-end=\"2077\">brillant<\/strong> ;<\/p>\n<\/li>\n<li data-start=\"2082\" data-end=\"2136\">\n<p data-start=\"2084\" data-end=\"2136\">l\u2019ongle se <strong data-start=\"2095\" data-end=\"2119\">recourbe vers le bas<\/strong>, vu de profil.<\/p>\n<\/li>\n<\/ul>\n<p data-start=\"2138\" data-end=\"2400\">Le gonflement peut concerner plusieurs doigts \u00e0 la fois, souvent de mani\u00e8re sym\u00e9trique. Ce d\u00e9tail physique, bien que discret, m\u00e9rite une attention particuli\u00e8re chez les personnes \u00e0 risque &#8211; <a href=\"https:\/\/www.modesettravaux.fr\/beaute-bien-etre\/sante-beaute-bien-etre\/tabac-cette-plante-a-le-pouvoir-de-degouter-de-la-cigarette-52935.html\" rel=\"nofollow noopener\" target=\"_blank\">fumeurs<\/a>, ant\u00e9c\u00e9dents familiaux, ou exposition prolong\u00e9e \u00e0 des polluants.<\/p>\n<p><img loading=\"lazy\" decoding=\"async\" itemprop=\"thumbnailUrl\" class=\" wp-image-134520 img-responsive \" src=\"https:\/\/www.europesays.com\/fr\/wp-content\/uploads\/2025\/06\/shutterstock_2609918125-1024x684.jpg\" alt=\"\" width=\"704\" height=\"470\"\/> \u00a9  Shutterstock<\/p>\n<p data-start=\"142\" data-end=\"306\">Collez vos pouces face \u00e0 face : l\u2019absence d\u2019un petit espace en losange pourrait signaler un signe discret du cancer du poumon.<\/p>\n<p> D\u00a0\u00bbautres signes du cancer du poumon qui doivent alerter <\/p>\n<p data-start=\"2462\" data-end=\"2707\">L\u2019hippocratisme digital <strong data-start=\"2486\" data-end=\"2528\">n\u2019est pas exclusif au cancer du poumon<\/strong>, mais il en fait partie des sympt\u00f4mes potentiels, notamment dans les <a href=\"https:\/\/www.modesettravaux.fr\/beaute-bien-etre\/sante-beaute-bien-etre\/cancer-du-pancreas-ce-marathonien-aujourdhui-en-phase-terminale-alerte-sur-ce-symptome-quil-a-ignore-141498.html\" rel=\"nofollow noopener\" target=\"_blank\">formes avanc\u00e9es<\/a>. D\u2019autres signaux peuvent compl\u00e9ter ce tableau clinique, parfois trop tardivement rep\u00e9r\u00e9s :<\/p>\n<ul data-start=\"2708\" data-end=\"2992\">\n<li data-start=\"2708\" data-end=\"2760\">\n<p data-start=\"2710\" data-end=\"2760\">une <strong data-start=\"2714\" data-end=\"2734\">toux persistante<\/strong>, parfois avec du sang ;<\/p>\n<\/li>\n<li data-start=\"2761\" data-end=\"2820\">\n<p data-start=\"2763\" data-end=\"2820\">des <strong data-start=\"2767\" data-end=\"2791\">douleurs thoraciques<\/strong> ou dorsales inexpliqu\u00e9es ;<\/p>\n<\/li>\n<li data-start=\"2821\" data-end=\"2884\">\n<p data-start=\"2823\" data-end=\"2884\">une <strong data-start=\"2827\" data-end=\"2851\">fatigue inhabituelle<\/strong> ou une perte de poids rapide ;<\/p>\n<\/li>\n<li data-start=\"2885\" data-end=\"2949\">\n<p data-start=\"2887\" data-end=\"2949\">un <strong data-start=\"2890\" data-end=\"2915\">essoufflement anormal<\/strong>, ou une respiration sifflante ;<\/p>\n<\/li>\n<li data-start=\"2950\" data-end=\"2992\">\n<p data-start=\"2952\" data-end=\"2992\">des <strong data-start=\"2956\" data-end=\"2991\">infections pulmonaires r\u00e9p\u00e9t\u00e9es<\/strong>.<\/p>\n<\/li>\n<\/ul>\n<p data-start=\"2994\" data-end=\"3272\">Parfois, des signes plus rares apparaissent : voix modifi\u00e9e, paupi\u00e8re affaiss\u00e9e, ou encore troubles de la d\u00e9glutition. Pris isol\u00e9ment, aucun de ces<a href=\"https:\/\/www.modesettravaux.fr\/beaute-bien-etre\/sante-beaute-bien-etre\/cancer-du-pancreas-ce-symptome-est-le-premier-a-apparaitre-alerte-un-medecin-141011.html\" rel=\"nofollow noopener\" target=\"_blank\"> sympt\u00f4mes<\/a> ne permet de conclure \u00e0 un cancer. Mais leur <strong data-start=\"3197\" data-end=\"3212\">association<\/strong>, et surtout leur <strong data-start=\"3230\" data-end=\"3245\">persistance<\/strong>, doit pousser \u00e0 consulter.<\/p>\n<p> Quand faut-il s\u2019inqui\u00e9ter et consulter un m\u00e9decin ? <\/p>\n<p data-start=\"3330\" data-end=\"3716\">Observer un changement au bout des doigts, aussi subtil soit-il, ne suffit pas \u00e0 poser <a href=\"https:\/\/www.modesettravaux.fr\/beaute-bien-etre\/sante-beaute-bien-etre\/cancer-de-la-peau-cette-zone-du-corps-que-vous-ne-protegez-jamais-declenche-les-formes-les-plus-graves-141907.html\" rel=\"nofollow noopener\" target=\"_blank\">un diagnostic<\/a>. Mais ce test des pouces peut servir de <strong data-start=\"3471\" data-end=\"3513\">point de d\u00e9part \u00e0 une vigilance accrue<\/strong>, en particulier s\u2019il s\u2019ajoute \u00e0 d\u2019autres anomalies. Seul un m\u00e9decin est en mesure d\u2019\u00e9valuer ce signe dans son ensemble, d\u2019en rechercher l\u2019origine, et d\u2019<strong data-start=\"3666\" data-end=\"3690\">\u00e9carter ou confirmer<\/strong> une maladie sous-jacente.<\/p>\n<p data-start=\"3718\" data-end=\"4006\">Loin de remplacer un examen clinique, ce geste simple peut devenir un <strong data-start=\"3788\" data-end=\"3805\">r\u00e9flexe utile<\/strong>, notamment chez les personnes les plus expos\u00e9es. Dans un contexte o\u00f9 le <strong data-start=\"3878\" data-end=\"3910\">d\u00e9pistage pr\u00e9coce reste rare<\/strong>, chaque petit indice peut faire la diff\u00e9rence. Mieux vaut un doute explor\u00e9 qu\u2019un signal ignor\u00e9.<\/p>\n<p> <img loading=\"lazy\" decoding=\"async\" aria-describedby=\"caption-attachment-134521\" class=\" wp-image-134521 img-responsive \" src=\"https:\/\/www.europesays.com\/fr\/wp-content\/uploads\/2025\/06\/shutterstock_2442425507-1024x707.jpg\" alt=\"\" width=\"698\" height=\"482\"\/> \u00a9  Shutterstock<\/p>\n<p id=\"caption-attachment-134521\" class=\"wp-caption-text\">L\u2019hippocratisme digital, visible sur les ongles, touche jusqu\u2019\u00e0 35 % des patients atteints de cancer du poumon sans qu\u2019ils le sachent.<\/p>\n","protected":false},"excerpt":{"rendered":"Un d\u00e9tail au bout des doigts peut trahir un cancer du poumon, voici le test \u00e0 faire imm\u00e9diatement&hellip;\n","protected":false},"author":2,"featured_media":205027,"comment_status":"","ping_status":"","sticky":false,"template":"","format":"standard","meta":{"footnotes":""},"categories":[10],"tags":[1011,27,72,71],"class_list":{"0":"post-205026","1":"post","2":"type-post","3":"status-publish","4":"format-standard","5":"has-post-thumbnail","7":"category-sante","8":"tag-fr","9":"tag-france","10":"tag-health","11":"tag-sante"},"share_on_mastodon":{"url":"https:\/\/pubeurope.com\/@fr\/114748033956721155","error":""},"_links":{"self":[{"href":"https:\/\/www.europesays.com\/fr\/wp-json\/wp\/v2\/posts\/205026","targetHints":{"allow":["GET"]}}],"collection":[{"href":"https:\/\/www.europesays.com\/fr\/wp-json\/wp\/v2\/posts"}],"about":[{"href":"https:\/\/www.europesays.com\/fr\/wp-json\/wp\/v2\/types\/post"}],"author":[{"embeddable":true,"href":"https:\/\/www.europesays.com\/fr\/wp-json\/wp\/v2\/users\/2"}],"replies":[{"embeddable":true,"href":"https:\/\/www.europesays.com\/fr\/wp-json\/wp\/v2\/comments?post=205026"}],"version-history":[{"count":0,"href":"https:\/\/www.europesays.com\/fr\/wp-json\/wp\/v2\/posts\/205026\/revisions"}],"wp:featuredmedia":[{"embeddable":true,"href":"https:\/\/www.europesays.com\/fr\/wp-json\/wp\/v2\/media\/205027"}],"wp:attachment":[{"href":"https:\/\/www.europesays.com\/fr\/wp-json\/wp\/v2\/media?parent=205026"}],"wp:term":[{"taxonomy":"category","embeddable":true,"href":"https:\/\/www.europesays.com\/fr\/wp-json\/wp\/v2\/categories?post=205026"},{"taxonomy":"post_tag","embeddable":true,"href":"https:\/\/www.europesays.com\/fr\/wp-json\/wp\/v2\/tags?post=205026"}],"curies":[{"name":"wp","href":"https:\/\/api.w.org\/{rel}","templated":true}]}}