{"id":205032,"date":"2025-06-26T05:35:11","date_gmt":"2025-06-26T05:35:11","guid":{"rendered":"https:\/\/www.europesays.com\/fr\/205032\/"},"modified":"2025-06-26T05:35:11","modified_gmt":"2025-06-26T05:35:11","slug":"la-production-de-la-bmw-m3-electrique-debutera-en-mars-2027-preparez-vous-a-une-avancee-spectaculaire-dans-le-monde-de-lautomobile-de-luxe","status":"publish","type":"post","link":"https:\/\/www.europesays.com\/fr\/205032\/","title":{"rendered":"La production de la BMW M3 \u00e9lectrique d\u00e9butera en mars 2027 : pr\u00e9parez-vous \u00e0 une avanc\u00e9e spectaculaire dans le monde de l&rsquo;automobile de luxe"},"content":{"rendered":"<tr>\n<td><strong>EN BREF<\/strong><\/td>\n<\/tr>\n<tr>\n<td>\n<ul>\n<li>\u26a1 Le mod\u00e8le \u00e9lectrique <strong>M<\/strong> de BMW, connu sous le nom de code \u00ab\u00a0ZA0\u00a0\u00bb, d\u00e9butera sa production en mars 2027.<\/li>\n<li>\ud83d\udd27 Des jantes de 20 pouces et des freins en <strong>c\u00e9ramique de carbone<\/strong> seront disponibles, avec des options pour des configurations plus sportives.<\/li>\n<li>\ud83c\udf3f BMW int\u00e8gre des composites de <strong>fibres naturelles<\/strong> pour certaines pi\u00e8ces, r\u00e9duisant ainsi les \u00e9missions de CO2.<\/li>\n<li>\ud83c\udfed La production se fera \u00e0 Munich, alors que l\u2019usine se concentre sur les <strong>v\u00e9hicules \u00e9lectriques<\/strong> \u00e0 partir de 2027.<\/li>\n<\/ul>\n<\/td>\n<\/tr>\n<p>BMW pr\u00e9pare une r\u00e9volution dans le monde de l\u2019automobile \u00e9lectrique de performance. Avec le succ\u00e8s de la i4 M50, qui a domin\u00e9 les ventes de M Performance pendant trois ann\u00e9es cons\u00e9cutives, la marque bavaroise s\u2019appr\u00eate \u00e0 franchir un nouveau cap. En mars 2027, le premier mod\u00e8le enti\u00e8rement \u00e9lectrique de la gamme M verra le jour. Ce projet, connu sous le nom de code \u00ab\u00a0ZA0\u00a0\u00bb, promet d\u2019offrir une exp\u00e9rience de conduite in\u00e9dite et de repousser les limites de la performance \u00e9lectrique.<\/p>\n<p>Les caract\u00e9ristiques techniques du mod\u00e8le ZA0<\/p>\n<p>Le futur mod\u00e8le M \u00e9lectrique, identifi\u00e9 en interne par le code \u00ab\u00a0ZA0\u00a0\u00bb, se distingue par ses caract\u00e9ristiques techniques avanc\u00e9es. Les jantes de 20 pouces en s\u00e9rie sont con\u00e7ues sp\u00e9cifiquement pour ce mod\u00e8le, avec une option pour des jantes forg\u00e9es du m\u00eame diam\u00e8tre. Pour ceux qui souhaitent une allure encore plus sportive, une configuration d\u00e9cal\u00e9e avec des jantes de 21 pouces \u00e0 l\u2019arri\u00e8re est envisag\u00e9e. En mati\u00e8re de freinage, le mod\u00e8le offrira des freins en c\u00e9ramique de carbone en option, garantissant des performances optimales.<\/p>\n<p>La conception de ce mod\u00e8le s\u2019appuie \u00e9galement sur des mat\u00e9riaux innovants. Des composites de fibres naturelles, \u00e0 base de lin, seront utilis\u00e9s pour certaines pi\u00e8ces ext\u00e9rieures, r\u00e9duisant ainsi les \u00e9missions par rapport aux composants en fibre de carbone traditionnels. \u00c0 l\u2019int\u00e9rieur, les si\u00e8ges baquets avant int\u00e8greront \u00e9galement ces fibres naturelles, tandis que les si\u00e8ges M Sport seront de s\u00e9rie.<\/p>\n<blockquote class=\"wp-embedded-content\" data-secret=\"Fib0jw2wKs\">\n<p><a href=\"https:\/\/bmw-actu.com\/2025\/06\/17\/ce-bijou-vaut-de-lor-une-rare-bmw-m3-e30-de-1990-avec-moins-de-60-000-km-vendue-a-un-prix-delirant\/\" rel=\"nofollow noopener\" target=\"_blank\">\u00ab Ce bijou vaut de l\u2019or \u00bb : une rare BMW M3 E30 de 1990 avec moins de 60 000 km vendue \u00e0 un prix d\u00e9lirant<\/a><\/p>\n<\/blockquote>\n<p>Design et innovation durable<\/p>\n<p>En termes de design, le mod\u00e8le \u00ab\u00a0ZA0\u00a0\u00bb se distingue par des phares sp\u00e9cifiques \u00e0 la gamme M, soulignant son caract\u00e8re sportif et distinctif. Toutefois, une surprise r\u00e9side dans l\u2019absence d\u2019un toit l\u00e9ger, souvent privil\u00e9gi\u00e9 dans les mod\u00e8les de performance. \u00c0 la place, un toit panoramique est pr\u00e9vu, sans option pour un panneau en fibre de carbone ou en fibre naturelle. Pourtant, BMW avait annonc\u00e9 que l\u2019utilisation de composants \u00e0 base de lin pour le toit permettrait de r\u00e9duire les \u00e9missions de CO2 de 40 % par rapport \u00e0 un toit \u00e9quivalent en fibre de carbone.<\/p>\n<p>Cette approche illustre l\u2019engagement de BMW envers une innovation durable, int\u00e9grant des mat\u00e9riaux \u00e9cologiques tout en maintenant un niveau \u00e9lev\u00e9 de performance et de style. Le mod\u00e8le M \u00e9lectrique promet ainsi de marier technologie avanc\u00e9e et respect de l\u2019environnement.<\/p>\n<blockquote class=\"wp-embedded-content\" data-secret=\"V12BazD1LK\">\n<p><a href=\"https:\/\/bmw-actu.com\/2025\/06\/20\/confort-sportivite-elegance-sur-mesure-voici-pourquoi-ceux-qui-quittent-bmw-finissent-presque-toujours-par-y-revenir\/\" rel=\"nofollow noopener\" target=\"_blank\">Confort, sportivit\u00e9, \u00e9l\u00e9gance sur mesure : voici pourquoi ceux qui quittent BMW finissent presque toujours par y revenir<\/a><\/p>\n<\/blockquote>\n<p>Une puissance impressionnante sous le capot<\/p>\n<p>Les sp\u00e9culations vont bon train quant \u00e0 la puissance du futur mod\u00e8le \u00e9lectrique M. Bien que les d\u00e9tails pr\u00e9cis restent encore \u00e0 confirmer, il est attendu que cette voiture d\u00e9passe largement les pr\u00e9visions initiales. Alors que l\u2019on s\u2019attendait \u00e0 une puissance inf\u00e9rieure \u00e0 700 chevaux, les derni\u00e8res informations sugg\u00e8rent que le mod\u00e8le pourrait offrir entre 800 et 900 chevaux. <\/p>\n<p><img loading=\"lazy\" width=\"1920\" height=\"1282\" decoding=\"async\" src=\"data:image\/svg+xml,%3Csvg%20xmlns=\" http:=\"\" alt=\"BMW M3 \u00c9lectrique 2027 ZA0 01\" data-lazy-src=\"https:\/\/www.europesays.com\/fr\/wp-content\/uploads\/2025\/06\/la-production-de-la-bmw-m3-electrique-debutera-en-mars-2027-preparez-vous-a-une-avancee-spectaculair.jpeg\"\/>BMW M3 \u00c9lectrique 2027 ZA0 01<\/p>\n<p>Bien que la configuration \u00e0 quatre moteurs \u00e9lectriques ait \u00e9t\u00e9 \u00e9voqu\u00e9e, il semble peu probable qu\u2019elle soit utilis\u00e9e pour ce mod\u00e8le sp\u00e9cifique, \u00e9tant probablement r\u00e9serv\u00e9e aux mod\u00e8les M \u00e9lectriques les plus hauts de gamme. Toutefois, cette puissance annonc\u00e9e place le mod\u00e8le M \u00e9lectrique dans une cat\u00e9gorie \u00e0 part, promettant des performances qui rivalisent avec les meilleures du march\u00e9.<\/p>\n<blockquote class=\"wp-embedded-content\" data-secret=\"0HXNXrCbMw\">\n<p><a href=\"https:\/\/bmw-actu.com\/2025\/03\/18\/marques-influenceurs-pilotes-acheter-des-fans-com-leur-arme-secrete-pour-exploser-leur-influence-sur-les-reseaux-sociaux\/\" rel=\"nofollow noopener\" target=\"_blank\">Marques, influenceurs, pilotes\u2026 Acheter-des-Fans.com, leur arme secr\u00e8te pour exploser leur influence sur les r\u00e9seaux sociaux<\/a><\/p>\n<\/blockquote>\n<p>L\u2019avenir de la production BMW<\/p>\n<p>La production du mod\u00e8le M \u00e9lectrique se fera \u00e0 Munich, un choix strat\u00e9gique alors que l\u2019usine se dirige vers une conversion exclusive \u00e0 la production de v\u00e9hicules \u00e9lectriques \u00e0 partir de 2027. Par cons\u00e9quent, la production de la S\u00e9rie 3 sera d\u00e9plac\u00e9e \u00e0 Dingolfing en 2026. Cette transition refl\u00e8te l\u2019engagement de BMW envers une mobilit\u00e9 durable et une adaptation aux nouvelles exigences du march\u00e9.<\/p>\n<p>Ce changement strat\u00e9gique t\u00e9moigne de la volont\u00e9 de BMW de se positionner \u00e0 la pointe de l\u2019innovation automobile, tout en respectant les imp\u00e9ratifs environnementaux. La production \u00e0 Munich, berceau historique de la marque, souligne l\u2019importance que BMW accorde \u00e0 ses racines tout en se tournant vers l\u2019avenir.<\/p>\n<p>Avec ces innovations, BMW s\u2019affirme comme un acteur cl\u00e9 dans le domaine des v\u00e9hicules \u00e9lectriques de performance. La marque r\u00e9ussira-t-elle \u00e0 s\u00e9duire une nouvelle g\u00e9n\u00e9ration de conducteurs tout en conservant l\u2019h\u00e9ritage de la gamme M ?<\/p>\n<p>L\u2019auteur s\u2019est appuy\u00e9 sur l\u2019intelligence artificielle pour enrichir cet article.<\/p>\n<p id=\"rating\">\u00c7a vous a plu ?\u00a04.6\/5 (28)<\/p>\n","protected":false},"excerpt":{"rendered":"EN BREF \u26a1 Le mod\u00e8le \u00e9lectrique M de BMW, connu sous le nom de code \u00ab\u00a0ZA0\u00a0\u00bb, d\u00e9butera sa&hellip;\n","protected":false},"author":2,"featured_media":205033,"comment_status":"","ping_status":"","sticky":false,"template":"","format":"standard","meta":{"footnotes":""},"categories":[7],"tags":[1011,27,43,40,41,39,42,44],"class_list":{"0":"post-205032","1":"post","2":"type-post","3":"status-publish","4":"format-standard","5":"has-post-thumbnail","7":"category-sciences-et-technologies","8":"tag-fr","9":"tag-france","10":"tag-science","11":"tag-science-and-technology","12":"tag-sciences","13":"tag-sciences-et-technologies","14":"tag-technologies","15":"tag-technology"},"share_on_mastodon":{"url":"https:\/\/pubeurope.com\/@fr\/114748045704641692","error":""},"_links":{"self":[{"href":"https:\/\/www.europesays.com\/fr\/wp-json\/wp\/v2\/posts\/205032","targetHints":{"allow":["GET"]}}],"collection":[{"href":"https:\/\/www.europesays.com\/fr\/wp-json\/wp\/v2\/posts"}],"about":[{"href":"https:\/\/www.europesays.com\/fr\/wp-json\/wp\/v2\/types\/post"}],"author":[{"embeddable":true,"href":"https:\/\/www.europesays.com\/fr\/wp-json\/wp\/v2\/users\/2"}],"replies":[{"embeddable":true,"href":"https:\/\/www.europesays.com\/fr\/wp-json\/wp\/v2\/comments?post=205032"}],"version-history":[{"count":0,"href":"https:\/\/www.europesays.com\/fr\/wp-json\/wp\/v2\/posts\/205032\/revisions"}],"wp:featuredmedia":[{"embeddable":true,"href":"https:\/\/www.europesays.com\/fr\/wp-json\/wp\/v2\/media\/205033"}],"wp:attachment":[{"href":"https:\/\/www.europesays.com\/fr\/wp-json\/wp\/v2\/media?parent=205032"}],"wp:term":[{"taxonomy":"category","embeddable":true,"href":"https:\/\/www.europesays.com\/fr\/wp-json\/wp\/v2\/categories?post=205032"},{"taxonomy":"post_tag","embeddable":true,"href":"https:\/\/www.europesays.com\/fr\/wp-json\/wp\/v2\/tags?post=205032"}],"curies":[{"name":"wp","href":"https:\/\/api.w.org\/{rel}","templated":true}]}}