{"id":205038,"date":"2025-06-26T05:38:09","date_gmt":"2025-06-26T05:38:09","guid":{"rendered":"https:\/\/www.europesays.com\/fr\/205038\/"},"modified":"2025-06-26T05:38:09","modified_gmt":"2025-06-26T05:38:09","slug":"apres-des-orages-meurtriers-la-vigilance-orange-est-levee-partout","status":"publish","type":"post","link":"https:\/\/www.europesays.com\/fr\/205038\/","title":{"rendered":"Apr\u00e8s des orages meurtriers, la vigilance orange est lev\u00e9e partout"},"content":{"rendered":"<p>La situation m\u00e9t\u00e9orologique s\u2019am\u00e9liore ce jeudi en France. Alors que jusqu\u2019\u00e0 58 d\u00e9partements avaient \u00e9t\u00e9 plac\u00e9s en vigilance orange pour des <a href=\"https:\/\/www.20minutes.fr\/societe\/orage\/\" target=\"_blank\" class=\"color-ultramarine c-link\" rel=\"noopener\">orages<\/a> mercredi, plus aucun d\u00e9partement n\u2019est dans cette situation dans le bulletin de 06 heures de <a href=\"https:\/\/www.20minutes.fr\/dossier\/meteo_france\" target=\"_blank\" class=\"color-ultramarine c-link\" rel=\"noopener\">M\u00e9t\u00e9o-France<\/a>.<\/p>\n<p>De tr\u00e8s nombreux d\u00e9partements, \u00e0 l\u2019est d\u2019une ligne allant de la Seine-Maritime aux Bouches-du-Rh\u00f4ne, sont par contre en vigilance jaune orages. Cette m\u00eame couleur est utilis\u00e9e pour une alerte <a href=\"https:\/\/www.20minutes.fr\/dossier\/canicule\" target=\"_blank\" class=\"color-ultramarine c-link\" rel=\"noopener\">canicule<\/a> dans le Rh\u00f4ne, l\u2019Is\u00e8re, la Drome, le Vaucluse, le Gard, l\u2019Ard\u00e8che et les Pyr\u00e9n\u00e9es-Orientales.<\/p>\n<p>Baisse des temp\u00e9ratures<\/p>\n<p>M\u00e9t\u00e9o-France annonce aussi une baisse notable des temp\u00e9ratures ce jeudi, apr\u00e8s l\u2019\u00e9pisode pluvio-orageux. Les fortes chaleurs ne concerneront plus alors que le pourtour m\u00e9diterran\u00e9en.<\/p>\n<\/p>\n<p>Mercredi, les orages d\u2019une intensit\u00e9 exceptionnelle ont fait au moins deux morts dont un adolescent de 12 ans. Il a \u00e9t\u00e9 tu\u00e9 par la chute d\u2019un arbre pr\u00e8s de Montauban. En Mayenne, un homme de 59 ans est mort apr\u00e8s avoir percut\u00e9 un arbre tomb\u00e9 sur la route.<\/p>\n<p><a href=\"https:\/\/www.20minutes.fr\/planete\/\" target=\"_blank\" class=\"c-link c-btn c-btn--primary\" rel=\"noopener\">Notre dossier Plan\u00e8te<\/a><\/p>\n<p>Les intemp\u00e9ries ont aussi caus\u00e9 de nombreux d\u00e9g\u00e2ts mat\u00e9riels, notamment dans le Sud-Ouest avec des gr\u00ealons \u00ab\u00a0gros comme des \u0153ufs\u00a0\u00bb. \u00c0 Paris, un violent orage a provoqu\u00e9 des rafales de vent atteignant 112\u00a0km\/h, des chutes d\u2019arbres et des perturbations, notamment l\u2019interruption du trafic sur la ligne 14 du m\u00e9tro et une suspension temporaire des d\u00e9bats \u00e0 l\u2019Assembl\u00e9e nationale en raison d\u2019une fuite d\u2019eau. Au total, plus de 34.000 \u00e9clairs ont \u00e9t\u00e9 recens\u00e9s sur l\u2019ensemble du pays.<\/p>\n","protected":false},"excerpt":{"rendered":"La situation m\u00e9t\u00e9orologique s\u2019am\u00e9liore ce jeudi en France. Alors que jusqu\u2019\u00e0 58 d\u00e9partements avaient \u00e9t\u00e9 plac\u00e9s en vigilance&hellip;\n","protected":false},"author":2,"featured_media":205039,"comment_status":"","ping_status":"","sticky":false,"template":"","format":"standard","meta":{"footnotes":""},"categories":[4],"tags":[47,11,6698,1011,27,3059,2357,12,4594,25,104,133],"class_list":{"0":"post-205038","1":"post","2":"type-post","3":"status-publish","4":"format-standard","5":"has-post-thumbnail","7":"category-france","8":"tag-actualite","9":"tag-actualites","10":"tag-canicule","11":"tag-fr","12":"tag-france","13":"tag-intemperies","14":"tag-meteo-france","15":"tag-news","16":"tag-orages","17":"tag-republique-francaise","18":"tag-societe","19":"tag-video"},"share_on_mastodon":{"url":"https:\/\/pubeurope.com\/@fr\/114748057432185523","error":""},"_links":{"self":[{"href":"https:\/\/www.europesays.com\/fr\/wp-json\/wp\/v2\/posts\/205038","targetHints":{"allow":["GET"]}}],"collection":[{"href":"https:\/\/www.europesays.com\/fr\/wp-json\/wp\/v2\/posts"}],"about":[{"href":"https:\/\/www.europesays.com\/fr\/wp-json\/wp\/v2\/types\/post"}],"author":[{"embeddable":true,"href":"https:\/\/www.europesays.com\/fr\/wp-json\/wp\/v2\/users\/2"}],"replies":[{"embeddable":true,"href":"https:\/\/www.europesays.com\/fr\/wp-json\/wp\/v2\/comments?post=205038"}],"version-history":[{"count":0,"href":"https:\/\/www.europesays.com\/fr\/wp-json\/wp\/v2\/posts\/205038\/revisions"}],"wp:featuredmedia":[{"embeddable":true,"href":"https:\/\/www.europesays.com\/fr\/wp-json\/wp\/v2\/media\/205039"}],"wp:attachment":[{"href":"https:\/\/www.europesays.com\/fr\/wp-json\/wp\/v2\/media?parent=205038"}],"wp:term":[{"taxonomy":"category","embeddable":true,"href":"https:\/\/www.europesays.com\/fr\/wp-json\/wp\/v2\/categories?post=205038"},{"taxonomy":"post_tag","embeddable":true,"href":"https:\/\/www.europesays.com\/fr\/wp-json\/wp\/v2\/tags?post=205038"}],"curies":[{"name":"wp","href":"https:\/\/api.w.org\/{rel}","templated":true}]}}