{"id":205040,"date":"2025-06-26T05:39:10","date_gmt":"2025-06-26T05:39:10","guid":{"rendered":"https:\/\/www.europesays.com\/fr\/205040\/"},"modified":"2025-06-26T05:39:10","modified_gmt":"2025-06-26T05:39:10","slug":"tabac-allocation-chomage-arrets-de-travail-ce-qui-change-en-juillet-2025","status":"publish","type":"post","link":"https:\/\/www.europesays.com\/fr\/205040\/","title":{"rendered":"Tabac, allocation ch\u00f4mage, arr\u00eats de travail&#8230; Ce qui change en Juillet 2025"},"content":{"rendered":"<p>Ce 1er juillet, de nouvelles r\u00e9formes vont entrer en vigueur, comme chaque mois. Du travail \u00e0 la sant\u00e9, en passant par l\u2019\u00e9nergie, le Figaro r\u00e9sume ces principaux changements.<\/p>\n<p class=\"fig-paragraph\">Comme tous les ans, le passage de juin \u00e0 juillet est marqu\u00e9 par l\u2019entr\u00e9e en vigueur d\u2019un nombre cons\u00e9quent de nouvelles mesures gouvernementales. Voici les principales r\u00e9formes \u00e0 retenir.<\/p>\n<p><strong>Vers une \u00abg\u00e9n\u00e9ration sans tabac\u00bb\u00a0: extension des zones non-fumeurs<\/strong><\/p>\n<p class=\"fig-paragraph\">D\u00e8s le 1er juillet, fumer sera interdit dans de nouveaux lieux publics. Les parcs, les abribus, les abords des \u00e9coles, les biblioth\u00e8ques en plein air ainsi que les installations sportives comme les stades et piscines seront d\u00e9sormais des zones sans tabac. Cette mesure s\u2019inscrit dans une d\u00e9marche gouvernementale de protection des jeunes. L\u2019objectif principal, d\u2019apr\u00e8s le minist\u00e8re de la Sant\u00e9, est d\u2019aller vers une\u00a0<a href=\"http:\/\/www.lefigaro.fr\/actualite-france\/rendre-illegal-l-achat-de-tabac-pour-toute-une-generation-serait-ce-possible-en-france-20240417\" data-fig-type=\"Article\" data-gtm-custom-categorie=\"navigation\" data-gtm-custom-action=\"crossclick\" data-gtm-custom-label=\"Contextuel\" data-gtm-event=\"customEventSPE\" data-fig-domain=\"LEFIGARO\" target=\"_blank\" rel=\"noopener\">\u00abg\u00e9n\u00e9ration sans tabac\u00bb<\/a> .<\/p>\n<p class=\"fig-paragraph\">Pour rappel, fumer dans un lieu \u00e0 usage collectif, en dehors de l\u2019emplacement r\u00e9serv\u00e9 \u00e0 cet effet, est puni d\u2019une amende pouvant aller jusqu\u2019\u00e0 450 euros.<\/p>\n<p><strong>Revalorisation de l\u2019allocation-ch\u00f4mage<\/strong><\/p>\n<p class=\"fig-paragraph\">Les<a href=\"http:\/\/www.lefigaro.fr\/social\/allocations-chomage-france-travail-lance-un-simulateur-pour-evaluer-les-montants-des-aides-20240307\" data-fig-type=\"NewsFlash\" data-gtm-custom-categorie=\"navigation\" data-gtm-custom-action=\"crossclick\" data-gtm-custom-label=\"Contextuel\" data-gtm-event=\"customEventSPE\" data-fig-domain=\"LEFIGARO\" target=\"_blank\" rel=\"noopener\">\u00a0allocations-ch\u00f4mage<\/a>\u00a0vont \u00eatre revaloris\u00e9es de 0,5% au 1er juillet, a indiqu\u00e9 ce mercredi 25 juin l\u2019Un\u00e9dic qui pr\u00e9cise que \u00ab2,1 millions d\u2019allocataires sont concern\u00e9s\u00bb. L\u2019allocation minimale passe ainsi de 31,97 euros par jour \u00e0 32,13 euros. Cette d\u00e9cision r\u00e9pond \u00e0 la n\u00e9cessit\u00e9 de pr\u00e9server \u00abl\u2019\u00e9quilibre financier du r\u00e9gime\u00bb, d\u2019apr\u00e8s l\u2019organisme.<\/p>\n<p class=\"fig-paragraph\">En France, les salari\u00e9s sont assur\u00e9s contre le risque ch\u00f4mage, mais tous les demandeurs d\u2019emploi ne touchent pas d\u2019indemnit\u00e9s. D\u00e9but 2024, 40% des demandeurs d\u2019emploi inscrits \u00e0<a href=\"http:\/\/www.lefigaro.fr\/social\/chomage-les-nouvelles-regles-de-france-travail-font-s-envoler-le-nombre-de-demandeurs-d-emploi-20250428\" data-fig-type=\"NewsFlash\" data-gtm-custom-categorie=\"navigation\" data-gtm-custom-action=\"crossclick\" data-gtm-custom-label=\"Contextuel\" data-gtm-event=\"customEventSPE\" data-fig-domain=\"LEFIGARO\" target=\"_blank\" rel=\"noopener\">\u00a0France Travail<\/a>\u00a0\u00e9taient indemnis\u00e9s.<\/p>\n<p class=\"fig-body-link\">\n            \u00c0 lire aussi<br \/>\n        <a class=\"fig-body-link__link\" href=\"http:\/\/www.lefigaro.fr\/conjoncture\/les-allocations-chomage-revalorisees-de-0-5-au-1er-juillet-20250625\" data-fig-type=\"NewsFlash\" data-gtm-custom-categorie=\"navigation\" data-gtm-custom-action=\"crossclick\" data-gtm-custom-label=\"Contextuel\" data-gtm-event=\"customEventSPE\" data-fig-domain=\"LEFIGARO\" target=\"_blank\" rel=\"noopener\">Les allocations-ch\u00f4mage revaloris\u00e9es de 0,5 % au 1er juillet<br \/>\n    <\/a>\n<\/p>\n<p><strong>Renforcement de la protection des travailleurs soumis aux fortes chaleurs<\/strong><\/p>\n<p class=\"fig-paragraph\">En p\u00e9riode de\u00a0<a href=\"http:\/\/www.lefigaro.fr\/meteo\/canicule-16-departements-toujours-en-vigilance-orange-ce-samedi-20250621\" data-fig-type=\"NewsFlash\" data-gtm-custom-categorie=\"navigation\" data-gtm-custom-action=\"crossclick\" data-gtm-custom-label=\"Contextuel\" data-gtm-event=\"customEventSPE\" data-fig-domain=\"LEFIGARO\" target=\"_blank\" rel=\"noopener\">vigilance canicule<\/a>\u00a0(jaune, orange ou rouge), les employeurs devront d\u00e9sormais adapter l\u2019organisation au travail afin de veiller sur la sant\u00e9 et la s\u00e9curit\u00e9 de leurs salari\u00e9s. Ces adaptations exceptionnelles pourront prendre forme d\u2019horaires am\u00e9nag\u00e9s, de pauses renforc\u00e9es, de suspension de certaines t\u00e2ches ou encore de la mise en place de postes prot\u00e9g\u00e9s du soleil. En outre, 3 litres d\u2019eau par jour et par personne seront obligatoires \u00e0 compter du d\u00e9but du mois. \u00c0 noter que ces obligations s\u2019appliquent \u00e9galement dans les \u00e9tablissements scolaires, les universit\u00e9s ou les collectivit\u00e9s territoriales. Ces mesures interviennent en plein contexte de\u00a0<a href=\"http:\/\/www.lefigaro.fr\/sciences\/dossier\/lutte-rechauffement-climatique-planete-climat-changements-menace-oceans-transports-pollution-energie\" data-fig-type=\"Topic\" data-gtm-custom-categorie=\"navigation\" data-gtm-custom-action=\"crossclick\" data-gtm-custom-label=\"Contextuel\" data-gtm-event=\"customEventSPE\" data-fig-domain=\"LEFIGARO\" target=\"_blank\" rel=\"noopener\">changement climatique<\/a>\u00a0marqu\u00e9 par l\u2019acc\u00e9l\u00e9ration des vagues de chaleur, renfor\u00e7ant ainsi la protection des travailleurs face \u00e0 ce risque.<\/p>\n<p><strong>Apprentissage\u00a0: de nouvelles modalit\u00e9s de financement<\/strong><\/p>\n<p class=\"fig-paragraph\">Les employeurs devront d\u00e9sormais s\u2019acquitter d\u2019une r\u00e9mun\u00e9ration d\u2019au moins 750 euros pour tout type de contrat d\u2019apprentissage (d\u00e8s le bac+3). Concernant la prise en charge des frais de formation, elle sera \u00e0 pr\u00e9sent calcul\u00e9e en fonction des jours de formation des apprentis.<\/p>\n<p class=\"fig-paragraph\">Ce montant permettra de partager le co\u00fbt de la formation avec l\u2019\u00c9tat et de responsabiliser les entreprises dans le choix des formations. L\u2019\u00e9volution r\u00e9pond \u00e0 une croissance continue en France de<a href=\"http:\/\/www.lefigaro.fr\/conjoncture\/emploi-des-jeunes-apres-la-baisse-des-aides-coup-de-frein-redoute-dans-l-apprentissage-20250516\" data-fig-type=\"NewsFlash\" data-gtm-custom-categorie=\"navigation\" data-gtm-custom-action=\"crossclick\" data-gtm-custom-label=\"Contextuel\" data-gtm-event=\"customEventSPE\" data-fig-domain=\"LEFIGARO\" target=\"_blank\" rel=\"noopener\">\u00a0l\u2019apprentissage\u00a0<\/a>: en quelques ann\u00e9es, cette voie de formation est devenue une solution efficace aux enjeux d\u2019employabilit\u00e9 des jeunes et de recrutement pour les entreprises.<\/p>\n<p>Hausse du prix du gaz naturel<\/p>\n<p class=\"fig-paragraph\">Les foyers se chauffant au\u00a0<a href=\"http:\/\/www.lefigaro.fr\/conjoncture\/la-turquie-a-decouvert-un-nouveau-gisement-de-gaz-naturel-en-mer-noire-annonce-erdogan-20250517\" data-fig-type=\"NewsFlash\" data-gtm-custom-categorie=\"navigation\" data-gtm-custom-action=\"crossclick\" data-gtm-custom-label=\"Contextuel\" data-gtm-event=\"customEventSPE\" data-fig-domain=\"LEFIGARO\" target=\"_blank\" rel=\"noopener\">gaz naturel<\/a>\u00a0vont voir leur abonnement annuel changer \u00e0 compter de ce 1er juillet 2025, selon le prix rep\u00e8re de la Commission de r\u00e9gulation de l\u2019\u00e9nergie (CRE). L\u2019abonnement grimpe \u00e0 290,83 euros par an pour un usage chauffage (+13 euros environ). Pour l\u2019eau chaude\/cuisine, ce sera 117,93 euros par an (+3,63 euros). En revanche, le prix du kilowattheure consomm\u00e9 reste stable pour la majorit\u00e9 des contrats, minimisant l\u2019alourdissement de la facture \u00e9nerg\u00e9tique des m\u00e9nages. \u00abCette grille de prix se traduit, sous les hypoth\u00e8ses actuelles de consommation, par un prix rep\u00e8re moyen de <strong>95,47 euros\/MWh HT<\/strong>, soit <strong>136,36 euros\/MWh TTC<\/strong> tous consommateurs confondus\u00bb, pr\u00e9cise la CRE.<\/p>\n<p class=\"fig-paragraph\">Selon la Commission, cette hausse s\u2019explique par l\u2019\u00e9volution des tarifs d\u2019acheminement, et touche principalement la part fixe de la facture.<\/p>\n<p><strong>Un nouveau formulaire pour les arr\u00eats de travail<\/strong><\/p>\n<p class=\"fig-paragraph\">Pour\u00a0<a href=\"http:\/\/www.lefigaro.fr\/social\/fraude-aux-arrets-de-travail-l-assurance-maladie-deploie-un-nouveau-formulaire-mieux-securise-le-1er-juillet-20250624\" data-fig-type=\"NewsFlash\" data-gtm-custom-categorie=\"navigation\" data-gtm-custom-action=\"crossclick\" data-gtm-custom-label=\"Contextuel\" data-gtm-event=\"customEventSPE\" data-fig-domain=\"LEFIGARO\" target=\"_blank\" rel=\"noopener\">lutter contre la fraude<\/a>, les r\u00e9formes France 2025 pr\u00e9voient l\u2019instauration d\u2019un nouveau formulaire Cerfa d\u00e8s le 1er juillet. Dot\u00e9 de dispositifs de s\u00e9curit\u00e9 renforc\u00e9s (papier sp\u00e9cial, une \u00e9tiquette holographique, une encre magn\u00e9tique), ce document facilitera les v\u00e9rifications d\u2019authenticit\u00e9 par l\u2019Assurance maladie et les employeurs.<\/p>\n<p class=\"fig-paragraph\">Cette mesure fait suite \u00e0 de nombreuses d\u00e9rives dans le pass\u00e9. \u00abEn 2024, le pr\u00e9judice financier d\u00e9tect\u00e9 par l\u2019Assurance Maladie au titre des faux arr\u00eats de travail s\u2019est \u00e9lev\u00e9 \u00e0 plus de 30 millions d\u2019euros (contre 8 millions en 2023)\u00bb, selon le gouvernement.<\/p>\n","protected":false},"excerpt":{"rendered":"Ce 1er juillet, de nouvelles r\u00e9formes vont entrer en vigueur, comme chaque mois. Du travail \u00e0 la sant\u00e9,&hellip;\n","protected":false},"author":2,"featured_media":205041,"comment_status":"","ping_status":"","sticky":false,"template":"","format":"standard","meta":{"footnotes":""},"categories":[2],"tags":[339,11,340,343,345,350,130,344,352,349,33,341,313,1011,27,418,346,342,353,420,351,347,12,348,34389,354],"class_list":{"0":"post-205040","1":"post","2":"type-post","3":"status-publish","4":"format-standard","5":"has-post-thumbnail","7":"category-actualites","8":"tag-actualite-economique","9":"tag-actualites","10":"tag-bourse","11":"tag-cac-40","12":"tag-chef-dentreprise","13":"tag-concurrence","14":"tag-consommation","15":"tag-creation-dentreprise","16":"tag-crise","17":"tag-delocalisations","18":"tag-economie","19":"tag-emploi","20":"tag-entreprises","21":"tag-fr","22":"tag-france","23":"tag-gouvernement","24":"tag-grands-patrons","25":"tag-impots","26":"tag-licenciements","27":"tag-loi","28":"tag-monopole","29":"tag-multinationales","30":"tag-news","31":"tag-privatisation","32":"tag-reformes","33":"tag-unio"},"share_on_mastodon":{"url":"https:\/\/pubeurope.com\/@fr\/114748061431848048","error":""},"_links":{"self":[{"href":"https:\/\/www.europesays.com\/fr\/wp-json\/wp\/v2\/posts\/205040","targetHints":{"allow":["GET"]}}],"collection":[{"href":"https:\/\/www.europesays.com\/fr\/wp-json\/wp\/v2\/posts"}],"about":[{"href":"https:\/\/www.europesays.com\/fr\/wp-json\/wp\/v2\/types\/post"}],"author":[{"embeddable":true,"href":"https:\/\/www.europesays.com\/fr\/wp-json\/wp\/v2\/users\/2"}],"replies":[{"embeddable":true,"href":"https:\/\/www.europesays.com\/fr\/wp-json\/wp\/v2\/comments?post=205040"}],"version-history":[{"count":0,"href":"https:\/\/www.europesays.com\/fr\/wp-json\/wp\/v2\/posts\/205040\/revisions"}],"wp:featuredmedia":[{"embeddable":true,"href":"https:\/\/www.europesays.com\/fr\/wp-json\/wp\/v2\/media\/205041"}],"wp:attachment":[{"href":"https:\/\/www.europesays.com\/fr\/wp-json\/wp\/v2\/media?parent=205040"}],"wp:term":[{"taxonomy":"category","embeddable":true,"href":"https:\/\/www.europesays.com\/fr\/wp-json\/wp\/v2\/categories?post=205040"},{"taxonomy":"post_tag","embeddable":true,"href":"https:\/\/www.europesays.com\/fr\/wp-json\/wp\/v2\/tags?post=205040"}],"curies":[{"name":"wp","href":"https:\/\/api.w.org\/{rel}","templated":true}]}}