{"id":205042,"date":"2025-06-26T05:40:11","date_gmt":"2025-06-26T05:40:11","guid":{"rendered":"https:\/\/www.europesays.com\/fr\/205042\/"},"modified":"2025-06-26T05:40:11","modified_gmt":"2025-06-26T05:40:11","slug":"cette-rue-pose-de-gros-problemes-aux-habitants","status":"publish","type":"post","link":"https:\/\/www.europesays.com\/fr\/205042\/","title":{"rendered":"cette rue pose de gros probl\u00e8mes aux habitants"},"content":{"rendered":"<p>            Par<br \/>\n        <strong><br \/>\n            <a href=\"https:\/\/actu.fr\/auteur\/mathias-souteyrat\" title=\"Consulter tous les articles de Mathias Souteyrat\" target=\"_blank\" rel=\"noopener\">Mathias Souteyrat<\/a><br \/>\n        <\/strong><\/p>\n<p>        Publi\u00e9 le<\/p>\n<p>            26 juin 2025 \u00e0 6h32        <\/p>\n<p>\u00ab\u2009Je ne vais pas me laisser faire.\u2009\u00bb Alexandre (*), 34\u00a0ans, est propri\u00e9taire depuis 2020 de deux appartements de la rue Antoine-Durafour, quartier Saint-Roch, pr\u00e8s de Centre-Deux, \u00e0 <a href=\"https:\/\/actu.fr\/saint-etienne\/\" target=\"_blank\" rel=\"noopener\">Saint-Etienne<\/a>. Bruit, \u00e9piceries\/fast-food ouverts toute la nuit, point de deal, coups de couteau, voire des tirs d\u2019arme \u00e0 feu\u2026 \u00ab\u2009Je ne comprends pas ce qui se passe dans la rue. Je me dis qu\u2019il ne se passe rien car tout le monde sait, mais rien n\u2019est fait.\u2009\u00bb<\/p>\n<p>\u00ab\u2009C\u2019est mal fr\u00e9quent\u00e9, les filles se font parfois suivre en rentrant la nuit\u2009\u00bb<\/p>\n<p class=\" wall-content\">Le bailleur loue un de ses deux appartements\u2026 \u00e0 des locataires qui ne restent que quelques mois \u00e0 cause des nuisances. \u00ab\u2009C\u2019est mal fr\u00e9quent\u00e9. Les filles se font parfois suivre en rentrant la nuit. Ce n\u2019est jamais agr\u00e9able.\u2009\u00bb<\/p>\n<p class=\" wall-content\">Travailleur occasionnel sur Saint-Etienne, Alexandre utilisait son deuxi\u00e8me appartement, situ\u00e9 aussi dans cette rue, pour dormir, le temps d\u2019une nuit, apr\u00e8s une journ\u00e9e de travail.<\/p>\n<blockquote class=\"ac-article-quote wall-content\">\n<p>Je n\u2019y vais plus. Je n\u2019ai plus envie. Le bruit des \u00e9piceries et des gens qui viennent se poser devant, ce n\u2019est plus possible cette vie nocturne.\u00a0On est r\u00e9veill\u00e9 toutes les 2\/3 heures. C\u2019est un bordel \u00e0 ciel ouvert.<\/p>\n<p>    <strong>Alexandre<\/strong><br \/>\n        Habitant de la rue Antoine-Durafour    <\/p><\/blockquote>\n<p>    <img   decoding=\"async\" loading=\"lazy\" src=\"https:\/\/www.europesays.com\/fr\/wp-content\/uploads\/2025\/06\/whatsapp-image-2025-06-23-a-162105-d81e086f-960x640.jpg\" alt=\"Les \u00e9piceries ouvertes la nuit et les bruits dans la rue deviennent invivables pour les riverains.\" width=\"960\" height=\"640\"\/><br \/>\n    L\u2019arr\u00eat\u00e9 pr\u00e9fectoral portant sur l\u2019interdiction de la vente d\u2019alcool \u00e0 partir de 22 heures n\u2019a, selon le riverain, rien chang\u00e9.\u00a0(\u00a9Photos transmises \u00e0 actu.fr)<\/p>\n<p class=\" wall-content\">L\u2019arr\u00eat\u00e9 pr\u00e9fectoral portant sur <a href=\"https:\/\/actu.fr\/auvergne-rhone-alpes\/saint-etienne_42218\/loire-face-a-l-augmentation-de-ces-infractions-une-nouvelle-regle-entre-en-vigueur_62540412.html\" target=\"_blank\" rel=\"noopener\">l\u2019interdiction de la vente d\u2019alcool<\/a> \u00e0 partir de 22\u00a0heures n\u2019a, selon le riverain, rien chang\u00e9. Tout comme les quelques op\u00e9rations de d\u00e9mant\u00e8lement des points de deal.<\/p>\n<p class=\" wall-content\">\u00ab\u2009Un coup de com\u2019 et d\u2019\u00e9clats\u2009\u00bb, pour lui, qui demande une fermeture d\u00e9finitive de ces commerces. \u00ab\u2009M\u00eame lors des fermetures administratives, on voyait la lumi\u00e8re derri\u00e8re les rideaux baiss\u00e9s.\u2009\u00bb<\/p>\n<p>Une vaste op\u00e9ration de contr\u00f4le le 16 mai<\/p>\n<p>Le vendredi 16 mai au soir \u00e0 Saint-\u00c9tienne, les agents de la police nationale ont men\u00e9 une op\u00e9ration de contr\u00f4le dans le secteur de la rue Antoine-Durafour, en pr\u00e9sence d&rsquo;Alexandre Rochatte, pr\u00e9fet de la Loire, et d&rsquo;Anne Gaches, procureure de la R\u00e9publique, d&rsquo;Adrien Sperry, directeur de cabinet, et d&rsquo;Yves Cellier, directeur interd\u00e9partemental de la police nationale dans la Loire. <\/p>\n<p>Ces op\u00e9rations de s\u00e9curisation, engag\u00e9es depuis le d\u00e9but de la semaine sur cette rue, s\u2019inscrivent dans le cadre du Plan d\u2019action d\u00e9partemental de restauration de la s\u00e9curit\u00e9 du quotidien. Deux des priorit\u00e9s du plan sont ici mises en \u0153uvre :<br \/>&#8211; lutter contre le trafic de stup\u00e9fiants,<br \/>&#8211; pr\u00e9venir les troubles \u00e0 la tranquillit\u00e9 publique, notamment caus\u00e9s par les \u00e9tablissements ouverts la nuit.<\/p>\n<p>Voir toutFermer les commerces apr\u00e8s 22\u00a0heures\u2009: une solution\u2009?<\/p>\n<p class=\" wall-content\">\u00ab\u2009Les patrouilles de la police sont r\u00e9guli\u00e8res sur le secteur\u2009\u00bb, assurent les services de la pr\u00e9fecture. L\u2019\u00c9tat souhaite que les commerces ferment apr\u00e8s 22\u00a0heures. Une disposition et comp\u00e9tence que peut prendre la mairie. La municipalit\u00e9 n\u2019a pas encore r\u00e9pondu \u00e0 notre demande sur cette question.<\/p>\n<p class=\" wall-content\">Pour la police lig\u00e9rienne, il y a une \u00ab\u2009nette am\u00e9lioration de la situation depuis quelques mois\u2009\u00bb.<\/p>\n<p class=\" wall-content\">\u00ab\u2009Tous les jours, on y est (des patrouilles de police)\u2009\u00bb, nous signale <a href=\"https:\/\/actu.fr\/auvergne-rhone-alpes\/saint-etienne_42218\/saint-etienne-insecurite-voitures-desossees-le-patron-de-la-police-repond_62357696.html#:~:text=Yves%20Cellier%2C%20nouveau%20patron%20de,a%20r%C3%A9pondu%20%C3%A0%20nos%20questions.&amp;text=2025%20%C3%A0%2015h02-,Yves%20Cellier%20est%20devenu%20officiellement%20le%20directeur%20interd%C3%A9partemental%20de%20la,Loire%20lundi%203%20mars%202025.\" target=\"_blank\" rel=\"noopener\">Yves Cellier, patron de la police st\u00e9phanoise<\/a>. \u00ab\u2009Le principal probl\u00e8me, ce sont les gens qui discutent devant les \u00e9piceries\/fast-food, perturbant la tranquillit\u00e9 publique. L\u00e0, il faut trouver des solutions.\u2009\u00bb<\/p>\n<p>Trois cam\u00e9ras de vid\u00e9o-protection dans la rue<br \/>\n    <img   decoding=\"async\" loading=\"lazy\" src=\"https:\/\/www.europesays.com\/fr\/wp-content\/uploads\/2025\/06\/whatsapp-image-2025-06-23-a-155024-61d61db5-960x640.jpg\" alt=\"Des vols \u00e0 la roulotte dans la rue Antoine Durafour \u00e0 Saint-Etienne\" width=\"960\" height=\"640\"\/><br \/>\n    Des vols \u00e0 la roulotte dans la rue Antoine-Durafour \u00e0 Saint-Etienne. (\u00a9Photos transmises \u00e0 actu.fr)<\/p>\n<p class=\" wall-content\">Alexandre a bien eu des \u00e9changes avec des membres de la mairie, sans grand changement non plus. En juin\u00a02023, il a pris la plume pour demander des actions au directeur de la police st\u00e9phanoise.<\/p>\n<p class=\" wall-content\">Trois cam\u00e9ras de vid\u00e9o protection sont install\u00e9es sur le lin\u00e9aire de la rue Durafour, pr\u00e9cise le directeur de la police.<\/p>\n<p>    <img   decoding=\"async\" loading=\"lazy\" src=\"https:\/\/www.europesays.com\/fr\/wp-content\/uploads\/2025\/06\/whatsapp-image-2025-06-23-a-155028-b0d8c735-720x640.jpg\" alt=\"Des vols \u00e0 la roulotte dans la rue Antoine Durafour \u00e0 Saint-Etienne\" width=\"720\" height=\"640\"\/><br \/>\n    Des voitures cass\u00e9es dans la rue Antoine-Durafour \u00e0 Saint-Etienne. (\u00a9Photos transmises \u00e0 actu.fr)<\/p>\n<p class=\" wall-content\">R\u00e9cemment, Alexandre a cr\u00e9\u00e9 un collectif sur les r\u00e9seaux sociaux et publi\u00e9 une p\u00e9tition pour documenter les incivilit\u00e9s et faire vraiment bouger les choses.<\/p>\n<p class=\" wall-content\">Une dizaine de riverains l\u2019ont sollicit\u00e9 pour partager les images de leurs voitures cass\u00e9es ou des bagarres dans la rue.<\/p>\n<p>\u00ab\u2009Je veux que cette rue devienne vivable\u2009\u00bb<br \/>\n    <img   decoding=\"async\" loading=\"lazy\" src=\"https:\/\/www.europesays.com\/fr\/wp-content\/uploads\/2025\/06\/whatsapp-image-2025-06-23-a-162245-5147a4ef-960x640.jpg\" alt=\"\" width=\"960\" height=\"640\"\/><br \/>\n    \u00ab\u2009C\u2019est sale, avec des bi\u00e8res partout par terre, on ne peut plus sortir les poubelles.\u2009\u00bb (\u00a9Photos transmises \u00e0 actu.fr)<\/p>\n<p class=\" wall-content\">Alexandre d\u00e9nonce \u00e9galement la salet\u00e9 \u00ab\u00a0avec des bi\u00e8res partout par terre et les cartons des commer\u00e7ants. Parfois, on ne peut plus sortir les poubelles.\u2009\u00bb<\/p>\n<p class=\" wall-content\">\u00ab\u2009J\u2019\u00e9tais au courant des probl\u00e8mes quand j\u2019ai achet\u00e9 ici, tient-il \u00e0 rappeler. Mais il est hors de question que je revende ces appartements. Je ne veux pas partir. J\u2019y crois. Je veux que cette rue (re) devienne vivable.\u2009\u00bb<\/p>\n<p>(*) Nom d\u2019emprunt pour respecter son anonymat<\/p>\n<p class=\" wall-content\">Suivez toute l\u2019actualit\u00e9 de vos villes et m\u00e9dias favoris en vous inscrivant \u00e0 <a href=\"https:\/\/moncompte.actu.fr\" title=\"D\u00e9couvez Mon Actu\" rel=\"nofollow noopener\" data-trk=\"{&quot;cta&quot;:{&quot;action&quot;:&quot;https:\\\/\\\/moncompte.actu.fr&quot;,&quot;category&quot;:&quot;mon compte&quot;,&quot;from&quot;:&quot;article footer&quot;,&quot;name&quot;:&quot;Mon actu&quot;,&quot;type&quot;:&quot;cta&quot;}}\" target=\"_blank\">Mon Actu<\/a>.<\/p>\n","protected":false},"excerpt":{"rendered":"Par Mathias Souteyrat Publi\u00e9 le 26 juin 2025 \u00e0 6h32 \u00ab\u2009Je ne vais pas me laisser faire.\u2009\u00bb Alexandre&hellip;\n","protected":false},"author":2,"featured_media":205043,"comment_status":"","ping_status":"","sticky":false,"template":"","format":"standard","meta":{"footnotes":""},"categories":[9653],"tags":[1111,11,2430,215,1777,674,1011,27,2825,12,1072,25,4001,104],"class_list":{"0":"post-205042","1":"post","2":"type-post","3":"status-publish","4":"format-standard","5":"has-post-thumbnail","7":"category-saint-etienne","8":"tag-actu","9":"tag-actualites","10":"tag-auvergne-rhone-alpes","11":"tag-commerce","12":"tag-eu","13":"tag-europe","14":"tag-fr","15":"tag-france","16":"tag-insecurite","17":"tag-news","18":"tag-police","19":"tag-republique-francaise","20":"tag-saint-etienne","21":"tag-societe"},"share_on_mastodon":{"url":"https:\/\/pubeurope.com\/@fr\/114748065445049134","error":""},"_links":{"self":[{"href":"https:\/\/www.europesays.com\/fr\/wp-json\/wp\/v2\/posts\/205042","targetHints":{"allow":["GET"]}}],"collection":[{"href":"https:\/\/www.europesays.com\/fr\/wp-json\/wp\/v2\/posts"}],"about":[{"href":"https:\/\/www.europesays.com\/fr\/wp-json\/wp\/v2\/types\/post"}],"author":[{"embeddable":true,"href":"https:\/\/www.europesays.com\/fr\/wp-json\/wp\/v2\/users\/2"}],"replies":[{"embeddable":true,"href":"https:\/\/www.europesays.com\/fr\/wp-json\/wp\/v2\/comments?post=205042"}],"version-history":[{"count":0,"href":"https:\/\/www.europesays.com\/fr\/wp-json\/wp\/v2\/posts\/205042\/revisions"}],"wp:featuredmedia":[{"embeddable":true,"href":"https:\/\/www.europesays.com\/fr\/wp-json\/wp\/v2\/media\/205043"}],"wp:attachment":[{"href":"https:\/\/www.europesays.com\/fr\/wp-json\/wp\/v2\/media?parent=205042"}],"wp:term":[{"taxonomy":"category","embeddable":true,"href":"https:\/\/www.europesays.com\/fr\/wp-json\/wp\/v2\/categories?post=205042"},{"taxonomy":"post_tag","embeddable":true,"href":"https:\/\/www.europesays.com\/fr\/wp-json\/wp\/v2\/tags?post=205042"}],"curies":[{"name":"wp","href":"https:\/\/api.w.org\/{rel}","templated":true}]}}