{"id":205044,"date":"2025-06-26T05:41:14","date_gmt":"2025-06-26T05:41:14","guid":{"rendered":"https:\/\/www.europesays.com\/fr\/205044\/"},"modified":"2025-06-26T05:41:14","modified_gmt":"2025-06-26T05:41:14","slug":"circulation-la47-sera-fermee-pendant-quatre-nuits-entre-saint-etienne-et-lyon-cet-ete","status":"publish","type":"post","link":"https:\/\/www.europesays.com\/fr\/205044\/","title":{"rendered":"Circulation. L\u2019A47 sera ferm\u00e9e pendant quatre nuits entre Saint-\u00c9tienne et Lyon cet \u00e9t\u00e9"},"content":{"rendered":"<p>Pendant quatre nuits des mois de juillet et ao\u00fbt, l\u2019A47 sera coup\u00e9e dans le sens Saint-Etienne\/Lyon. La raison\u00a0? Des travaux de s\u00e9curisation entre les \u00e9changeurs n\u00b010 Givors-Ouest et n\u00b09.1 Givors-Les Plaines.\u00a0Cette op\u00e9ration, pr\u00e9vue pour durer jusqu\u2019au 10\u00a0ao\u00fbt, vise \u00e0 cr\u00e9er un refuge en am\u00e9nageant la bande d\u2019arr\u00eat d\u2019urgence sur la section courante.<\/p>\n<p>  Un arr\u00eat en cas d\u2019urgence<\/p>\n<p>Des travaux compl\u00e9mentaires seront \u00e9galement effectu\u00e9s, dont le terrassement du refuge, la r\u00e9alisation d\u2019un r\u00e9seau d\u2019assainissement pour les eaux pluviales, ainsi que la mise en place de dispositifs de retenue de s\u00e9curit\u00e9. L\u2019objectif de ce chantier est de renforcer la s\u00e9curit\u00e9 des usagers en permettant un arr\u00eat d\u2019urgence en cas de panne, avant d\u2019atteindre la zone du viaduc, souvent embouteill\u00e9e.<\/p>\n<p>La premi\u00e8re fermeture interviendra dans la nuit <strong>du jeudi 3\u00a0juillet au vendredi 4\u00a0juillet<\/strong> de 20h30 \u00e0 5h30. Les suivantes sont pr\u00e9vues dans la nuit <strong>du lundi\u00a028 au mardi 29\u00a0juillet<\/strong> , <strong>du mercredi\u00a030 au jeudi 31\u00a0juillet<\/strong> et la nuit <strong>du lundi\u00a04 au mardi 5\u00a0ao\u00fbt <\/strong> aux m\u00eames horaires.<\/p>\n<p>  Une d\u00e9viation mise en place<\/p>\n<p>La circulation sera donc interrompue entre l\u2019\u00e9changeur n\u00b010 Givors-Ouest et n\u00b09.1 Givors-Les Plaines, dans le sens Saint-Etienne\/Lyon. Un itin\u00e9raire de d\u00e9viation sera mis en place.<\/p>\n<p>Les usagers souhaitant emprunter l\u2019A47 en direction de Lyon devront emprunter la bretelle de sortie au niveau de l\u2019\u00e9changeur n\u00b010 \u00ab\u00a0Givors &#8211; Ouest\u00a0\u00bb, suivre la rue de la Paix, emprunter la RD 2 puis la RD 386 afin de rejoindre l\u2019autoroute A47 au niveau de l\u2019\u00e9changeur n\u00b09.1 \u00ab\u00a0Givors &#8211; Les Plaines\u00a0\u00bb.<\/p>\n","protected":false},"excerpt":{"rendered":"Pendant quatre nuits des mois de juillet et ao\u00fbt, l\u2019A47 sera coup\u00e9e dans le sens Saint-Etienne\/Lyon. La raison\u00a0?&hellip;\n","protected":false},"author":2,"featured_media":205045,"comment_status":"","ping_status":"","sticky":false,"template":"","format":"standard","meta":{"footnotes":""},"categories":[9653],"tags":[1111,11,2430,4749,3542,33,7539,3154,1777,674,107,1011,27,19625,22961,3367,12,25,2429,4001,2803],"class_list":{"0":"post-205044","1":"post","2":"type-post","3":"status-publish","4":"format-standard","5":"has-post-thumbnail","7":"category-saint-etienne","8":"tag-actu","9":"tag-actualites","10":"tag-auvergne-rhone-alpes","11":"tag-btp-et-chantiers","12":"tag-circulation","13":"tag-economie","14":"tag-edition-loire-sud","15":"tag-edition-sud-lyonnais","16":"tag-eu","17":"tag-europe","18":"tag-fil-info","19":"tag-fr","20":"tag-france","21":"tag-givors","22":"tag-givors-bassin","23":"tag-loire","24":"tag-news","25":"tag-republique-francaise","26":"tag-rhone","27":"tag-saint-etienne","28":"tag-transport"},"share_on_mastodon":{"url":"https:\/\/pubeurope.com\/@fr\/114748069267958755","error":""},"_links":{"self":[{"href":"https:\/\/www.europesays.com\/fr\/wp-json\/wp\/v2\/posts\/205044","targetHints":{"allow":["GET"]}}],"collection":[{"href":"https:\/\/www.europesays.com\/fr\/wp-json\/wp\/v2\/posts"}],"about":[{"href":"https:\/\/www.europesays.com\/fr\/wp-json\/wp\/v2\/types\/post"}],"author":[{"embeddable":true,"href":"https:\/\/www.europesays.com\/fr\/wp-json\/wp\/v2\/users\/2"}],"replies":[{"embeddable":true,"href":"https:\/\/www.europesays.com\/fr\/wp-json\/wp\/v2\/comments?post=205044"}],"version-history":[{"count":0,"href":"https:\/\/www.europesays.com\/fr\/wp-json\/wp\/v2\/posts\/205044\/revisions"}],"wp:featuredmedia":[{"embeddable":true,"href":"https:\/\/www.europesays.com\/fr\/wp-json\/wp\/v2\/media\/205045"}],"wp:attachment":[{"href":"https:\/\/www.europesays.com\/fr\/wp-json\/wp\/v2\/media?parent=205044"}],"wp:term":[{"taxonomy":"category","embeddable":true,"href":"https:\/\/www.europesays.com\/fr\/wp-json\/wp\/v2\/categories?post=205044"},{"taxonomy":"post_tag","embeddable":true,"href":"https:\/\/www.europesays.com\/fr\/wp-json\/wp\/v2\/tags?post=205044"}],"curies":[{"name":"wp","href":"https:\/\/api.w.org\/{rel}","templated":true}]}}