{"id":205046,"date":"2025-06-26T05:42:08","date_gmt":"2025-06-26T05:42:08","guid":{"rendered":"https:\/\/www.europesays.com\/fr\/205046\/"},"modified":"2025-06-26T05:42:08","modified_gmt":"2025-06-26T05:42:08","slug":"bon-plan-a-nancy-la-grande-braderie-en-centre-ville-approche-voici-les-commercants-participants","status":"publish","type":"post","link":"https:\/\/www.europesays.com\/fr\/205046\/","title":{"rendered":"Bon plan \u00e0 Nancy. La grande braderie en centre-ville approche : voici les commer\u00e7ants participants"},"content":{"rendered":"<p>            Par<br \/>\n        <strong><br \/>\n            <a href=\"https:\/\/actu.fr\/auteur\/amandine-mehl\" title=\"Consulter tous les articles de Amandine Mehl\" rel=\"nofollow noopener\" target=\"_blank\">Amandine Mehl<\/a><br \/>\n        <\/strong><\/p>\n<p>        Publi\u00e9 le<\/p>\n<p>            26 juin 2025 \u00e0 7h02        <\/p>\n<p>Alors que les <strong>soldes<\/strong> ont d\u00e9but\u00e9 ce mercredi 25\u00a0juin 2025 en Lorraine, un autre <a href=\"https:\/\/actu.fr\/tag\/bons-plans-a-nancy\" rel=\"nofollow noopener\" target=\"_blank\">bon plan<\/a> attend les habitants de Nancy, les vendredi\u00a04 et samedi 5\u00a0juillet 2025 de 10h \u00e0 19h.<\/p>\n<p class=\" wall-content\">Durant ces deux jours, des <a href=\"https:\/\/actu.fr\/grand-est\/nancy_54395\/grandes-braderies-des-commercants-en-centre-ville-de-nancy-voici-les-dates-pour-2025_62662949.html\" rel=\"nofollow noopener\" target=\"_blank\">commer\u00e7ants<\/a> vont participer \u00e0 un <strong>grand d\u00e9ballage<\/strong> en centre-ville pour pr\u00e9senter leurs nouvelles collections, mais aussi les bonnes affaires \u00e0 ne pas manquer.<\/p>\n<p>Les commer\u00e7ants et artisans attendus au grand d\u00e9ballage \u00e0 Nancy<\/p>\n<p class=\" wall-content\">Voici la liste des <strong>commer\u00e7ants<\/strong> et de la <strong>quinzaine d\u2019artisans locaux<\/strong> qui vont participer \u00e0 l\u2019\u00e9v\u00e9nement\u2009:<\/p>\n<ul class=\" wall-content\">\n<li>A taaable \u2013 30 rue du Pont Mouja\u2009;<\/li>\n<li>Akiba \u2013 1 rue Saint-Georges\u2009;<\/li>\n<li>Anaria &amp; Co \u2013 18 rue Raugraff\u2009;<\/li>\n<li>Anne Plumes \u2013 21 rue Gambetta\u2009;<\/li>\n<li>Anthony \u2013 4 rue Gambetta\u2009;<\/li>\n<li>Antonelle \u2013 29 rue Saint-Georges\u2009;<\/li>\n<li>Arthur \u2013 1 rue du Pont Mouja\u2009;<\/li>\n<li>L\u2019Atelier d\u2019Agathe \u2013 rue des Dominicains\u2009;<\/li>\n<li>Aubade \u2013 39 rue des Dominicains\u2009;<\/li>\n<li>Aux couleurs d\u2019Afrique \u2013 rue des Dominicains\u2009;<\/li>\n<li>BA&amp;SH \u2013 9 rue Gambetta\u2009;<\/li>\n<li>Bocage \u2013 41Bis rue Saint-Jean\u2009;<\/li>\n<li>Boulet \u2013 51 Grande Rue\u2009;<\/li>\n<li>Boulet \u2013 10 rue Gambetta\u2009;<\/li>\n<li>Boulet \u2013 28 rue Gambetta\u2009;<\/li>\n<li>Caba\u00efa \u2013 34 rue des Dominicains\u2009;<\/li>\n<li>Calzedonia \u2013 55 rue Saint-Jean\u2009;<\/li>\n<li>Carr\u00e9 Blanc \u2013 19 rue Gambetta\u2009;<\/li>\n<li>Chrome \u2013 12 rue Gambetta\u2009;<\/li>\n<li>Concept Store Rep\u00e8re \u2013 27 rue de la Visitation\u2009;<\/li>\n<li>Cousins Cousines* \u2013 16 rue du Pont Mouja\u2009;<\/li>\n<li>Cyrillus \u2013 8 rue des Dominicains\u2009;<\/li>\n<li>Dailyn \u2013 rue des Dominicains\u2009;<\/li>\n<li>Dans l\u2019air du temps \u2013 rue des Dominicains\u2009;<\/li>\n<li>DAO \u2013 19 rue H\u00e9r\u00e9\u2009;<\/li>\n<li>Darjeeling \u2013 30 rue Saint-Jean\u2009;<\/li>\n<li>Des Petits Hauts \u2013 20 rue Gambetta\u2009;<\/li>\n<li>DogShop \u2013 16 Grande Rue\u2009;<\/li>\n<li>Du Pareil Au M\u00eame \u2013 57 rue Saint-Jean\u2009;<\/li>\n<li>Eden Park \u2013 53 rue des Dominicains\u2009;<\/li>\n<li>\u00c9l\u00e9gamment V\u00f4tre \u2013 9 rue d\u2019Amerval\u2009;<\/li>\n<li>Elisa Lingerie \u2013 3 rue Gambetta\u2009;<\/li>\n<li>\u00c9ram \u2013 41 bis rue Saint-Jean\u2009;<\/li>\n<li>Eric Bompard \u2013 17 rue des Dominicains\u2009;<\/li>\n<li>\u00c9vidence \u2013 29 rue Gambetta\u2009;<\/li>\n<li>Father And Sons \u2013 27 rue Saint-Jean\u2009;<\/li>\n<li>Fresh \u00c9pices \u2013 rue du Pont Mouja\u2009;<\/li>\n<li>Green Planet \u2013 1 rue des Carmes\u2009;<\/li>\n<li>Haas \u2013 55 rue des Dominicains\u2009;<\/li>\n<li>IKKS Junior \u2013 18 rue des Dominicains\u2009;<\/li>\n<li>IKKS Men \u2013 36 rue des Dominicains\u2009;<\/li>\n<li>IKKS Women \u2013 5 rue Gambetta\u2009;<\/li>\n<li>Iris Galerie \u2013 32 rue des Dominicains\u2009;<\/li>\n<li>Jacadi \u2013 12\/14 rue des Dominicains\u2009;<\/li>\n<li>Jalla \u2013 23 rue Saint-Dizier\u2009;<\/li>\n<li>Jass Clothes Design \u2013 6 rue d\u2019Amerval\u2009;<\/li>\n<li>Jeff de Bruges \u2013 27 rue Saint-Georges\u2009;<\/li>\n<li>Jo\u00eblle SAP \u2013 rue des Dominicains\u2009;<\/li>\n<li>Kusmi Tea \u2013 17 rue Saint-Jean\u2009;<\/li>\n<li>La R\u00e9serve \u2013 89 Grande Rue\u2009;<\/li>\n<li>La Suite\u2026 \u2013 21 bis rue Saint-Dizier\u2009;<\/li>\n<li>Lacoste \u2013 46 rue des Dominicains\u2009;<\/li>\n<li>Latitude \u2013 17 rue des Ponts\u2009;<\/li>\n<li>Le Petit Lunetier \u2013 59 rue des Dominicains\u2009;<\/li>\n<li>Les Ann\u00e9es Modernes \u2013 19 Grande Rue\u2009;<\/li>\n<li>Les Fous De Terroirs \u2013 51 rue des Dominicains\u2009;<\/li>\n<li>Les Nabis \u2013 13 bis rue d\u2019Amerval\u2009;<\/li>\n<li>Les P\u2019tits Stan \u2013 22 rue du Pont Mouja\u2009;<\/li>\n<li>Les Petites P\u00e9pites \u2013 11 rue d\u2019Amerval\u2009;<\/li>\n<li>Les Vitrines de Nancy \u2013 rue des Dominicains\u2009;<\/li>\n<li>Librairie Didier \u2013 6 rue Gambetta\u2009;<\/li>\n<li>Linvosges \u2013 21 rue Saint-Dizier\u2009;<\/li>\n<li>Ltur \u2013 46 rue Saint-Jean\u2009;<\/li>\n<li>L\u2019Univers \u2013 56 Grande Rue\u2009;<\/li>\n<li>Lush \u2013 17 rue Saint-Jean\u2009;<\/li>\n<li>Maille Shop \u2013 14 rue Notre Dame\u2009;<\/li>\n<li>Max Mara \u2013 24 rue Saint-Dizier\u2009;<\/li>\n<li>Maxod \u2013 19 rue des Ponts\u2009;<\/li>\n<li>Memphis* \u2013 18 rue du Pont Mouja\u2009;<\/li>\n<li>Mianta \u2013 21 rue Saint-Georges\u2009;<\/li>\n<li>Mise Au Green \u2013 45 rue des Dominicains\u2009;<\/li>\n<li>Mon Cercle Sacr\u00e9 \u2013 rue des Dominicains\u2009;<\/li>\n<li>Mood \u2013 30 rue du Pont Mouja\u2009;<\/li>\n<li>Okaidi \u2013 45 rue Saint-Jean\u2009;<\/li>\n<li>Passage Bleu \u2013 14 rue Notre Dame\u2009;<\/li>\n<li>Peggy Sage \u2013 12 rue Saint-Georges\u2009;<\/li>\n<li>Printemps \u2013 2 avenue Foch\u2009;<\/li>\n<li>Rebond Association \u2013 rue des Dominicains\u2009;<\/li>\n<li>R\u00eaves de M\u00f4mes* \u2013 17 rue Raugraff\u2009;<\/li>\n<li>RougeGorge \u2013 40 rue Saint-Jean\u2009;<\/li>\n<li>Safran de Lorraine \u2013 32 rue du Pont Mouja\u2009;<\/li>\n<li>Savons \u2013 rue Gambetta\u2009;<\/li>\n<li>Soon \u2013 25 rue du Pont Mouja\u2009;<\/li>\n<li>Sorbet Citron \u2013 76 Grande Rue\u2009;<\/li>\n<li>Superhuit \u2013 8 rue d\u2019Amerval\u2009;<\/li>\n<li>Sym\u00e9on \u2013 15 rue Saint-Dizier\u2009;<\/li>\n<li>Terre de F\u00e9es \u2013 8 rue Gambetta\u2009;<\/li>\n<li>Tolub \u2013 11 rue Gambetta\u2009;<\/li>\n<li>Un Jour Ailleurs \u2013 37 rue des Dominicains\u2009;<\/li>\n<li>Ver\u2019Autre Chose \u2013 14 rue du Pont Mouja\u2009;<\/li>\n<li>V\u00eat\u2019Etic \u2013 109 bis rue Saint-Dizier\u2009;<\/li>\n<li>Weill \u2013 24 bis rue Gambetta\u2009;<\/li>\n<li>Yellowkorner \u2013 16 rue des Dominicains\u2009;<\/li>\n<li>Yves Rocher \u2013 4 rue Saint-Georges\u2009;<\/li>\n<li>Zapa \u2013 17 rue Saint-Dizier\u2009;<\/li>\n<li>Zig Zag Cr\u00e9ations \u2013 rue des Dominicains.<\/li>\n<\/ul>\n<p class=\" wall-content\">Des <strong>animations<\/strong>, \u00e0 l\u2019instar d\u2019un <strong>stand de maquillage<\/strong> gratuit d\u00e9di\u00e9 aux enfants ainsi qu\u2019une <strong>d\u00e9ambulation<\/strong> propos\u00e9e par <strong>N\u00e9o Samba \u00e9 Vida<\/strong>, seront propos\u00e9es.<\/p>\n<p>Vid\u00e9os : en ce moment sur Actu<\/p>\n<p>*Ces commer\u00e7ants participent uniquement au d\u00e9ballage le 5\u00a0juillet.<\/p>\n<p class=\" wall-content\">Suivez toute l\u2019actualit\u00e9 de vos villes et m\u00e9dias favoris en vous inscrivant \u00e0 <a href=\"https:\/\/moncompte.actu.fr\" title=\"D\u00e9couvez Mon Actu\" rel=\"nofollow noopener\" data-trk=\"{&quot;cta&quot;:{&quot;action&quot;:&quot;https:\\\/\\\/moncompte.actu.fr&quot;,&quot;category&quot;:&quot;mon compte&quot;,&quot;from&quot;:&quot;article footer&quot;,&quot;name&quot;:&quot;Mon actu&quot;,&quot;type&quot;:&quot;cta&quot;}}\" target=\"_blank\">Mon Actu<\/a>.<\/p>\n<ul class=\"ac-article-tag wall-content\">\n<li><a href=\"https:\/\/actu.fr\/tag\/bons-plans-a-nancy\" data-trk=\"{&quot;cta&quot;:{&quot;action&quot;:&quot;Bons plans \\u00e0 Nancy&quot;,&quot;category&quot;:&quot;tag&quot;,&quot;from&quot;:&quot;article footer&quot;,&quot;name&quot;:&quot;Bons plans \\u00e0 Nancy&quot;,&quot;type&quot;:&quot;cta&quot;}}\" rel=\"nofollow noopener\" target=\"_blank\">#Bons plans \u00e0 Nancy<\/a><\/li>\n<li><a href=\"https:\/\/actu.fr\/tag\/commerce\" data-trk=\"{&quot;cta&quot;:{&quot;action&quot;:&quot;Commerce&quot;,&quot;category&quot;:&quot;tag&quot;,&quot;from&quot;:&quot;article footer&quot;,&quot;name&quot;:&quot;Commerce&quot;,&quot;type&quot;:&quot;cta&quot;}}\" rel=\"nofollow noopener\" target=\"_blank\">#Commerce<\/a><\/li>\n<\/ul>\n","protected":false},"excerpt":{"rendered":"Par Amandine Mehl Publi\u00e9 le 26 juin 2025 \u00e0 7h02 Alors que les soldes ont d\u00e9but\u00e9 ce mercredi&hellip;\n","protected":false},"author":2,"featured_media":116118,"comment_status":"","ping_status":"","sticky":false,"template":"","format":"standard","meta":{"footnotes":""},"categories":[9635],"tags":[1111,11,11226,215,1777,674,1011,27,775,1702,12,25,104],"class_list":{"0":"post-205046","1":"post","2":"type-post","3":"status-publish","4":"format-standard","5":"has-post-thumbnail","7":"category-nancy","8":"tag-actu","9":"tag-actualites","10":"tag-bons-plans-a-nancy","11":"tag-commerce","12":"tag-eu","13":"tag-europe","14":"tag-fr","15":"tag-france","16":"tag-grand-est","17":"tag-nancy","18":"tag-news","19":"tag-republique-francaise","20":"tag-societe"},"share_on_mastodon":{"url":"https:\/\/pubeurope.com\/@fr\/114748073195086205","error":""},"_links":{"self":[{"href":"https:\/\/www.europesays.com\/fr\/wp-json\/wp\/v2\/posts\/205046","targetHints":{"allow":["GET"]}}],"collection":[{"href":"https:\/\/www.europesays.com\/fr\/wp-json\/wp\/v2\/posts"}],"about":[{"href":"https:\/\/www.europesays.com\/fr\/wp-json\/wp\/v2\/types\/post"}],"author":[{"embeddable":true,"href":"https:\/\/www.europesays.com\/fr\/wp-json\/wp\/v2\/users\/2"}],"replies":[{"embeddable":true,"href":"https:\/\/www.europesays.com\/fr\/wp-json\/wp\/v2\/comments?post=205046"}],"version-history":[{"count":0,"href":"https:\/\/www.europesays.com\/fr\/wp-json\/wp\/v2\/posts\/205046\/revisions"}],"wp:featuredmedia":[{"embeddable":true,"href":"https:\/\/www.europesays.com\/fr\/wp-json\/wp\/v2\/media\/116118"}],"wp:attachment":[{"href":"https:\/\/www.europesays.com\/fr\/wp-json\/wp\/v2\/media?parent=205046"}],"wp:term":[{"taxonomy":"category","embeddable":true,"href":"https:\/\/www.europesays.com\/fr\/wp-json\/wp\/v2\/categories?post=205046"},{"taxonomy":"post_tag","embeddable":true,"href":"https:\/\/www.europesays.com\/fr\/wp-json\/wp\/v2\/tags?post=205046"}],"curies":[{"name":"wp","href":"https:\/\/api.w.org\/{rel}","templated":true}]}}