{"id":205047,"date":"2025-06-26T05:43:25","date_gmt":"2025-06-26T05:43:25","guid":{"rendered":"https:\/\/www.europesays.com\/fr\/205047\/"},"modified":"2025-06-26T05:43:25","modified_gmt":"2025-06-26T05:43:25","slug":"plus-quune-braderie-un-spectacle","status":"publish","type":"post","link":"https:\/\/www.europesays.com\/fr\/205047\/","title":{"rendered":"plus qu\u2019une braderie, un spectacle"},"content":{"rendered":"<p>Ils ont le sourire facile, ces deux-l\u00e0. Et la bonne humeur contagieuse. Michel Hamdaoui, 44 ans, et Kenny Pernot, 28 ans, sont deux gar\u00e7ons dans le vent, pour peu que ce vent soit porteur de joie. Et c\u2019est parce qu\u2019ils veulent en cultiver l\u2019\u00e9nergie positive que le duo a donn\u00e9 vie au Bon Tempo.<\/p>\n<p>Le Bon Tempo, collectif d\u2019\u00e9lectrons libres pour l\u2019instant, prochainement constitu\u00e9 en association, a vocation \u00e0 \u00ab\u00a0faire la f\u00eate\u00a0\u00bb. Et par l\u00e0, il ne s\u2019agit pas de se positionner comme \u00ab\u00a0consommateur\u00a0\u00bb de moments festifs toutes natures confondues. Mais comme \u00ab\u00a0cr\u00e9ateur\u00a0\u00bb desdits moments, organisateur, initiateur.<\/p>\n<p>La raison\u00a0? Elle en est simple comme deux pas de danse dans un moment d\u2019ivresse, l\u00e9g\u00e8re comme un battement de cils, lumineuse comme un sourire\u00a0: \u00ab\u00a0Une envie de f\u00eate avec de la couleur et des paillettes\u00a0!\u00a0\u00bb, pour Kenny. \u00ab\u00a0Quelque chose de pas lourd, pas conventionnel, pas conditionn\u00e9\u00a0\u00bb, pour Michel qui en appelle aussi \u00e0 \u00ab\u00a0l\u2019esprit cabaret\u00a0\u00bb.<\/p>\n<p>Et pour cela, tous deux peuvent non seulement compter sur leur duo, sur leurs potes transform\u00e9s en b\u00e9n\u00e9voles occasionnels, mais aussi sur la Troisi\u00e8me personne\u00a0: Une d\u00e9nomm\u00e9e Maryline 2\u00a0000.<\/p>\n<p>  \u00ab\u00a0Blonde pas trop pulpeuse\u00a0\u00bb<\/p>\n<p>Maryline est en prise direct avec Michel, fleuriste de profession, dont elle est l\u2019\u00e9manation. Un personnage qu\u2019il s\u2019est forg\u00e9 autant que le forge Maryline \u00e0 l\u2019insu de son plein gr\u00e9. Et \u00e0 qui il a donn\u00e9 corps notamment \u00e0 l\u2019occasion de leurs bingos et blind tests organis\u00e9s dans les tout premiers mois de l\u2019aventure Bon Tempo. \u00ab\u00a0Parce qu\u2019il ne s\u2019agit pas seulement d\u2019organiser un jeu\u00a0! Mais d\u2019ajouter une dimension de spectacle \u00e0 toutes nos propositions.\u00a0\u00bb Costumes et d\u00e9cors compris\u00a0!<\/p>\n<p>Maryline 2\u00a0000 affirme donc tranquillement sa personnalit\u00e9 d\u2019un \u00e9v\u00e9nement \u00e0 l\u2019autre, telle que Michel la voit se r\u00e9v\u00e9ler\u00a0: \u00ab\u00a0une blonde, pas trop pulpeuse, qui ne se prend pas trop la t\u00eate au niveau esth\u00e9tique. Souriante. Un peu trop peut-\u00eatre. Pas cruche en tout cas. Incisive, mais pas trash. Apr\u00e8s, \u00e7a d\u00e9pend du public. S\u2019il n\u2019y a que des adultes, elle peut d\u00e9border un peu. En tout cas elle est \u00e0 l\u2019aise.\u00a0\u00bb<\/p>\n<p>Le tout \u00e9nonc\u00e9 comme si Maryline lui \u00e9tait \u00e9trang\u00e8re, et qu\u2019il n\u2019avait pas d\u2019autre r\u00f4le que de lui confier son enveloppe charnelle le temps d\u2019un soir de f\u00eate\u2026 \u00ab\u00a0Un an que je cherchais mon personnage\u00a0!\u00a0\u00bb Il fallait juste lui laisser le temps d\u2019arriver\u2026<\/p>\n<p>Bref, Maryline est devenue un incontournable de l\u2019aventure. De m\u00eame que Kenny met ses comp\u00e9tences cr\u00e9atives et artistiques \u00e0 la sc\u00e9nographie des \u00e9v\u00e9nements programm\u00e9s par le duo. Ce qu\u2019il compte illustrer d\u00e8s samedi pour une nouvelle proposition du Bon Tempo\u00a0: la Fringue\u2019Halle.<\/p>\n<p>Autrement dit un vide dressing pop et paillettes.<\/p>\n<p>  R\u00e9volution de garde-robes<\/p>\n<p>Sur le principe, rien que de tr\u00e8s classique. Des exposants venus faire l\u2019\u00e9talage de toutes sortes de v\u00eatements, neufs ou de seconde main, qui ne demandent que de nouveaux corps \u00e0 habiller, de nouvelles garde-robes \u00e0 peupler, de nouveaux looks \u00e0 r\u00e9volutionner.<\/p>\n<p>Moins classique\u00a0: \u00e7a se fera en musique, avec m\u00eame des sets de DJ \u00e0 partir de 17 h (H\u00e9l\u00e8ne Tazi, Deldux, TBFB), dans un d\u00e9cor festif. Et c\u2019est programm\u00e9 pour durer jusqu\u2019\u00e0 minuit. Avec, bien s\u00fbr, en prime, des interventions de Maryline 2\u00a0000. Qui ne manquera pas de parfaire son \u00ab\u00a0outfit of the day\u00a0\u00bb, son allure et sa classe internationale\u00a0!<\/p>\n<p class=\"note\">La Fringue\u2019Halle, samedi 28\u00a0juin, espace Marie Bour (36 rue MacMahon \u00e0 Nancy), de 11\u00a0h \u00e0 minuit. Acc\u00e8s libre\u00a0!<\/p>\n","protected":false},"excerpt":{"rendered":"Ils ont le sourire facile, ces deux-l\u00e0. Et la bonne humeur contagieuse. Michel Hamdaoui, 44 ans, et Kenny&hellip;\n","protected":false},"author":2,"featured_media":205048,"comment_status":"","ping_status":"","sticky":false,"template":"","format":"standard","meta":{"footnotes":""},"categories":[9635],"tags":[1111,11,5738,11679,1687,1704,1777,674,1011,27,775,330,10265,1702,1703,12,25,104,3365,1631],"class_list":{"0":"post-205047","1":"post","2":"type-post","3":"status-publish","4":"format-standard","5":"has-post-thumbnail","7":"category-nancy","8":"tag-actu","9":"tag-actualites","10":"tag-bourses","11":"tag-brocantes","12":"tag-culture-loisirs","13":"tag-edition-nancy-et-agglomeration","14":"tag-eu","15":"tag-europe","16":"tag-fr","17":"tag-france","18":"tag-grand-est","19":"tag-jeux","20":"tag-loto","21":"tag-nancy","22":"tag-nancy-ville-54b","23":"tag-news","24":"tag-republique-francaise","25":"tag-societe","26":"tag-vide-greniers","27":"tag-vie-associative"},"share_on_mastodon":{"url":"https:\/\/pubeurope.com\/@fr\/114748077262442421","error":""},"_links":{"self":[{"href":"https:\/\/www.europesays.com\/fr\/wp-json\/wp\/v2\/posts\/205047","targetHints":{"allow":["GET"]}}],"collection":[{"href":"https:\/\/www.europesays.com\/fr\/wp-json\/wp\/v2\/posts"}],"about":[{"href":"https:\/\/www.europesays.com\/fr\/wp-json\/wp\/v2\/types\/post"}],"author":[{"embeddable":true,"href":"https:\/\/www.europesays.com\/fr\/wp-json\/wp\/v2\/users\/2"}],"replies":[{"embeddable":true,"href":"https:\/\/www.europesays.com\/fr\/wp-json\/wp\/v2\/comments?post=205047"}],"version-history":[{"count":0,"href":"https:\/\/www.europesays.com\/fr\/wp-json\/wp\/v2\/posts\/205047\/revisions"}],"wp:featuredmedia":[{"embeddable":true,"href":"https:\/\/www.europesays.com\/fr\/wp-json\/wp\/v2\/media\/205048"}],"wp:attachment":[{"href":"https:\/\/www.europesays.com\/fr\/wp-json\/wp\/v2\/media?parent=205047"}],"wp:term":[{"taxonomy":"category","embeddable":true,"href":"https:\/\/www.europesays.com\/fr\/wp-json\/wp\/v2\/categories?post=205047"},{"taxonomy":"post_tag","embeddable":true,"href":"https:\/\/www.europesays.com\/fr\/wp-json\/wp\/v2\/tags?post=205047"}],"curies":[{"name":"wp","href":"https:\/\/api.w.org\/{rel}","templated":true}]}}