{"id":205049,"date":"2025-06-26T05:44:14","date_gmt":"2025-06-26T05:44:14","guid":{"rendered":"https:\/\/www.europesays.com\/fr\/205049\/"},"modified":"2025-06-26T05:44:14","modified_gmt":"2025-06-26T05:44:14","slug":"harry-nuriev-une-star-du-design-president-du-jury","status":"publish","type":"post","link":"https:\/\/www.europesays.com\/fr\/205049\/","title":{"rendered":"Harry Nuriev, une star du design pr\u00e9sident du jury"},"content":{"rendered":"<p class=\"editor-content__paragraph\">Si son nom vous est familier, c\u2019est sans doute parce qu\u2019il s\u2019impose depuis quelques ann\u00e9es comme <strong>l\u2019un des talents les plus en vue de la sc\u00e8ne contemporaine<\/strong>, salu\u00e9 par le New York Times comme un <strong>pionnier du \u00ab\u00a0minimalisme global\u00a0\u00bb<\/strong>, soit un mouvement fortement influenc\u00e9 par le num\u00e9rique qui use de mat\u00e9riaux chrom\u00e9s, de teintes n\u00e9ons et acidul\u00e9es.<\/p>\n<p class=\"editor-content__paragraph\">Reconnaissable entre mille, son style peut se r\u00e9sumer en un mot, le <strong>\u00ab\u00a0transformisme\u00a0\u00bb<\/strong>, qu\u2019il d\u00e9crit dans son manifeste comme \u00ab\u00a0l\u2019acte de transformer quelque chose en autre chose \u2014 non pas en effa\u00e7ant son origine, mais en amplifiant son essence\u00a0\u00bb. L\u2019exemple le plus \u00e9vocateur \u00e9tant<strong> son canap\u00e9 \u00ab\u00a0Balenciaga\u00a0\u00bb<\/strong> qu\u2019il a r\u00e9alis\u00e9 <strong>\u00e0 partir de v\u00eatements recycl\u00e9s<\/strong> de la marque, compact\u00e9s dans une housse transparente et biod\u00e9gradable.<\/p>\n<p>\u00c0 la crois\u00e9e de la mode, du design, de l\u2019architecture et de l\u2019art<\/p>\n<p>    <img loading=\"lazy\" decoding=\"async\" class=\"image__img\" src=\"https:\/\/www.europesays.com\/fr\/wp-content\/uploads\/2025\/06\/modvn_cam46_001_0023-1-964x1205.jpg\" alt=\"Harry Nuriev, The Transformist Apartment\" width=\"964\" height=\"1205\"\/><\/p>\n<p>Harry Nuriev, The Transformist Apartment, 2025<\/p>\n<p>    i<\/p>\n<p class=\"legende__cartel\">Design Parade Toulon 2025<\/p>\n<p class=\"editor-content__paragraph\">N\u00e9 en 1984 \u00e0 Stavropol, dans le sud de la Russie pr\u00e8s de la G\u00e9orgie, le cr\u00e9ateur grandit dans cette <strong>atmosph\u00e8re d\u2019ouverture \u00e0 l\u2019esth\u00e9tique pop et occidentale<\/strong>. Il part \u00e9tudier \u00e0 l\u2019Institut d\u2019architecture de Moscou avant de fonder son propre studio de design d\u2019int\u00e9rieur et de mobilier intitul\u00e9 <strong>Crosby Studios<\/strong>. Puis s\u2019installe \u00e0 New York, expose au festival de Design de Londres, se fait rep\u00e9rer par des grandes marques telles que Balenciaga, Nike, OMA, Valentino. Aujourd\u2019hui, Harry Nuriev navigue entre les univers de la mode, de l\u2019architecture, du mobilier et de l\u2019art contemporain. Il <strong>vit et travaille \u00e0 Paris<\/strong> \u2013 voil\u00e0 qui explique sa participation \u00e0 la <strong>Design Parade<\/strong> dans le sud de la France.<\/p>\n<p>        \u00c0 lire aussi :<br \/>\n        <a class=\"renvoi-explicite__link\" href=\"https:\/\/www.beauxarts.com\/grand-format\/anthony-authie-lenfant-terrible-de-larchitecture-qui-prend-ses-reves-pour-des-realites\/\" target=\"_blank\" rel=\"noopener\">Anthony Authi\u00e9, l\u2019enfant terrible de l\u2019architecture qui prend ses r\u00eaves pour des r\u00e9alit\u00e9s<\/a><\/p>\n<p>Un cr\u00e9ateur novateur \u00e0 la Design Parade Toulon<\/p>\n<p class=\"editor-content__paragraph\">Heureuse nouvelle\u00a0: en tant que <strong>pr\u00e9sident du jury<\/strong>, un grand espace de l\u2019ancien \u00e9ve\u0302che\u0301 de Toulon lui est d\u00e9di\u00e9. Avec sa table recouverte de claviers, son lit \u00e0 baldaquin \u00e0 base de t-shirts r\u00e9cup\u00e9r\u00e9s ou encore ses fours \u00e0 micro-ondes d\u00e9tourn\u00e9s en \u00e9tag\u00e8res, Harry Nuriev s\u2019impose en <strong>figure d\u2019avant-garde d\u2019un design exp\u00e9rimental et engag\u00e9<\/strong>. Tandis qu\u2019\u00e0 la <a href=\"https:\/\/www.beauxarts.com\/expos\/a-hyeres-le-paquebot-sur-terre-de-mallet-stevens\/\" target=\"_blank\" rel=\"noopener\">Villa Noailles<\/a>, l\u2019exposition du c\u00e9l\u00e8bre designer espagnol Jaime Hayon, pr\u00e9sident du jury de la Design Parade Hy\u00e8res, r\u00e9jouira tous les publics. Des visites incontournables pour cet \u00e9t\u00e9\u00a0!<\/p>\n<p>        \u00c0 lire aussi :<br \/>\n        <a class=\"renvoi-explicite__link\" href=\"https:\/\/www.beauxarts.com\/expos\/quand-le-design-devient-spectacle-retour-sur-la-derniere-et-enthousiasmante-milan-design-week\/\" target=\"_blank\" rel=\"noopener\">Quand le design devient spectacle : retour sur la derni\u00e8re et enthousiasmante Milan Design Week<\/a><\/p>\n<p>  Arrow<\/p>\n<p>Design Parade Toulon<\/p>\n<p class=\"annexe-content__subtitle\">Du 27 au 28 juin 2025<\/p>\n<p>Plus d\u2019informations <a href=\"https:\/\/villanoailles.com\/festivals\/design-parade-toulon-9e-festival-international-d-architecture-d-interieur\" target=\"_blank\" rel=\"noopener\">sur le site de la Design Parade Toulon<\/a><\/p>\n","protected":false},"excerpt":{"rendered":"Si son nom vous est familier, c\u2019est sans doute parce qu\u2019il s\u2019impose depuis quelques ann\u00e9es comme l\u2019un des&hellip;\n","protected":false},"author":2,"featured_media":205050,"comment_status":"","ping_status":"","sticky":false,"template":"","format":"standard","meta":{"footnotes":""},"categories":[9619],"tags":[1111,11,1386,1777,674,1011,27,34390,12,9026,882,25,2310],"class_list":{"0":"post-205049","1":"post","2":"type-post","3":"status-publish","4":"format-standard","5":"has-post-thumbnail","7":"category-toulon","8":"tag-actu","9":"tag-actualites","10":"tag-design","11":"tag-eu","12":"tag-europe","13":"tag-fr","14":"tag-france","15":"tag-harry-nuriev","16":"tag-news","17":"tag-portrait","18":"tag-provence-alpes-cote-dazur","19":"tag-republique-francaise","20":"tag-toulon"},"share_on_mastodon":{"url":"https:\/\/pubeurope.com\/@fr\/114748081009482877","error":""},"_links":{"self":[{"href":"https:\/\/www.europesays.com\/fr\/wp-json\/wp\/v2\/posts\/205049","targetHints":{"allow":["GET"]}}],"collection":[{"href":"https:\/\/www.europesays.com\/fr\/wp-json\/wp\/v2\/posts"}],"about":[{"href":"https:\/\/www.europesays.com\/fr\/wp-json\/wp\/v2\/types\/post"}],"author":[{"embeddable":true,"href":"https:\/\/www.europesays.com\/fr\/wp-json\/wp\/v2\/users\/2"}],"replies":[{"embeddable":true,"href":"https:\/\/www.europesays.com\/fr\/wp-json\/wp\/v2\/comments?post=205049"}],"version-history":[{"count":0,"href":"https:\/\/www.europesays.com\/fr\/wp-json\/wp\/v2\/posts\/205049\/revisions"}],"wp:featuredmedia":[{"embeddable":true,"href":"https:\/\/www.europesays.com\/fr\/wp-json\/wp\/v2\/media\/205050"}],"wp:attachment":[{"href":"https:\/\/www.europesays.com\/fr\/wp-json\/wp\/v2\/media?parent=205049"}],"wp:term":[{"taxonomy":"category","embeddable":true,"href":"https:\/\/www.europesays.com\/fr\/wp-json\/wp\/v2\/categories?post=205049"},{"taxonomy":"post_tag","embeddable":true,"href":"https:\/\/www.europesays.com\/fr\/wp-json\/wp\/v2\/tags?post=205049"}],"curies":[{"name":"wp","href":"https:\/\/api.w.org\/{rel}","templated":true}]}}