{"id":205055,"date":"2025-06-26T05:48:10","date_gmt":"2025-06-26T05:48:10","guid":{"rendered":"https:\/\/www.europesays.com\/fr\/205055\/"},"modified":"2025-06-26T05:48:10","modified_gmt":"2025-06-26T05:48:10","slug":"des-pharmaciens-en-greve-en-seine-maritime-ce-jeudi-voici-a-quoi-sattendre","status":"publish","type":"post","link":"https:\/\/www.europesays.com\/fr\/205055\/","title":{"rendered":"Des pharmaciens en gr\u00e8ve en Seine-Maritime ce jeudi : voici \u00e0 quoi s&rsquo;attendre"},"content":{"rendered":"<p>            Par<br \/>\n        <strong><br \/>\n            <a href=\"https:\/\/actu.fr\/auteur\/adrien-filoche\" title=\"Consulter tous les articles de Adrien Filoche\" target=\"_blank\" rel=\"noopener\">Adrien Filoche<\/a><br \/>\n        <\/strong><\/p>\n<p>        Publi\u00e9 le<\/p>\n<p>            26 juin 2025 \u00e0 7h10        <\/p>\n<p>Une<strong> gr\u00e8ve des pharmaciens<\/strong> a \u00e9t\u00e9 annonc\u00e9e pour la journ\u00e9e du jeudi 26\u00a0juin 2025 dans toute la France. Dans un communiqu\u00e9 commun, plusieurs syndicats de pharmaciens (FSPF, USPO, UNPF) invitent tous les professionnels \u00e0 une <strong>gr\u00e8ve illimit\u00e9e des gardes. <\/strong>Les syndicats promettent un mouvement \u00ab\u2009tr\u00e8s suivi\u2009\u00bb sur l\u2019ensemble de l\u2019Hexagone, dont la <a href=\"https:\/\/actu.fr\/normandie\/seine-maritime_76\" target=\"_blank\" rel=\"noopener\">Seine-Maritime.<\/a> Plusieurs professionnels install\u00e9s dans le d\u00e9partement et qui ont rejoint le mouvement t\u00e9moignent aupr\u00e8s de 76actu.<\/p>\n<p>Une gr\u00e8ve reconductible<\/p>\n<p class=\" wall-content\">Cette col\u00e8re fait suite \u00e0 l\u2019annonce du minist\u00e8re de la Sant\u00e9 de plafonner les remises commerciales sur les m\u00e9dicaments g\u00e9n\u00e9riques \u00e0 25\u2009%, contre 40% actuellement. Une mesure per\u00e7ue comme<strong> un manque \u00e0 gagner pour les pharmaciens.<\/strong><\/p>\n<p class=\" wall-content\">\u00ab\u2009Cette gr\u00e8ve sera reconductible autant de fois qu\u2019il le fera\u2009\u00bb, promet \u00c9lodie Marande, pharmacienne \u00e0 Rouen et membre du syndicat FSPS (f\u00e9d\u00e9ration des pharmaciens de France).<\/p>\n<p class=\" wall-content\">N\u00e9anmoins, l\u2019\u00c9tat aura la possibilit\u00e9 de<strong> r\u00e9quisitionner les pharmaciens gr\u00e9vistes<\/strong> en cas de besoin.<\/p>\n<p>\u00ab\u2009Au mieux, des licenciements, au pire, des fermetures\u2009\u00bb<\/p>\n<p class=\" wall-content\">Certaines pharmacies pourront donc voir leurs rideaux baisser dans les prochains jours, \u00e0 l\u2019instar de celle o\u00f9 travaille Pauline Aubourg, \u00e0 <a href=\"https:\/\/actu.fr\/normandie\/rouen_76540\" target=\"_blank\" rel=\"noopener\">Rouen<\/a>.<\/p>\n<blockquote class=\"ac-article-quote wall-content\">\n<p>Les marges des pharmacies baissent, nous perdons de l\u2019argent. Au mieux, il va y avoir des licenciements, au pire, ce seront des fermetures d&rsquo;officines.<\/p>\n<p>    <strong>Pauline Aubourg,<\/strong><br \/>\n        pharmacienne \u00e0 Rouen    <\/p><\/blockquote>\n<p class=\" wall-content\">En effet, la pharmacienne se rendra le 1er\u00a0juillet \u00e0 Paris pour suivre la journ\u00e9e de manifestation aux c\u00f4t\u00e9s des m\u00e9decins et des autres professions de sant\u00e9. \u00ab\u2009La pharmacie est le seul commerce o\u00f9 les prix baissent, car les prix sont d\u00e9cid\u00e9s par l\u2019\u00c9tat\u2009\u00bb, relate la pharmacienne, syndiqu\u00e9e \u00e0 la FSPS.<\/p>\n<p>Sentiment de ras-le-bol<\/p>\n<p class=\" wall-content\">Pierre Piquet, pharmacien \u00e0 Terres-de-Caux, d\u00e9plore quant \u00e0 lui \u00ab\u2009un d\u00e9sappointement, un sentiment de ras-le-bol. Cela fait 25 ans que je travaille, d\u00e8s que l\u2019\u00c9tat a besoin d\u2019argent, il tape sur nous\u2009\u00bb.<\/p>\n<p class=\" wall-content\">Selon lui, celle nouvelle mesure, pr\u00e9sent\u00e9e par le gouvernement, va venir grever les revenus des professionnels. \u00ab\u2009Cela aura un impact direct, car le g\u00e9n\u00e9rique nous rapporte une marge importante, \u00e0 hauteur de 15\u2009% pour notre officine\u2009\u00bb, poursuit Pierre Piquet. Et de pr\u00e9ciser, amer\u2009: \u00ab\u2009Ce sont les plus petites pharmacies qui vont \u00eatre touch\u00e9es.\u2009\u00bb<\/p>\n<p class=\" wall-content\">Le risque, \u00e0 terme, \u00ab\u2009ce sont des licenciements, des fermetures d\u2019officines et des patients qui se retrouvent sans pharmacie pr\u00e8s de chez eux\u2009\u00bb, pr\u00e9sente le professionnel.<\/p>\n<p>Suivez l\u2019actualit\u00e9 de <a href=\"https:\/\/www.whatsapp.com\/channel\/0029VaKfnf99hXF2ddApFB1D\" target=\"_blank\" rel=\"noopener\">Rouen<\/a> et du\u00a0<a href=\"https:\/\/www.whatsapp.com\/channel\/0029VaFqJYE8aKvLBwVrEe0o\" target=\"_blank\" rel=\"noopener\">Havre<\/a> sur nos cha\u00eenes WhatsApp et sur <a href=\"https:\/\/www.tiktok.com\/@76actu.fr?lang=fr\" target=\"_blank\" rel=\"noopener\">notre compte TikTok<\/a><\/p>\n<p class=\" wall-content\">Suivez toute l\u2019actualit\u00e9 de vos villes et m\u00e9dias favoris en vous inscrivant \u00e0 <a href=\"https:\/\/moncompte.actu.fr\" title=\"D\u00e9couvez Mon Actu\" rel=\"nofollow noopener\" data-trk=\"{&quot;cta&quot;:{&quot;action&quot;:&quot;https:\\\/\\\/moncompte.actu.fr&quot;,&quot;category&quot;:&quot;mon compte&quot;,&quot;from&quot;:&quot;article footer&quot;,&quot;name&quot;:&quot;Mon actu&quot;,&quot;type&quot;:&quot;cta&quot;}}\" target=\"_blank\">Mon Actu<\/a>.<\/p>\n<p>                    <script async src=\"\/\/www.tiktok.com\/embed.js\"><\/script><\/p>\n","protected":false},"excerpt":{"rendered":"Par Adrien Filoche Publi\u00e9 le 26 juin 2025 \u00e0 7h10 Une gr\u00e8ve des pharmaciens a \u00e9t\u00e9 annonc\u00e9e pour&hellip;\n","protected":false},"author":2,"featured_media":205056,"comment_status":"","ping_status":"","sticky":false,"template":"","format":"standard","meta":{"footnotes":""},"categories":[9587],"tags":[1111,11,1777,674,1011,27,6151,1272,12,5161,25,9590,71,104],"class_list":{"0":"post-205055","1":"post","2":"type-post","3":"status-publish","4":"format-standard","5":"has-post-thumbnail","7":"category-rouen","8":"tag-actu","9":"tag-actualites","10":"tag-eu","11":"tag-europe","12":"tag-fr","13":"tag-france","14":"tag-greve","15":"tag-manifestations","16":"tag-news","17":"tag-normandie","18":"tag-republique-francaise","19":"tag-rouen","20":"tag-sante","21":"tag-societe"},"share_on_mastodon":{"url":"https:\/\/pubeurope.com\/@fr\/114748096881118180","error":""},"_links":{"self":[{"href":"https:\/\/www.europesays.com\/fr\/wp-json\/wp\/v2\/posts\/205055","targetHints":{"allow":["GET"]}}],"collection":[{"href":"https:\/\/www.europesays.com\/fr\/wp-json\/wp\/v2\/posts"}],"about":[{"href":"https:\/\/www.europesays.com\/fr\/wp-json\/wp\/v2\/types\/post"}],"author":[{"embeddable":true,"href":"https:\/\/www.europesays.com\/fr\/wp-json\/wp\/v2\/users\/2"}],"replies":[{"embeddable":true,"href":"https:\/\/www.europesays.com\/fr\/wp-json\/wp\/v2\/comments?post=205055"}],"version-history":[{"count":0,"href":"https:\/\/www.europesays.com\/fr\/wp-json\/wp\/v2\/posts\/205055\/revisions"}],"wp:featuredmedia":[{"embeddable":true,"href":"https:\/\/www.europesays.com\/fr\/wp-json\/wp\/v2\/media\/205056"}],"wp:attachment":[{"href":"https:\/\/www.europesays.com\/fr\/wp-json\/wp\/v2\/media?parent=205055"}],"wp:term":[{"taxonomy":"category","embeddable":true,"href":"https:\/\/www.europesays.com\/fr\/wp-json\/wp\/v2\/categories?post=205055"},{"taxonomy":"post_tag","embeddable":true,"href":"https:\/\/www.europesays.com\/fr\/wp-json\/wp\/v2\/tags?post=205055"}],"curies":[{"name":"wp","href":"https:\/\/api.w.org\/{rel}","templated":true}]}}