{"id":205057,"date":"2025-06-26T05:49:25","date_gmt":"2025-06-26T05:49:25","guid":{"rendered":"https:\/\/www.europesays.com\/fr\/205057\/"},"modified":"2025-06-26T05:49:25","modified_gmt":"2025-06-26T05:49:25","slug":"intervention-des-pompiers-trafic-sncf-on-fait-le-point-apres-le-violent-orage-dans-la-region-de-rouen","status":"publish","type":"post","link":"https:\/\/www.europesays.com\/fr\/205057\/","title":{"rendered":"Intervention des pompiers, trafic SNCF&#8230; on fait le point apr\u00e8s le violent orage dans la r\u00e9gion de Rouen"},"content":{"rendered":"<p>            Par<br \/>\n        <strong><br \/>\n            <a href=\"https:\/\/actu.fr\/auteur\/vanessa-leroy\" title=\"Consulter tous les articles de Vanessa Leroy\" target=\"_blank\" rel=\"noopener\">Vanessa Leroy<\/a><br \/>\n        <\/strong><\/p>\n<p>        Publi\u00e9 le<\/p>\n<p>            26 juin 2025 \u00e0 6h42        <\/p>\n<p>L\u2019orage a \u00e9t\u00e9 de courte dur\u00e9e mais particuli\u00e8rement intense <strong>mercredi 25 juin 2025<\/strong>, vers 21h30 dans l\u2019agglom\u00e9ration de <a href=\"https:\/\/actu.fr\/76actu\/\" target=\"_blank\" rel=\"noopener\">Rouen<\/a>.<\/p>\n<p class=\" wall-content\">En l\u2019espace d\u2019une vingtaine de minutes seulement, <a href=\"https:\/\/actu.fr\/normandie\/rouen_76540\/rues-inondees-et-pluie-de-grelons-la-tempete-s-est-abattue-sur-rouen-les-images-du-phenomene_62826700.html\" target=\"_blank\" rel=\"noopener\">gr\u00eale et pluie<\/a>, accompagn\u00e9es de vents violents, sont tomb\u00e9es fortement, provoquant la <strong>chute d\u2019arbres et quelques inondations<\/strong>. Des gr\u00ealons gros comme des balles de golf ont \u00e9t\u00e9 observ\u00e9s. Rappelons que la Seine-Maritime avait \u00e9t\u00e9 plac\u00e9e en alerte orange \u00e0 partir de 21 heures.<\/p>\n<p class=\" wall-content\">\n<p class=\" wall-content\">A 7 heures ce jeudi matin, les sapeurs-pompiers ont \u00e9t\u00e9 d\u00e9p\u00each\u00e9s sur <strong>plus d\u2019une centaine d\u2019interventions dont quatre sont toujours en cours<\/strong>. Quatre postes de commandements ont \u00e9t\u00e9 install\u00e9s \u00e0 Rouen-Sud, Elbeuf, Aumale et Neufch\u00e2tel-en-Bray. Au total, 122 personnels du Service d\u2019incendie et de secours de la Seine-Maritime sont intervenus.<\/p>\n<p class=\" wall-content\">Le Sdis 76 indique qu\u2019il n\u2019y a pas eu d\u2019\u00e9v\u00e8nement majeur recens\u00e9.<\/p>\n<p>Les images de l\u2019orage<\/p>\n<p class=\" wall-content\">Vous avez \u00e9t\u00e9 nombreux \u00e0 nous partager des photos. En voici quelques-unes :<\/p>\n<p class=\" wall-content\">\n    <img   decoding=\"async\" loading=\"lazy\" src=\"https:\/\/www.europesays.com\/fr\/wp-content\/uploads\/2025\/06\/orage-amfreville-la-mivoie-960x640.jpg\" alt=\"A Amfreville-la-Mivoie.\" width=\"960\" height=\"640\"\/><br \/>\n    A Amfreville-la-Mivoie. (\u00a9Photo transmise par un lecteur)<br \/>\n    <img   decoding=\"async\" loading=\"lazy\" src=\"https:\/\/www.europesays.com\/fr\/wp-content\/uploads\/2025\/06\/orage-saint-etienne-du-rouvray-960x640.jpg\" alt=\"A Saint-Etienne-du-Rouvray.\" width=\"960\" height=\"640\"\/><br \/>\n    A Saint-Etienne-du-Rouvray. (\u00a9Photo transmise par un lecteur)<\/p>\n<p>    <a href=\"https:\/\/www.facebook.com\/plugins\/video.php?height=476&amp;href=https%3A%2F%2Fwww.facebook.com%2FInfosTraficRouen%2Fvideos%2F1458125688970964%2F&amp;show_text=false&amp;width=350&amp;t=0\" title=\"Ouvrie le lien\" target=\"_blank\" rel=\"noopener\">Cliquez ici pour visualiser le contenu<\/a><\/p>\n<p>Vid\u00e9os : en ce moment sur Actu<br \/>\n    <img   decoding=\"async\" loading=\"lazy\" src=\"https:\/\/www.europesays.com\/fr\/wp-content\/uploads\/2025\/06\/orage-rouen-960x640.jpg\" alt=\"En une vingtaine de minutes, gr\u00eale et pluie se sont notamment abattues sur la r\u00e9gion rouennaise.\" width=\"960\" height=\"640\"\/><br \/>\n    En une vingtaine de minutes, gr\u00eale et pluie se sont notamment abattues sur la r\u00e9gion rouennaise. (\u00a9Photo transmise par un lecteur)Le trafic SNCF interrompu entre Yvetot et Rouen<\/p>\n<p class=\" wall-content\">Sur les rails, <strong>le trafic SNCF est perturb\u00e9 ce jeudi matin<\/strong>. Ainsi, le trafic est interrompu entre Yvetot et Rouen, en direction de Yvetot, en raison d\u2019un arbre tomb\u00e9 sur les voies dans le secteur de Motteville. Des retards de 45 minutes sont pr\u00e9vus pour les premiers train de la journ\u00e9e.<\/p>\n<p class=\" wall-content\">\n<p>Suivez l\u2019actualit\u00e9 de Rouen <a href=\"https:\/\/www.whatsapp.com\/channel\/0029VaKfnf99hXF2ddApFB1D\" target=\"_blank\" rel=\"noopener\">sur notre cha\u00eene WhatsApp<\/a> et <a href=\"https:\/\/www.tiktok.com\/@76actu.fr?lang=fr\" target=\"_blank\" rel=\"noopener\">sur notre compte TikTok<\/a><\/p>\n<p class=\" wall-content\">Suivez toute l\u2019actualit\u00e9 de vos villes et m\u00e9dias favoris en vous inscrivant \u00e0 <a href=\"https:\/\/moncompte.actu.fr\" title=\"D\u00e9couvez Mon Actu\" rel=\"nofollow noopener\" data-trk=\"{&quot;cta&quot;:{&quot;action&quot;:&quot;https:\\\/\\\/moncompte.actu.fr&quot;,&quot;category&quot;:&quot;mon compte&quot;,&quot;from&quot;:&quot;article footer&quot;,&quot;name&quot;:&quot;Mon actu&quot;,&quot;type&quot;:&quot;cta&quot;}}\" target=\"_blank\">Mon Actu<\/a>.<\/p>\n<p>                    <script async src=\"\/\/www.tiktok.com\/embed.js\"><\/script><\/p>\n","protected":false},"excerpt":{"rendered":"Par Vanessa Leroy Publi\u00e9 le 26 juin 2025 \u00e0 6h42 L\u2019orage a \u00e9t\u00e9 de courte dur\u00e9e mais particuli\u00e8rement&hellip;\n","protected":false},"author":2,"featured_media":205058,"comment_status":"","ping_status":"","sticky":false,"template":"","format":"standard","meta":{"footnotes":""},"categories":[9587],"tags":[1111,11,1777,674,118,1011,27,3059,2357,12,5161,4594,25,9590],"class_list":{"0":"post-205057","1":"post","2":"type-post","3":"status-publish","4":"format-standard","5":"has-post-thumbnail","7":"category-rouen","8":"tag-actu","9":"tag-actualites","10":"tag-eu","11":"tag-europe","12":"tag-faits-divers","13":"tag-fr","14":"tag-france","15":"tag-intemperies","16":"tag-meteo-france","17":"tag-news","18":"tag-normandie","19":"tag-orages","20":"tag-republique-francaise","21":"tag-rouen"},"share_on_mastodon":{"url":"https:\/\/pubeurope.com\/@fr\/114748100828487270","error":""},"_links":{"self":[{"href":"https:\/\/www.europesays.com\/fr\/wp-json\/wp\/v2\/posts\/205057","targetHints":{"allow":["GET"]}}],"collection":[{"href":"https:\/\/www.europesays.com\/fr\/wp-json\/wp\/v2\/posts"}],"about":[{"href":"https:\/\/www.europesays.com\/fr\/wp-json\/wp\/v2\/types\/post"}],"author":[{"embeddable":true,"href":"https:\/\/www.europesays.com\/fr\/wp-json\/wp\/v2\/users\/2"}],"replies":[{"embeddable":true,"href":"https:\/\/www.europesays.com\/fr\/wp-json\/wp\/v2\/comments?post=205057"}],"version-history":[{"count":0,"href":"https:\/\/www.europesays.com\/fr\/wp-json\/wp\/v2\/posts\/205057\/revisions"}],"wp:featuredmedia":[{"embeddable":true,"href":"https:\/\/www.europesays.com\/fr\/wp-json\/wp\/v2\/media\/205058"}],"wp:attachment":[{"href":"https:\/\/www.europesays.com\/fr\/wp-json\/wp\/v2\/media?parent=205057"}],"wp:term":[{"taxonomy":"category","embeddable":true,"href":"https:\/\/www.europesays.com\/fr\/wp-json\/wp\/v2\/categories?post=205057"},{"taxonomy":"post_tag","embeddable":true,"href":"https:\/\/www.europesays.com\/fr\/wp-json\/wp\/v2\/tags?post=205057"}],"curies":[{"name":"wp","href":"https:\/\/api.w.org\/{rel}","templated":true}]}}