{"id":20506,"date":"2025-04-12T20:20:08","date_gmt":"2025-04-12T20:20:08","guid":{"rendered":"https:\/\/www.europesays.com\/fr\/20506\/"},"modified":"2025-04-12T20:20:08","modified_gmt":"2025-04-12T20:20:08","slug":"un-batiment-squatte-detruit-par-un-incendie-dans-le-14e-arrondissement-de-marseille","status":"publish","type":"post","link":"https:\/\/www.europesays.com\/fr\/20506\/","title":{"rendered":"Un b\u00e2timent squatt\u00e9 d\u00e9truit par un incendie dans le 14e arrondissement de Marseille"},"content":{"rendered":"<p>Il \u00e9tait environ 11h, ce matin du samedi 12 avril 2025, lorsqu&rsquo;une \u00e9paisse fum\u00e9e est apparue au dessus d&rsquo;un b\u00e2timent d&rsquo;un \u00e9tage situ\u00e9 sur le boulevard Daniele-Casanova, quartier du Canet, dans le 14e arrondissement de <a href=\"https:\/\/www.laprovence.com\/ville\/marseille\" target=\"_blank\" rel=\"nofollow noopener\">Marseille<\/a>.<\/p>\n<p>Imm\u00e9diatement, plusieurs dizaines de marins-pompiers ont \u00e9t\u00e9 d\u00e9p\u00each\u00e9s sur les lieux du sinistre, localis\u00e9 au premier \u00e9tage, dans un ensemble manifestement squatt\u00e9.<\/p>\n<p>L&rsquo;origine du feu reste \u00e0 d\u00e9terminer<\/p>\n<p>Dix personnes dont deux enfants ont \u00e9t\u00e9 mises en s\u00e9curit\u00e9 tandis que les flammes \u00e9taient combattues durant plusieurs heures, jusqu&rsquo;\u00e0 la s\u00e9curisation compl\u00e8te des lieux, en d\u00e9but d&rsquo;apr\u00e8s-midi.<\/p>\n<p>Par chance aucune victime n&rsquo;a \u00e9t\u00e9 a d\u00e9couverte, en d\u00e9pit d&rsquo;importants d\u00e9g\u00e2ts : les 80m\u00b2 de surface \u00e0 l&rsquo;\u00e9tage ont \u00e9t\u00e9 d\u00e9truits par les flammes et les fum\u00e9es.<\/p>\n<p>L&rsquo;origine de l&rsquo;incendie restait \u00e0 d\u00e9terminer.<\/p>\n","protected":false},"excerpt":{"rendered":"Il \u00e9tait environ 11h, ce matin du samedi 12 avril 2025, lorsqu&rsquo;une \u00e9paisse fum\u00e9e est apparue au dessus&hellip;\n","protected":false},"author":2,"featured_media":20507,"comment_status":"","ping_status":"","sticky":false,"template":"","format":"standard","meta":{"footnotes":""},"categories":[2814],"tags":[7788,17,1111,11,4807,1446,7787,1777,674,274,1011,27,1310,884,12,5912,882,25,7786],"class_list":{"0":"post-20506","1":"post","2":"type-post","3":"status-publish","4":"format-standard","5":"has-post-thumbnail","7":"category-marseille","8":"tag-14e","9":"tag-17","10":"tag-actu","11":"tag-actualites","12":"tag-batiment","13":"tag-dans","14":"tag-detruit","15":"tag-eu","16":"tag-europe","17":"tag-faits-divers-justice","18":"tag-fr","19":"tag-france","20":"tag-incendie","21":"tag-marseille","22":"tag-news","23":"tag-par","24":"tag-provence-alpes-cote-dazur","25":"tag-republique-francaise","26":"tag-squatte"},"share_on_mastodon":{"url":"https:\/\/pubeurope.com\/@fr\/114326852406832750","error":""},"_links":{"self":[{"href":"https:\/\/www.europesays.com\/fr\/wp-json\/wp\/v2\/posts\/20506","targetHints":{"allow":["GET"]}}],"collection":[{"href":"https:\/\/www.europesays.com\/fr\/wp-json\/wp\/v2\/posts"}],"about":[{"href":"https:\/\/www.europesays.com\/fr\/wp-json\/wp\/v2\/types\/post"}],"author":[{"embeddable":true,"href":"https:\/\/www.europesays.com\/fr\/wp-json\/wp\/v2\/users\/2"}],"replies":[{"embeddable":true,"href":"https:\/\/www.europesays.com\/fr\/wp-json\/wp\/v2\/comments?post=20506"}],"version-history":[{"count":0,"href":"https:\/\/www.europesays.com\/fr\/wp-json\/wp\/v2\/posts\/20506\/revisions"}],"wp:featuredmedia":[{"embeddable":true,"href":"https:\/\/www.europesays.com\/fr\/wp-json\/wp\/v2\/media\/20507"}],"wp:attachment":[{"href":"https:\/\/www.europesays.com\/fr\/wp-json\/wp\/v2\/media?parent=20506"}],"wp:term":[{"taxonomy":"category","embeddable":true,"href":"https:\/\/www.europesays.com\/fr\/wp-json\/wp\/v2\/categories?post=20506"},{"taxonomy":"post_tag","embeddable":true,"href":"https:\/\/www.europesays.com\/fr\/wp-json\/wp\/v2\/tags?post=20506"}],"curies":[{"name":"wp","href":"https:\/\/api.w.org\/{rel}","templated":true}]}}