{"id":205060,"date":"2025-06-26T05:51:18","date_gmt":"2025-06-26T05:51:18","guid":{"rendered":"https:\/\/www.europesays.com\/fr\/205060\/"},"modified":"2025-06-26T05:51:18","modified_gmt":"2025-06-26T05:51:18","slug":"pas-de-limites-au-copinage-pour-les-verts-lfi-a-grenoble","status":"publish","type":"post","link":"https:\/\/www.europesays.com\/fr\/205060\/","title":{"rendered":"PAS DE LIMITES AU COPINAGE POUR LES VERTS\/LFI \u00c0 GRENOBLE"},"content":{"rendered":"<p>Posted On 26 juin 2025 <\/p>\n<p style=\"text-align: justify;\" data-start=\"186\" data-end=\"447\"><a target=\"_blank\" href=\"https:\/\/www.placegrenet.fr\/2025\/06\/24\/restaurant-du-musee-de-grenoble-le-chef-christophe-aribert-ecarte-au-profit-de-lecocotte\/654695\" rel=\"noopener\">Un grand chef \u00e9toil\u00e9 \u00e9vinc\u00e9<\/a> sans explication et un restaurant municipal confi\u00e9 dans l\u2019opacit\u00e9 la plus totale \u00e0 une structure id\u00e9ologiquement proche : \u00e0 Grenoble, la majorit\u00e9 Verts\/LFI persiste dans le copinage et n&rsquo;apprend jamais de ses erreurs.<\/p>\n<p>UN CHEF \u00c9TOIL\u00c9 \u00c9CART\u00c9&#8230;<\/p>\n<p style=\"text-align: justify;\" data-start=\"186\" data-end=\"447\">La municipalit\u00e9 avait tent\u00e9 de planquer le sujet au milieu d&rsquo;une d\u00e9lib\u00e9ration sur les affaires culturelles pour faire passer la pilule en douce. Mais lundi, <a href=\"https:\/\/grenoble-le-changement.fr\/2025\/06\/24\/droit-dans-le-mur-la-trajectoire-financiere-de-piolle-ruffin-demontee\/\" target=\"_blank\" rel=\"noopener\">le conseil municipal<\/a> s&rsquo;est (une fois de plus) enflamm\u00e9 \u00e0 propos de la reprise du restaurant du Mus\u00e9e de Grenoble, pour lequel les \u00e9lus Piollistes ont d\u00e9cid\u00e9 d&rsquo;\u00e9carter la candidature de Christophe Aribert, chef \u00e9toil\u00e9 connu et reconnu, pour le confier \u00e0 la SARL \u00ab\u00a0L\u2019\u00c9cocotte\u00a0\u00bb&#8230;<\/p>\n<p><a href=\"https:\/\/i2.wp.com\/grenoble-le-changement.fr\/wp-content\/uploads\/2025\/06\/aribert-ecocotte.png?ssl=1\" rel=\"lightbox[82830] noopener\" target=\"_blank\"><img loading=\"lazy\" decoding=\"async\" class=\" wp-image-82860 jetpack-lazy-image\" src=\"https:\/\/i1.wp.com\/grenoble-le-changement.fr\/wp-content\/uploads\/2025\/06\/aribert-ecocotte-300x88.png?resize=678%2C199&amp;ssl=1\" alt=\"\" width=\"678\" height=\"199\" data-recalc-dims=\"1\" data-lazy-src=\"https:\/\/www.europesays.com\/fr\/wp-content\/uploads\/2025\/06\/aribert-ecocotte-300x88.png\" \/><\/a>Le Dauphin\u00e9 Lib\u00e9r\u00e9 du 24\/06\/25<br \/>\n&#8230; CAR IL FAUT AVANT TOUT PARLER AUX BOBOS<\/p>\n<p style=\"text-align: justify;\" data-start=\"186\" data-end=\"447\">Comprenez : <a target=\"_blank\" href=\"https:\/\/aiguillage.fr\/\" rel=\"noopener\">au c\u0153ur du quartier Berriat, l&rsquo;\u00e9cocotte<\/a> coche les cases que recherchent les Verts\/LFI, vantant la \u00ab\u00a0cuisine qui se marie \u00e0 la conscience \u00e9cologique\u00a0\u00bb et forc\u00e9ment \u00ab\u00a0l&rsquo;harmonie avec l&rsquo;environnement\u00a0\u00bb. Pour le restaurant du Mus\u00e9e, ils pr\u00e9voient une \u00ab\u00a0restauration gourmande, v\u00e9g\u00e9tale et engag\u00e9e, mobilisant les circuits courts et les fili\u00e8res \u00e9thiques\u00a0\u00bb.<\/p>\n<p style=\"text-align: justify;\" data-start=\"186\" data-end=\"447\">Plus s\u00e9duisant pour eux qu&rsquo;un chef \u00e9toil\u00e9 Michelin qui a prouv\u00e9 la solidit\u00e9 de son fonctionnement avec diff\u00e9rents restaurants. \u00c0 l&rsquo;ambition et aux mod\u00e8les qui tireraient Grenoble vers le haut, ils pr\u00e9f\u00e8rent le marketing \u00e9colo qui parle \u00e0 leur manne \u00e9lectorale.\u00a0<\/p>\n<p>UNE ATTRIBUTION D\u00c9CID\u00c9E EN TOUTE OPACIT\u00c9<\/p>\n<p style=\"text-align: justify;\" data-start=\"186\" data-end=\"447\">Pour l&rsquo;imposer, ils d\u00e9cident en solitaire : la d\u00e9cision d&rsquo;attribution a \u00e9t\u00e9 prise par un jury dont les \u00e9lus Verts\/LFI d\u00e9cident de la composition. Pour la forme, deux \u00e9lus \u00ab\u00a0d&rsquo;opposition\u00a0\u00bb y si\u00e9geaient : Hassen Bouzeghoub, \u00e9lu PS proche de <a href=\"https:\/\/grenoble-le-changement.fr\/2025\/05\/01\/amandine-germain-ps-deja-au-service-laurence-ruffin-verts\/\" target=\"_blank\" rel=\"noopener\">la cheffe de file socialiste Amandine Germain qui ambitionne d\u00e9j\u00e0 de rejoindre la candidate verte Laurence Ruffin<\/a>, et Pascal Clouaire, ex \u00e9lu Verts\/LFI exclu (le seul \u00e9lu \u00e0 voter contre le choix de l&rsquo;\u00e9cocotte). C&rsquo;est dire la diversit\u00e9 des personnalit\u00e9s qui participent au choix.<\/p>\n<p>LE RESTAURANT AVAIT \u00c9T\u00c9 CONFI\u00c9 \u00c0 MIXLAB&#8230;<\/p>\n<p style=\"text-align: justify;\" data-start=\"186\" data-end=\"447\">Les Piollistes r\u00e9p\u00e8tent les m\u00eames sch\u00e9mas encore et encore. <a href=\"https:\/\/grenoble-le-changement.fr\/2023\/03\/17\/laffaire-du-restaurant-le-5-empoisonne-piolle\/\" target=\"_blank\" rel=\"noopener\">Apr\u00e8s l&rsquo;\u00e9limination du restaurateur militant de la solidarit\u00e9 Pierre Pavy,<\/a> aujourd&rsquo;hui en conflit avec la ville \u00e0 qui la municipalit\u00e9 avait rendu l&rsquo;exploitation du restaurant invivable, les \u00e9lus avaient, par la m\u00eame proc\u00e9dure opaque, \u00e9cart\u00e9 la candidature du propri\u00e9taire de l&rsquo;Escalier, \u00e0 la gastronomie r\u00e9put\u00e9e, situ\u00e9 juste en face, pour attribuer les lieux \u00e0 Mixlab, sans exp\u00e9rience de restauration, dans laquelle on retrouve Pascal Auclair de l&rsquo;association Fus\u00e9es&#8230;<\/p>\n<p><a href=\"https:\/\/grenoble-le-changement.fr\/wp-content\/uploads\/2023\/10\/Restaurant-le-5-Musee-.webp\" target=\"_blank\" rel=\"noopener\"><img loading=\"lazy\" decoding=\"async\" class=\" wp-image-68635 jetpack-lazy-image\" src=\"https:\/\/grenoble-le-changement.fr\/wp-content\/uploads\/2023\/10\/Restaurant-le-5-Musee--300x127.webp\" alt=\"\" width=\"669\" height=\"283\" data-lazy-src=\"https:\/\/www.europesays.com\/fr\/wp-content\/uploads\/2025\/06\/Restaurant-le-5-Musee--300x127.webp\" \/><\/a>L&rsquo;affaire du Restaurant du Mus\u00e9e \u00ab\u00a0le 5\u00a0\u00bb tenu par Pierre Pavy, qui a d\u00fb jeter l&rsquo;\u00e9ponge face \u00e0 une municipalit\u00e9 incapable de s&rsquo;entendre pour organiser des travaux, est symptomatique de la brutalit\u00e9 du syst\u00e8me Piolle qui pr\u00e9f\u00e8re les tribunaux au dialogue.<br \/>\n&#8230; PROCHES DE L&rsquo;ASSOCIATION QUI ONT CONDUIT PIOLLE \u00c0 \u00caTRE CONDAMN\u00c9<\/p>\n<p style=\"text-align: justify;\" data-start=\"186\" data-end=\"447\">Un petit monde : Eric Piolle a \u00e9t\u00e9 <a href=\"https:\/\/grenoble-le-changement.fr\/2023\/09\/07\/eric-piolle-condamne-la-fin-du-regne\/\" target=\"_blank\" rel=\"noopener\">condamn\u00e9 pour favoritisme il y a 2 ans pour l&rsquo;attribution de march\u00e9s sans appels d&rsquo;offres<\/a> (l&rsquo;opacit\u00e9 est une r\u00e8gle de gestion chez les Verts\/LFI) \u00e0 cette association Fus\u00e9es. L&rsquo;id\u00e9e en confiant le restaurant du mus\u00e9e \u00e0 ces proches du microcosme Verts\/LFI \u00e9tait d\u00e9j\u00e0 de remplir les cases bobo-\u00e9colo, avec de la nourriture principalement v\u00e9g\u00e9tarienne, etc. C&rsquo;est \u00e0 chaque fois la m\u00eame chose, une tentative d&rsquo;uniformisation de la ville pour qu&rsquo;elle colle \u00e0 leurs dogmes.\u00a0<\/p>\n<p>LE RESTAURANT MET LA CL\u00c9 SOUS LA PORTE DEUX ANS APR\u00c8S SA REPRISE<\/p>\n<p style=\"text-align: justify;\" data-start=\"186\" data-end=\"447\">Le choix de Mixlab s&rsquo;est av\u00e9r\u00e9 une catastrophe : <a href=\"https:\/\/grenoble-le-changement.fr\/2025\/05\/08\/marches-sans-appel-doffres-la-municipalite-rouge-verts-persiste\/\" target=\"_blank\" rel=\"noopener\">le restaurant a ferm\u00e9 ses portes en avril dernier apr\u00e8s moins de deux ans d&rsquo;activit\u00e9<\/a> ! C&rsquo;\u00e9tait pr\u00e9visible et l&rsquo;opposition avait alert\u00e9 d\u00e8s le d\u00e9but sur les dangers de choisir une structure qui n&rsquo;a pas d&rsquo;exp\u00e9rience. Les Verts\/LFI n&rsquo;ont tir\u00e9 aucune cons\u00e9quence de leurs erreurs, aussi co\u00fbteuse soit-elles (500 000 \u20ac provisionn\u00e9s pour le contentieux qui les oppose \u00e0 Pierre Pavy, perte des loyers apr\u00e8s la cl\u00e9 sous la porte de MixLab malgr\u00e9 360 000 \u20ac investis dans les locaux pour des travaux&#8230;).\u00a0<\/p>\n<p><a href=\"https:\/\/i0.wp.com\/grenoble-le-changement.fr\/wp-content\/uploads\/2025\/04\/image0000001.jpg?ssl=1\" rel=\"lightbox[82830] noopener\" target=\"_blank\"><img loading=\"lazy\" decoding=\"async\" class=\" wp-image-81100 jetpack-lazy-image\" src=\"https:\/\/i0.wp.com\/grenoble-le-changement.fr\/wp-content\/uploads\/2025\/04\/image0000001.jpg?resize=471%2C628&amp;ssl=1\" alt=\"\" width=\"471\" height=\"628\" data-recalc-dims=\"1\" data-lazy-src=\"https:\/\/www.europesays.com\/fr\/wp-content\/uploads\/2025\/06\/image0000001.jpg\" \/><\/a>L&rsquo;association amie a vite fait faillite&#8230;<br \/>\nLES \u00ab\u00a0PETITES AFFAIRES ENTRE AMIS\u00a0\u00bb SONT LA R\u00c8GLE<\/p>\n<p style=\"text-align: justify;\" data-start=\"186\" data-end=\"447\">Ils recommencent avec le copinage en louced\u00e9 et des choix douteux sur le plan de la viabilit\u00e9 \u00e9conomique. Un fonctionnement qu&rsquo;ils ont \u00e9rig\u00e9 en r\u00e8gle, et qui leur a d\u00e9j\u00e0 valu plusieurs fois d&rsquo;\u00eatre rattrap\u00e9s par la patrouille.<\/p>\n<p style=\"text-align: justify;\" data-start=\"186\" data-end=\"447\"><a href=\"https:\/\/grenoble-le-changement.fr\/2024\/07\/15\/les-verts-ont-un-probleme-avec-le-favoritisme\/\" target=\"_blank\" rel=\"noopener\">L&rsquo;an dernier, le tribunal a annul\u00e9 une d\u00e9lib\u00e9ration attribuant \u00e0 moiti\u00e9 prix un terrain \u00e0 deux familles pour un projet d&rsquo;habitat participatif<\/a> qui n&rsquo;a jamais vu le jour. Une d\u00e9lib\u00e9ration qui avait \u00ab\u00a0toute la saveur d\u2019un d\u00e9lit de favoritisme\u00a0\u00bb, faisant un cadeau \u00e0 \u00ab\u00a0une cat\u00e9gorie sociologiquement proche de cette majorit\u00e9 municipale. Peut-\u00eatre m\u00eame des amis \u00e0 des adjoints, je ne peux pas l\u2019affirmer\u00a0\u00bb expliquaient les requ\u00e9rants, quand le rapporteur public parlait carr\u00e9ment de \u00ab\u00a0petite affaire entre amis\u00a0\u00bb !<\/p>\n<p><a href=\"https:\/\/i0.wp.com\/grenoble-le-changement.fr\/wp-content\/uploads\/2024\/07\/4-rue-moyrand-projet.png?ssl=1\" rel=\"lightbox[82830] noopener\" target=\"_blank\"><img loading=\"lazy\" decoding=\"async\" class=\" wp-image-75121 jetpack-lazy-image\" src=\"https:\/\/i0.wp.com\/grenoble-le-changement.fr\/wp-content\/uploads\/2024\/07\/4-rue-moyrand-projet.png?resize=678%2C326&amp;ssl=1\" alt=\"\" width=\"678\" height=\"326\" data-recalc-dims=\"1\" data-lazy-src=\"https:\/\/www.europesays.com\/fr\/wp-content\/uploads\/2025\/06\/4-rue-moyrand-projet.png\" \/><\/a>Le projet d&rsquo;habitat participatif rue Moyrand &#8230; Un joli cadeau aux deux couples b\u00e9n\u00e9ficiaires.<br \/>\nL&rsquo;ATTRIBUTION D&rsquo;UN TERRAIN \u00c0 UN SOUTIEN ANNUL\u00c9E<\/p>\n<p style=\"text-align: justify;\" data-start=\"186\" data-end=\"447\">Ce n&rsquo;\u00e9tait pas une premi\u00e8re puisque <a target=\"_blank\" href=\"https:\/\/www.placegrenet.fr\/2018\/07\/27\/vente-par-la-ville-de-grenoble-dun-terrain-de-50-m2-le-groupe-ensemble-a-gauche-depose-un-recours\/529484\" rel=\"noopener\">un pr\u00e9c\u00e9dent dossier d&rsquo;attribution de terrain, tout aussi grossier si ce n&rsquo;est plus, avait d\u00e9j\u00e0 \u00e9t\u00e9 annul\u00e9 par les juges<\/a>.\u00a0Il s&rsquo;agissait de la vente, Quai Perri\u00e8re, d&rsquo;un terrain de 50m2 \u00e0 un prix l\u00e0-aussi d\u00e9risoire \u00e0 une personnalit\u00e9 grenobloise, Pierre Rostaing. Celui-ci est un soutien publiquement affich\u00e9 des Verts\/LFI.\u00a0<\/p>\n<p>LES VERTS ONT-ILS UN PROBL\u00c8ME AVEC LE FAVORITISME ?<\/p>\n<p style=\"text-align: justify;\" data-start=\"186\" data-end=\"447\">On pourrait encore citer le cas de \u00a0<a href=\"https:\/\/grenoble-le-changement.fr\/2023\/02\/13\/marches-sans-appel-doffre-letau-se-resserre-sur-e-piolle\/\" target=\"_blank\" rel=\"noopener\">l&rsquo;enqu\u00eate ouverte en 2023 pour \u00ab\u00a0soup\u00e7ons de favoritisme\u00a0\u00bb<\/a> pour des march\u00e9s sans appel d&rsquo;offres entre le CCAS de la ville et la soci\u00e9t\u00e9 de transport Toutenv\u00e9lo, pr\u00e9sid\u00e9e par J\u00e9r\u00f4me Cucarollo, \u00e9lu Vert au d\u00e9partement en concubinage avec Margot Belair, l&rsquo;adjointe Verte \u00e0 l&rsquo;urbanisme. Ou de <a href=\"https:\/\/grenoble-le-changement.fr\/2024\/07\/04\/klauss-habfast-adjoint-au-maire-condamne-pour-favoritisme\/\" target=\"_blank\" rel=\"noopener\">l&rsquo;\u00e9lu Verts\/LFI Claus Habfast condamn\u00e9 pour favoritisme<\/a> (comme son Maire !) pour des march\u00e9s de s\u00e9curit\u00e9 et \u00e9lectricit\u00e9 lorsqu&rsquo;il pr\u00e9sidait le parc \u00e9v\u00e9nementiel de Grenoble.<\/p>\n<p><a href=\"https:\/\/i1.wp.com\/grenoble-le-changement.fr\/wp-content\/uploads\/2024\/07\/habfast.png?ssl=1\" rel=\"lightbox[82830] noopener\" target=\"_blank\"><img loading=\"lazy\" decoding=\"async\" class=\" wp-image-74915 jetpack-lazy-image\" src=\"https:\/\/i1.wp.com\/grenoble-le-changement.fr\/wp-content\/uploads\/2024\/07\/habfast.png?resize=591%2C343&amp;ssl=1\" alt=\"\" width=\"591\" height=\"343\" data-recalc-dims=\"1\" data-lazy-src=\"https:\/\/www.europesays.com\/fr\/wp-content\/uploads\/2025\/06\/habfast.png\" \/><\/a>Le favoritisme est-il une sp\u00e9cialit\u00e9 grenobloise ?<br \/>\nLES \u00ab\u00a0APPELS \u00c0 PROJETS\u00a0\u00bb POUR CHOISIR QUI ILS VEULENT<\/p>\n<p style=\"text-align: justify;\" data-start=\"186\" data-end=\"447\">Plus insidieux, les Piollistes ont institu\u00e9 le fonctionnement par \u00ab\u00a0appels \u00e0 projets\u00a0\u00bb plut\u00f4t que par appels d&rsquo;offres ouverts. Ce qui leur permet de s&rsquo;affranchir des r\u00e8gles strictes de cette proc\u00e9dure <a href=\"https:\/\/grenoble-le-changement.fr\/2025\/01\/09\/lopacite-de-gestion-du-patrimoine-grenoblois\/\" target=\"_blank\" rel=\"noopener\">pour choisir \u00e0 leur guise les op\u00e9rateurs de leur choix<\/a>. C&rsquo;est ainsi qu&rsquo;ils ont attribu\u00e9 des \u00e9difices comme la chapelle des P\u00e9nitents rue Voltaire, la Maison Gavin au jardin de ville, l&rsquo;Orangerie boulevard Jean Pain, le couvent des Minimes rue Tr\u00e8s Cloitres&#8230; <a href=\"https:\/\/grenoble-le-changement.fr\/2025\/01\/09\/lopacite-de-gestion-du-patrimoine-grenoblois\/\" target=\"_blank\" rel=\"noopener\">Le devenir du patrimoine grenoblois<\/a> est d\u00e9cid\u00e9 en toute opacit\u00e9 par une poign\u00e9e d&rsquo;\u00e9lus, avec toujours cet objectif de coller au discours vert qu&rsquo;ils veulent imposer partout.<\/p>\n<p>LES GRENOBLOIS PEUVENT METTRE FIN AU COPINAGE<\/p>\n<p style=\"text-align: justify;\" data-start=\"186\" data-end=\"447\">Lundi, la d\u00e9lib\u00e9ration d&rsquo;attribution du restaurant \u00e0 l&rsquo;\u00e9cocotte a aussi \u00e9t\u00e9 le th\u00e9\u00e2tre d&rsquo;un nouveau plantage de <a href=\"https:\/\/grenoble-le-changement.fr\/2024\/02\/14\/culture-a-grenoble-nouveau-crash-de-lucille-lheureux\/\" target=\"_blank\" rel=\"noopener\">l&rsquo;adjointe-catastrophe Lucille Lheureux<\/a>. C&rsquo;est en effet elle qui a cit\u00e9 en conseil municipal le chef Aribert \u00e9cart\u00e9 par le jury&#8230; alors que les membres du jury, dont elle fait partie, sont tenus \u00e0 la confidentialit\u00e9 et n&rsquo;auraient pas d\u00fb intervenir sur la d\u00e9lib\u00e9ration. De quoi faire annuler l&rsquo;attribution en cas de contestation devant le tribunal administratif ?\u00a0<\/p>\n<p style=\"text-align: justify;\" data-start=\"186\" data-end=\"447\">L&rsquo;avenir nous le dira. Mais les Grenoblois qui souhaitent en finir d\u00e9finitivement avec ces m\u00e9thodes, cette volont\u00e9 d&rsquo;uniformisation de la ville par tous les bouts, ce copinage insupportable que les \u00e9lus planquent derri\u00e8re un vernis \u00e9colo-bobo, ont un moyen simple d&rsquo;agir en mars 2026 : en se rendant aux urnes pour voter pour la fin de ce syst\u00e8me.<\/p>\n<p>\u00a0<\/p>\n","protected":false},"excerpt":{"rendered":"Posted On 26 juin 2025 Un grand chef \u00e9toil\u00e9 \u00e9vinc\u00e9 sans explication et un restaurant municipal confi\u00e9 dans&hellip;\n","protected":false},"author":2,"featured_media":83913,"comment_status":"","ping_status":"","sticky":false,"template":"","format":"standard","meta":{"footnotes":""},"categories":[9566],"tags":[1111,11,14001,2430,34391,34392,9607,1777,674,1011,27,2731,10609,34393,10136,10612,10613,12,19253,9609,19254,34394,25],"class_list":{"0":"post-205060","1":"post","2":"type-post","3":"status-publish","4":"format-standard","5":"has-post-thumbnail","7":"category-grenoble","8":"tag-actu","9":"tag-actualites","10":"tag-amandine-germain","11":"tag-auvergne-rhone-alpes","12":"tag-christophe-aribert","13":"tag-claus-habfast","14":"tag-eric-piolle","15":"tag-eu","16":"tag-europe","17":"tag-fr","18":"tag-france","19":"tag-grenoble","20":"tag-hassen-bouzeghoub","21":"tag-jerome-cucarollo","22":"tag-laurence-ruffin","23":"tag-lucille-lheureux","24":"tag-margot-belair","25":"tag-news","26":"tag-pascal-auclair","27":"tag-pascal-clouaire","28":"tag-pierre-pavy","29":"tag-pierre-rostaing","30":"tag-republique-francaise"},"share_on_mastodon":{"url":"https:\/\/pubeurope.com\/@fr\/114748108622114243","error":""},"_links":{"self":[{"href":"https:\/\/www.europesays.com\/fr\/wp-json\/wp\/v2\/posts\/205060","targetHints":{"allow":["GET"]}}],"collection":[{"href":"https:\/\/www.europesays.com\/fr\/wp-json\/wp\/v2\/posts"}],"about":[{"href":"https:\/\/www.europesays.com\/fr\/wp-json\/wp\/v2\/types\/post"}],"author":[{"embeddable":true,"href":"https:\/\/www.europesays.com\/fr\/wp-json\/wp\/v2\/users\/2"}],"replies":[{"embeddable":true,"href":"https:\/\/www.europesays.com\/fr\/wp-json\/wp\/v2\/comments?post=205060"}],"version-history":[{"count":0,"href":"https:\/\/www.europesays.com\/fr\/wp-json\/wp\/v2\/posts\/205060\/revisions"}],"wp:featuredmedia":[{"embeddable":true,"href":"https:\/\/www.europesays.com\/fr\/wp-json\/wp\/v2\/media\/83913"}],"wp:attachment":[{"href":"https:\/\/www.europesays.com\/fr\/wp-json\/wp\/v2\/media?parent=205060"}],"wp:term":[{"taxonomy":"category","embeddable":true,"href":"https:\/\/www.europesays.com\/fr\/wp-json\/wp\/v2\/categories?post=205060"},{"taxonomy":"post_tag","embeddable":true,"href":"https:\/\/www.europesays.com\/fr\/wp-json\/wp\/v2\/tags?post=205060"}],"curies":[{"name":"wp","href":"https:\/\/api.w.org\/{rel}","templated":true}]}}